{"id":666815,"date":"2026-09-04T11:04:17","date_gmt":"2026-09-04T11:04:17","guid":{"rendered":"https:\/\/www.europesays.com\/pl\/666815\/"},"modified":"2026-09-04T11:04:17","modified_gmt":"2026-09-04T11:04:17","slug":"tusk-juz-dawno-kaczynski-nie-oklaskiwal-mnie-na-stojaco","status":"publish","type":"post","link":"https:\/\/www.europesays.com\/pl\/666815\/","title":{"rendered":"Tusk: Ju\u017c dawno Kaczy\u0144ski nie oklaskiwa\u0142 mnie na stoj\u0105co"},"content":{"rendered":"\n<p>&#13;<br \/>\nW pi\u0105tek odby\u0142o si\u0119 g\u0142osowanie nad odrzuceniem weta prezydenta w\u00a0sprawie ustawy o\u00a0kryptoaktywach. Wcze\u015bniej g\u0142os z\u00a0m\u00f3wnicy sejmowej zabra\u0142 szef Kancelarii Prezydenta. \u2013\u00a0Pose\u0142 Giertych pyta\u0142 mnie o\u00a0moje powi\u0105zania z\u00a0Kralem, cz\u0142owiekiem, kt\u00f3rego nie\u00a0widzia\u0142em, nie\u00a0rozmawia\u0142em, nie\u00a0mam z\u00a0nim \u017cadnego kontaktu. To\u00a0ja dzisiaj pytam pana, panie premierze Tusk, i\u00a0pytam pana, panie mecenasie Giertych, czy\u00a0wtedy, kiedy zadawa\u0142 mi pan to\u00a0sugeruj\u0105ce, k\u0142amliwe pytanie, tylko po\u00a0to, \u017ceby zasia\u0107 w\u0105tpliwo\u015b\u0107, w\u00a0spos\u00f3b bezczelny i\u00a0k\u0142amliwy, czy\u00a0pan ju\u017c wtedy kontaktowa\u0142 si\u0119 z\u00a0Kralem? \u2013\u00a0m\u00f3wi\u0142 Zbigniew Bogucki. &#13;\n<\/p>\n<p>&#13;<br \/>\n\u2013 Kiedy pan nawi\u0105za\u0142 kontakt z\u00a0Kralem? Dlaczego zdecydowa\u0142 si\u0119 pan \u2013\u00a0i\u00a0to pokazuje kolejny akt hipokryzji \u2013\u00a0zosta\u0107 obro\u0144c\u0105 cz\u0142owieka, o\u00a0kt\u00f3rym pana premier, Donald Tusk, m\u00f3wi, \u017ce\u00a0jest cz\u0142owiekiem ruskiej mafii? \u2013\u00a0zapyta\u0142. &#13;\n<\/p>\n<p>Tusk zaczepi\u0142 Kaczy\u0144skiego. &#8222;Dzi\u0119kuj\u0119 za\u00a0uznanie&#8221;<\/p>\n<p>&#13;<br \/>\nGdy Bogucki zako\u0144czy\u0142 swoje wyst\u0105pienie, z\u00a0\u0142aw zajmowanych przez pos\u0142\u00f3w Prawa i\u00a0Sprawiedliwo\u015bci rozleg\u0142y si\u0119 brawa. Parlamentarzy\u015bci PiS wstali z\u00a0miejsc i\u00a0zacz\u0119li skandowa\u0107: &#8222;Mafia ruska \u2013\u00a0ludzie Tuska!&#8221;. Po\u00a0chwili na\u00a0m\u00f3wnic\u0119 sejmow\u0105 wszed\u0142 premier Donald Tusk. &#13;\n<\/p>\n<p>&#13;<br \/>\n\u2013 Dzi\u0119kuj\u0119 za\u00a0uznanie i\u00a0za oklaski na\u00a0stoj\u0105co. Ju\u017c dawno Jaros\u0142aw Kaczy\u0144ski nie\u00a0oklaskiwa\u0142 mnie na\u00a0stoj\u0105co. Mo\u017cna siedzie\u0107 \u2013\u00a0skomentowa\u0142 szef rz\u0105du. &#13;\n<\/p>\n<p>&#8222;To ju\u017c wiemy od\u00a0dawna&#8221;. Tusk o\u00a0Boguckim<\/p>\n<p>&#13;<br \/>\nP\u00f3\u017aniej odni\u00f3s\u0142 si\u0119 do\u00a0wyst\u0105pienia Boguckiego. \u2013\u00a0Panie ministrze, to, \u017ce\u00a0jest pan \u017ale wychowanym cz\u0142owiekiem i\u00a0nie odr\u00f3\u017cnia pan opinii od\u00a0epitet\u00f3w, to\u00a0ju\u017c wiemy od\u00a0dawna. To, \u017ce\u00a0jest pan mistrzem hipokryzji i\u00a0fa\u0142szu, to\u00a0wie ca\u0142a Polska. Utalentowanym, bez w\u0105tpienia. Ale\u00a0w\u00a0tej sprawie nawet najwi\u0119ksze umiej\u0119tno\u015bci retoryczne i\u00a0tak nie\u00a0zmieniaj\u0105 tego kluczowego faktu \u2013\u00a0dlaczego jeste\u015bcie przeciwko ustawie, kt\u00f3ra umo\u017cliwi pa\u0144stwu elementarny nadz\u00f3r nad rynkiem kryptowalut i\u00a0w\u00a0przysz\u0142o\u015bci zabezpieczy pa\u0144stwo polskie i\u00a0inwestor\u00f3w indywidualnych przed tego typu machinacjami, jakie by\u0142y udzia\u0142em Zondacrypto? \u2013\u00a0powiedzia\u0142. &#13;\n<\/p>\n<p>&#13;<br \/>\n<img decoding=\"async\" alt=\"\" src=\"https:\/\/www.europesays.com\/pl\/wp-content\/uploads\/2026\/09\/1788519857_226_player-ratio.png\"\/>&#13;\n<\/p>\n<p>&#13;<br \/>\nOstatecznie Sejm <a href=\"https:\/\/dorzeczy.pl\/kraj\/938080\/trzecia-proba-odrzucenia-weta-prezydenta-sejm-zaglosowal.html\" rel=\"nofollow noopener\" target=\"_blank\">nie odrzuci\u0142<\/a> prezydenckiego weta ws. ustawy o\u00a0kryptowalutach. Decyzja Karola Nawrockiego pozosta\u0142a w\u00a0mocy. &#13;\n<\/p>\n<p>&#13;<br \/>\n   Czytaj te\u017c:<br \/><a href=\"https:\/\/dorzeczy.pl\/opinie\/938074\/czarzasty-do-boguckiego-niech-pan-poucza-swojego-szefa.html\" rel=\"follow nofollow noopener\" data-schema=\"DORZECZY\" data-image=\"https:\/\/img.dorzeczy.pl\/_thumb\/4b\/xx\/dfe0b5d02a9bb9a5340295954e46.jpeg\" target=\"_blank\">Bogucki kontra Czarzasty. &#8222;Niech pan poucza swojego szefa&#8221;<\/a>   Czytaj te\u017c:<br \/><a href=\"https:\/\/dorzeczy.pl\/kraj\/938104\/bogucki-uderza-w-tuska-pan-jest-kryptopremierem.html\" rel=\"follow nofollow noopener\" data-schema=\"DORZECZY\" data-image=\"https:\/\/img.dorzeczy.pl\/_thumb\/28\/e8\/92e6afbe288babc0a5c96784e468.jpeg\" target=\"_blank\">Bogucki uderza w\u00a0Tuska. &#8222;To\u00a0jest kryptopa\u0144stwo, a\u00a0pan jest kryptopremierem&#8221;<\/a>&#13;<\/p>\n","protected":false},"excerpt":{"rendered":"&#13; W pi\u0105tek odby\u0142o si\u0119 g\u0142osowanie nad odrzuceniem weta prezydenta w\u00a0sprawie ustawy o\u00a0kryptoaktywach. Wcze\u015bniej g\u0142os z\u00a0m\u00f3wnicy sejmowej zabra\u0142&hellip;\n","protected":false},"author":2,"featured_media":666816,"comment_status":"","ping_status":"","sticky":false,"template":"","format":"standard","meta":{"footnotes":"","_share_on_mastodon":"0"},"categories":[62713],"tags":[662,1345,98,4110,49,102,423,99],"class_list":["post-666815","post","type-post","status-publish","format-standard","has-post-thumbnail","category-donald-tusk","tag-dawid-sienkowski","tag-donald-tusk","tag-dorzeczy","tag-kaczynski","tag-kraj","tag-opinie","tag-sejm","tag-tusk"],"share_on_mastodon":{"url":"https:\/\/pubeurope.com\/@pl\/117212445466668830","error":""},"_links":{"self":[{"href":"https:\/\/www.europesays.com\/pl\/wp-json\/wp\/v2\/posts\/666815","targetHints":{"allow":["GET"]}}],"collection":[{"href":"https:\/\/www.europesays.com\/pl\/wp-json\/wp\/v2\/posts"}],"about":[{"href":"https:\/\/www.europesays.com\/pl\/wp-json\/wp\/v2\/types\/post"}],"author":[{"embeddable":true,"href":"https:\/\/www.europesays.com\/pl\/wp-json\/wp\/v2\/users\/2"}],"replies":[{"embeddable":true,"href":"https:\/\/www.europesays.com\/pl\/wp-json\/wp\/v2\/comments?post=666815"}],"version-history":[{"count":0,"href":"https:\/\/www.europesays.com\/pl\/wp-json\/wp\/v2\/posts\/666815\/revisions"}],"wp:featuredmedia":[{"embeddable":true,"href":"https:\/\/www.europesays.com\/pl\/wp-json\/wp\/v2\/media\/666816"}],"wp:attachment":[{"href":"https:\/\/www.europesays.com\/pl\/wp-json\/wp\/v2\/media?parent=666815"}],"wp:term":[{"taxonomy":"category","embeddable":true,"href":"https:\/\/www.europesays.com\/pl\/wp-json\/wp\/v2\/categories?post=666815"},{"taxonomy":"post_tag","embeddable":true,"href":"https:\/\/www.europesays.com\/pl\/wp-json\/wp\/v2\/tags?post=666815"}],"curies":[{"name":"wp","href":"https:\/\/api.w.org\/{rel}","templated":true}]}}