{"id":666831,"date":"2026-09-04T11:18:10","date_gmt":"2026-09-04T11:18:10","guid":{"rendered":"https:\/\/www.europesays.com\/pl\/666831\/"},"modified":"2026-09-04T11:18:10","modified_gmt":"2026-09-04T11:18:10","slug":"oficjalnie-kadra-lecha-poznan-na-lige-europy-jedna-zmiana","status":"publish","type":"post","link":"https:\/\/www.europesays.com\/pl\/666831\/","title":{"rendered":"OFICJALNIE: Kadra Lecha Pozna\u0144 na Lig\u0119 Europy. Jedna zmiana"},"content":{"rendered":"\n<p class=\"lead\"> Lech Pozna\u0144 w sezonie 2026\/2027 zagra w fazie ligowej Ligi Europy. Wiadomo ju\u017c, na jakich zawodnik\u00f3w b\u0119dzie m\u00f3g\u0142 postawi\u0107 Niels Frederiksen w tych rozgrywkach. <\/p>\n<p>\u201eKolejorz\u201d po wstydliwym odpadni\u0119ciu z eliminacji Ligi Mistrz\u00f3w z Aarhus zrealizowa\u0142 plan B i dosta\u0142 si\u0119 do fazy ligowej Ligi Europy, pokonuj\u0105c odpowiednio\u00a0K\u00cd Klaksv\u00edk i FC Thun.<\/p>\n<p>W samej LE podopieczni Nielsa Frederiksena zmierz\u0105 si\u0119 z\u00a0Crystal Palace,\u00a0Bayerem 04 Leverkusen,\u00a0Sunderlandem, Benfic\u0105,\u00a0Royale Union Saint-Gilloise,\u00a0Ferencv\u00e1rosem,\u00a0Torreense oraz\u00a0OFI Crete.<\/p>\n<p>W kadrze Lecha na faz\u0119 ligow\u0105 dosz\u0142o jednej zmiany wzgl\u0119dem ostatniej rundy eliminacji. Wytransferowanego do Udinese Bartosza Mrozka zast\u0105pi\u0142 Ali\u00a0Gholizadeh, walcz\u0105cy o powr\u00f3t do zdrowia po zerwaniu wi\u0119zad\u0142a krzy\u017cowego.   <\/p>\n<p> Popularne <\/p>\n<\/p>\n<p>Mistrzowie Polski zmierz\u0105 si\u0119 z Crystal Palace, zwyci\u0119zc\u0105 Ligi Konferencji, ju\u017c w czwartek, 17 wrze\u015bnia. Pocz\u0105tek spotkania na\u00a0Selhurst Park zaplanowano na 21:00.<\/p>\n<p>***<\/p>\n<p>Kadra Lecha Pozna\u0144 na faz\u0119 ligow\u0105 Ligi Europy<\/p>\n<p>Bramkarze: Lis, Obremski*, Pruchniewski*.<\/p>\n<p>Obro\u0144cy: Pereira, Douglas, Moutinho, Gumny, Yegbe, Skrzypczak, Gurgul*, Mo\u0144ka*, Janyszka*.<\/p>\n<p>Pomocnicy: Berggren, Gholizadeh, Bengtsson, Pablo Rodr\u00edguez, Murawski, Jagie\u0142\u0142o, Kozubal, Palma, Delikat*.<\/p>\n<p>Napastnicy: Agnero, Ishak, W\u00e5lemark, H\u00e5kans, Sayyadmanesh, Szymczak*.<\/p>\n<p>* &#8211; pi\u0142karze zarejestrowani na li\u015bcie B (U-21)<\/p>\n","protected":false},"excerpt":{"rendered":"Lech Pozna\u0144 w sezonie 2026\/2027 zagra w fazie ligowej Ligi Europy. Wiadomo ju\u017c, na jakich zawodnik\u00f3w b\u0119dzie m\u00f3g\u0142&hellip;\n","protected":false},"author":2,"featured_media":666832,"comment_status":"","ping_status":"","sticky":false,"template":"","format":"standard","meta":{"footnotes":"","_share_on_mastodon":"0"},"categories":[51609],"tags":[42,38,40,39,41,1817],"class_list":["post-666831","post","type-post","status-publish","format-standard","has-post-thumbnail","category-poznan","tag-pl","tag-poland","tag-polish","tag-polska","tag-polski","tag-poznan"],"share_on_mastodon":{"url":"https:\/\/pubeurope.com\/@pl\/117212499413419657","error":""},"_links":{"self":[{"href":"https:\/\/www.europesays.com\/pl\/wp-json\/wp\/v2\/posts\/666831","targetHints":{"allow":["GET"]}}],"collection":[{"href":"https:\/\/www.europesays.com\/pl\/wp-json\/wp\/v2\/posts"}],"about":[{"href":"https:\/\/www.europesays.com\/pl\/wp-json\/wp\/v2\/types\/post"}],"author":[{"embeddable":true,"href":"https:\/\/www.europesays.com\/pl\/wp-json\/wp\/v2\/users\/2"}],"replies":[{"embeddable":true,"href":"https:\/\/www.europesays.com\/pl\/wp-json\/wp\/v2\/comments?post=666831"}],"version-history":[{"count":0,"href":"https:\/\/www.europesays.com\/pl\/wp-json\/wp\/v2\/posts\/666831\/revisions"}],"wp:featuredmedia":[{"embeddable":true,"href":"https:\/\/www.europesays.com\/pl\/wp-json\/wp\/v2\/media\/666832"}],"wp:attachment":[{"href":"https:\/\/www.europesays.com\/pl\/wp-json\/wp\/v2\/media?parent=666831"}],"wp:term":[{"taxonomy":"category","embeddable":true,"href":"https:\/\/www.europesays.com\/pl\/wp-json\/wp\/v2\/categories?post=666831"},{"taxonomy":"post_tag","embeddable":true,"href":"https:\/\/www.europesays.com\/pl\/wp-json\/wp\/v2\/tags?post=666831"}],"curies":[{"name":"wp","href":"https:\/\/api.w.org\/{rel}","templated":true}]}}