{"id":66687,"date":"2025-10-24T17:50:10","date_gmt":"2025-10-24T17:50:10","guid":{"rendered":"https:\/\/www.europesays.com\/pl\/66687\/"},"modified":"2025-10-24T17:50:10","modified_gmt":"2025-10-24T17:50:10","slug":"rosyjskie-drony-tropia-ukrainskich-rolnikow-kolejna-zbrodnia-wojenna","status":"publish","type":"post","link":"https:\/\/www.europesays.com\/pl\/66687\/","title":{"rendered":"Rosyjskie drony tropi\u0105 ukrai\u0144skich rolnik\u00f3w. &#8222;Kolejna zbrodnia wojenna&#8221;"},"content":{"rendered":"<p>Co musisz wiedzie\u0107?<\/p>\n<ul>\n<li>Nagranie pochodzi z\u00a0obwodu donieckiego, opublikowano je 23 pa\u017adziernika.<\/li>\n<li>Na filmie rosyjski dron \u015bciga ukrai\u0144skich rolnik\u00f3w.<\/li>\n<li>Incydent uznano za kolejny w\u00a0serii zbrodni wojennych.<\/li>\n<\/ul>\n<p>Ukrai\u0144ska armia opublikowa\u0142a nagranie przedstawiaj\u0105ce, jak rosyjski dron FPV \u015bledzi ukrai\u0144skich rolnik\u00f3w w\u00a0obwodzie donieckim. Film, opublikowany na Facebooku przez 12. Brygad\u0119 Azow, ukazuje czterech m\u0119\u017cczyzn uciekaj\u0105cych z\u00a0pola, porzucaj\u0105c swoje narz\u0119dzia pracy. Brygada Azow oskar\u017ca rosyjskich operator\u00f3w o\u00a0urz\u0105dzanie &#8222;safari&#8221; na cywilnych mieszka\u0144c\u00f3w.<\/p>\n<p>&#8222;Putin boi si\u0119 ko\u0144ca wojny&#8221;. Analityk o\u00a0przed\u0142u\u017caj\u0105cym si\u0119 konflikcie <\/p>\n<p>Incydent ten wpisuje si\u0119 w\u00a0dobrze udokumentowan\u0105 praktyk\u0119 rosyjskiego ostrza\u0142u cywil\u00f3w za pomoc\u0105 dron\u00f3w, szczeg\u00f3lnie w\u00a0miastach takich jak Cherso\u0144. Materia\u0142 wideo ko\u0144czy si\u0119 sugesti\u0105, \u017ce dron uderza w\u00a0ci\u0119\u017car\u00f3wk\u0119 zaparkowan\u0105 na polu. Na razie &#8222;Kyiv Independent&#8221; nie zdo\u0142a\u0142 zweryfikowa\u0107 autentyczno\u015bci nagrania.<\/p>\n<p>&#8222;To kolejna zbrodnia wojenna, kt\u00f3ra dodaje si\u0119 do listy dziesi\u0105tek tysi\u0119cy innych narusze\u0144 zasad i\u00a0zwyczaj\u00f3w wojny przez okupant\u00f3w&#8221; &#8211;\u00a0o\u015bwiadczy\u0142 Azow.<\/p>\n<p>Coraz cz\u0119\u015bciej pojawiaj\u0105 si\u0119 doniesienia o\u00a0kontynuacji rosyjskich zbrodni wojennych w\u00a0Ukrainie. Jak podaje prokuratura obwodu donieckiego, rosyjscy \u017co\u0142nierze zamordowali co najmniej czterech cywil\u00f3w ukrywaj\u0105cych si\u0119 w\u00a0piwnicach we wsi Zwani\u00f3wka. Incydent ten mia\u0142 miejsce 20 pa\u017adziernika, kiedy to rosyjskie wojska usi\u0142owa\u0142y zdoby\u0107 informacje o\u00a0ukrai\u0144skich pozycjach.<\/p>\n<p>Na domiar z\u0142ego, kolejne raporty dotycz\u0105ce u\u017cycia dron\u00f3w i\u00a0innych narz\u0119dzi wojennych potwierdzaj\u0105 obawy dotycz\u0105ce rosn\u0105cej skali przemocy wobec ludno\u015bci cywilnej. W\u0142adze litewskie r\u00f3wnie\u017c raportuj\u0105 o\u00a0wtargni\u0119ciach rosyjskich samolot\u00f3w w\u00a0ich przestrze\u0144 powietrzn\u0105.<\/p>\n<p>\u017ar\u00f3d\u0142o: Kyiv Independent<\/p>\n","protected":false},"excerpt":{"rendered":"Co musisz wiedzie\u0107? Nagranie pochodzi z\u00a0obwodu donieckiego, opublikowano je 23 pa\u017adziernika. Na filmie rosyjski dron \u015bciga ukrai\u0144skich rolnik\u00f3w.&hellip;\n","protected":false},"author":2,"featured_media":66688,"comment_status":"","ping_status":"","sticky":false,"template":"","format":"standard","meta":{"footnotes":""},"categories":[5],"tags":[32,33,36,37,27,34,35,28,31,25,42,38,40,39,41,29,30,26],"class_list":{"0":"post-66687","1":"post","2":"type-post","3":"status-publish","4":"format-standard","5":"has-post-thumbnail","7":"category-naglowki","8":"tag-breaking-news","9":"tag-breakingnews","10":"tag-featured-news","11":"tag-featurednews","12":"tag-headlines","13":"tag-latest-news","14":"tag-latestnews","15":"tag-naglowki","16":"tag-najwazniejsze-artykuly","17":"tag-news","18":"tag-pl","19":"tag-poland","20":"tag-polish","21":"tag-polska","22":"tag-polski","23":"tag-top-stories","24":"tag-topstories","25":"tag-wiadomosci"},"share_on_mastodon":{"url":"https:\/\/pubeurope.com\/@pl\/115430413213213289","error":""},"_links":{"self":[{"href":"https:\/\/www.europesays.com\/pl\/wp-json\/wp\/v2\/posts\/66687","targetHints":{"allow":["GET"]}}],"collection":[{"href":"https:\/\/www.europesays.com\/pl\/wp-json\/wp\/v2\/posts"}],"about":[{"href":"https:\/\/www.europesays.com\/pl\/wp-json\/wp\/v2\/types\/post"}],"author":[{"embeddable":true,"href":"https:\/\/www.europesays.com\/pl\/wp-json\/wp\/v2\/users\/2"}],"replies":[{"embeddable":true,"href":"https:\/\/www.europesays.com\/pl\/wp-json\/wp\/v2\/comments?post=66687"}],"version-history":[{"count":0,"href":"https:\/\/www.europesays.com\/pl\/wp-json\/wp\/v2\/posts\/66687\/revisions"}],"wp:featuredmedia":[{"embeddable":true,"href":"https:\/\/www.europesays.com\/pl\/wp-json\/wp\/v2\/media\/66688"}],"wp:attachment":[{"href":"https:\/\/www.europesays.com\/pl\/wp-json\/wp\/v2\/media?parent=66687"}],"wp:term":[{"taxonomy":"category","embeddable":true,"href":"https:\/\/www.europesays.com\/pl\/wp-json\/wp\/v2\/categories?post=66687"},{"taxonomy":"post_tag","embeddable":true,"href":"https:\/\/www.europesays.com\/pl\/wp-json\/wp\/v2\/tags?post=66687"}],"curies":[{"name":"wp","href":"https:\/\/api.w.org\/{rel}","templated":true}]}}