{"id":666881,"date":"2026-09-04T11:45:14","date_gmt":"2026-09-04T11:45:14","guid":{"rendered":"https:\/\/www.europesays.com\/pl\/666881\/"},"modified":"2026-09-04T11:45:14","modified_gmt":"2026-09-04T11:45:14","slug":"poruszeni-muzeoterapeutyczne-spotkanie-z-wystawa-glowna-m2ws","status":"publish","type":"post","link":"https:\/\/www.europesays.com\/pl\/666881\/","title":{"rendered":"Poruszeni. Muzeoterapeutyczne spotkanie z wystaw\u0105 g\u0142\u00f3wn\u0105 M2W\u015a"},"content":{"rendered":"<p>Poruszeni. Muzeoterapeutyczne spotkanie z wystaw\u0105 g\u0142\u00f3wn\u0105 M2W\u015a<br \/>6 wrze\u015bnia 2026 r. (niedziela) o g. 12.00 zapraszamy na oprowadzanie po wystawie g\u0142\u00f3wnej pt. Poruszeni. Muzeoterapeutyczne spotkanie z wystaw\u0105, kt\u00f3re poprowadzi Agnieszka Baaske, arteterapeutka, animatorka kultury, kierowniczka Dzia\u0142u Wydarze\u0144 Kulturalnych M2W\u015a.<\/p>\n<p>Sercem naszego muzeum jest ukryta pod ziemi\u0105 wystawa g\u0142\u00f3wna. To miejsce, w kt\u00f3rym historie ludzi, ich wybory, straty, nadzieje i sposoby przetrwania sk\u0142aniaj\u0105 do g\u0142\u0119bokiej refleksji nad cz\u0142owiecze\u0144stwem. Zapraszamy na wyj\u0105tkowe do\u015bwiadczenie muzeoterapeutyczne w jej przestrzeni!<\/p>\n<p>\u00a0<\/p>\n<p>Podczas spotkania wystawa stanie si\u0119 nie tylko opowie\u015bci\u0105 o przesz\u0142o\u015bci, lecz tak\u017ce przestrzeni\u0105 uwa\u017cnego dialogu z w\u0142asnymi emocjami. Wsp\u00f3lnie przyjrzymy si\u0119 temu, co historia uruchamia w ka\u017cdym z nas i w jaki spos\u00f3b kontakt z muzealnym obiektem mo\u017ce sta\u0107 si\u0119 pocz\u0105tkiem osobistej refleksji.<\/p>\n<p>Rozpoczniemy od kr\u00f3tkiego wprowadzenia, po kt\u00f3rym ka\u017cdy z uczestnik\u00f3w samodzielnie wyruszy na wystaw\u0119 bez narzuconej trasy i gotowych interpretacji, we w\u0142asnym tempie, ws\u0142uchuj\u0105c si\u0119 w to, co przyci\u0105ga jego uwag\u0119, zatrzymuje lub porusza.<\/p>\n<p>Na koniec spotkania, we wsp\u00f3lnej przestrzeni tw\u00f3rczej, spr\u00f3bujemy nada\u0107 temu do\u015bwiadczeniu form\u0119. Nie po to, by stworzy\u0107 dzie\u0142o sztuki, lecz by poprzez obraz, kolor i symbol wyrazi\u0107 to, czego czasem nie spos\u00f3b opowiedzie\u0107 s\u0142owami. Podejmiemy pr\u00f3b\u0119 nazwania emocji, kt\u00f3ra wybrzmi najmocniej. Wierzymy, \u017ce emocje nie s\u0105 przeszkod\u0105 w spotkaniu z histori\u0105 wr\u0119cz niezb\u0119dne: mog\u0105 by\u0107 drog\u0105 do jej g\u0142\u0119bszego prze\u017cycia i zrozumienia.<\/p>\n<p>Nie musisz mie\u0107 umiej\u0119tno\u015bci plastycznych ani posiada\u0107 wiedzy historycznej, wystarczy uwa\u017cno\u015b\u0107. Zapraszamy!<\/p>\n<p>\u00a0<\/p>\n<p>Kiedy? 06.09.2026 r. (niedziela), g. 12:0014:00<br \/>Gdzie? Muzeum II Wojny \u015awiatowej (pl. W. Bartoszewskiego 1, Gda\u0144sk), zbi\u00f3rka na poziomie -3 budynku, przy sklepiku muzealnym<br \/>Dla kogo? wszyscy ch\u0119tni osoby pe\u0142noletnie (udzia\u0142 w wydarzeniu w cenie biletu na wystaw\u0119 g\u0142\u00f3wn\u0105), max. 15 os\u00f3b<br \/>alert Tre\u015b\u0107 tworzona na podstawie materia\u0142\u00f3w prasowych organizatora\u00a0<\/p>\n","protected":false},"excerpt":{"rendered":"Poruszeni. Muzeoterapeutyczne spotkanie z wystaw\u0105 g\u0142\u00f3wn\u0105 M2W\u015a6 wrze\u015bnia 2026 r. (niedziela) o g. 12.00 zapraszamy na oprowadzanie po&hellip;\n","protected":false},"author":2,"featured_media":666882,"comment_status":"","ping_status":"","sticky":false,"template":"","format":"standard","meta":{"footnotes":"","_share_on_mastodon":"0"},"categories":[51610],"tags":[1048,42,38,40,39,41],"class_list":["post-666881","post","type-post","status-publish","format-standard","has-post-thumbnail","category-gdansk","tag-gdansk","tag-pl","tag-poland","tag-polish","tag-polska","tag-polski"],"share_on_mastodon":{"url":"https:\/\/pubeurope.com\/@pl\/117212606091225475","error":""},"_links":{"self":[{"href":"https:\/\/www.europesays.com\/pl\/wp-json\/wp\/v2\/posts\/666881","targetHints":{"allow":["GET"]}}],"collection":[{"href":"https:\/\/www.europesays.com\/pl\/wp-json\/wp\/v2\/posts"}],"about":[{"href":"https:\/\/www.europesays.com\/pl\/wp-json\/wp\/v2\/types\/post"}],"author":[{"embeddable":true,"href":"https:\/\/www.europesays.com\/pl\/wp-json\/wp\/v2\/users\/2"}],"replies":[{"embeddable":true,"href":"https:\/\/www.europesays.com\/pl\/wp-json\/wp\/v2\/comments?post=666881"}],"version-history":[{"count":0,"href":"https:\/\/www.europesays.com\/pl\/wp-json\/wp\/v2\/posts\/666881\/revisions"}],"wp:featuredmedia":[{"embeddable":true,"href":"https:\/\/www.europesays.com\/pl\/wp-json\/wp\/v2\/media\/666882"}],"wp:attachment":[{"href":"https:\/\/www.europesays.com\/pl\/wp-json\/wp\/v2\/media?parent=666881"}],"wp:term":[{"taxonomy":"category","embeddable":true,"href":"https:\/\/www.europesays.com\/pl\/wp-json\/wp\/v2\/categories?post=666881"},{"taxonomy":"post_tag","embeddable":true,"href":"https:\/\/www.europesays.com\/pl\/wp-json\/wp\/v2\/tags?post=666881"}],"curies":[{"name":"wp","href":"https:\/\/api.w.org\/{rel}","templated":true}]}}