{"id":666883,"date":"2026-09-04T11:46:10","date_gmt":"2026-09-04T11:46:10","guid":{"rendered":"https:\/\/www.europesays.com\/pl\/666883\/"},"modified":"2026-09-04T11:46:10","modified_gmt":"2026-09-04T11:46:10","slug":"mpk-poznan-bedzie-promowac-stolice-wielkopolski-w-krakowie-w-holendrze","status":"publish","type":"post","link":"https:\/\/www.europesays.com\/pl\/666883\/","title":{"rendered":"MPK Pozna\u0144 b\u0119dzie promowa\u0107 stolic\u0119 Wielkopolski w Krakowie. W \u201eholendrze\u201d"},"content":{"rendered":"<p>W niedziel\u0119, 6 wrze\u015bnia br., pasa\u017cerowie i pasa\u017cerki Krakowskiej Linii Muzealnej dowiedz\u0105 si\u0119 dlaczego warto odwiedzi\u0107 Pozna\u0144 i posmakuj\u0105 rogali \u015bwi\u0119tomarci\u0144skich. Dzia\u0142ania promocyjne prowadzone s\u0105 przez MPK Pozna\u0144 w ramach akcji \u201eTramwaj \u0142\u0105czy miasta\u201d.<\/p>\n<p>Wsp\u00f3\u0142praca przewo\u017anik\u00f3w z Krakowa i Poznania, polegaj\u0105ca na wymienianiu si\u0119 na okres wakacyjny swoimi pojazdami, trwa od kilku lat. W tym sezonie na pozna\u0144skich liniach turystycznych kursuje sk\u0142ad N+ND z MPK SA w Krakowie, natomiast z Poznania do Krakowa przetransportowany zosta\u0142 charakterystyczny \u201eholender\u201d, czyli wagon 3G.<\/p>\n<p>\u201eHolendry\u201d s\u0142u\u017cy\u0142y pozna\u0144skim pasa\u017cerom przez 20 lat. \u0141\u0105cznie w latach 1991-1995 MPK Pozna\u0144 otrzyma\u0142o z Amsterdamu 20 u\u017cywanych przegubowc\u00f3w typ\u00f3w 1G i 2G wyprodukowanych w latach 1956-1959. W 2003 roku w ich miejsce sprowadzono 11 nowszych, podobnych przegubowc\u00f3w typu 3G.\u00a0 Pojazdy wycofano z eksploatacji w latach 2009-2011. Z my\u015bl\u0105 o taborze historycznym pozostawiono jednak wagon, kt\u00f3ry <a href=\"https:\/\/www.mpk.poznan.pl\/holender-wraca-na-poznanskie-torowiska-23-listopada-pojedzie-w-paradzie-tramwajowej\/\" rel=\"nofollow noopener\" target=\"_blank\">z czasem odzyska\u0142 \u017c\u00f3\u0142to-szare barwy i dawny numer z Amsterdamu: 610<\/a>. W tym sezonie mo\u017cna wybra\u0107 si\u0119 nim na przeja\u017cd\u017ck\u0119 po Krakowie.<\/p>\n<p>W najbli\u017csz\u0105 niedziel\u0119, 6 wrze\u015bnia br., <a href=\"https:\/\/mpk.krakow.pl\/artykul\/3033\/dwa-historyczne-tramwaje-na-krakowskiej-linii-muzealnej\" rel=\"nofollow noopener\" target=\"_blank\">w \u201eholendrze\u201d kursuj\u0105cym na Krakowskiej Linii Muzealnej<\/a> obecni b\u0119d\u0105 przedstawiciele MPK Pozna\u0144. Przypomn\u0105, \u017ce stolic\u0119 Wielkopolski z przepi\u0119knym Starym Rynkiem, Ostrowem Tumskim, Jeziorem Malta\u0144skim czy parkiem Cytadela mo\u017cna zwiedza\u0107 na wiele r\u00f3\u017cnych sposob\u00f3w, a w okresie wakacyjnym warto wybra\u0107 si\u0119 w podr\u00f3\u017c liniami turystycznymi i obejrze\u0107 miasto z okien historycznych tramwaj\u00f3w i autobus\u00f3w.<\/p>\n<p>Jakie dawne pojazdy dost\u0119pne s\u0105 w Poznaniu? Co jeszcze warto zobaczy\u0107 w mie\u015bcie? Czego posmakowa\u0107? Tego mieszka\u0144cy Krakowa dowiedz\u0105 si\u0119 w niedziel\u0119! Wraz z pracownikami MPK Pozna\u0144 do Krakowa pojad\u0105 przedstawiciele cukierni Hotelu Mercure, kt\u00f3rzy przygotuj\u0105 typowo pozna\u0144skie, s\u0142odkie niespodzianki.<\/p>\n","protected":false},"excerpt":{"rendered":"W niedziel\u0119, 6 wrze\u015bnia br., pasa\u017cerowie i pasa\u017cerki Krakowskiej Linii Muzealnej dowiedz\u0105 si\u0119 dlaczego warto odwiedzi\u0107 Pozna\u0144 i&hellip;\n","protected":false},"author":2,"featured_media":666884,"comment_status":"","ping_status":"","sticky":false,"template":"","format":"standard","meta":{"footnotes":"","_share_on_mastodon":"0"},"categories":[51609],"tags":[42,38,40,39,41,1817],"class_list":["post-666883","post","type-post","status-publish","format-standard","has-post-thumbnail","category-poznan","tag-pl","tag-poland","tag-polish","tag-polska","tag-polski","tag-poznan"],"share_on_mastodon":{"url":"https:\/\/pubeurope.com\/@pl\/117212609552617474","error":""},"_links":{"self":[{"href":"https:\/\/www.europesays.com\/pl\/wp-json\/wp\/v2\/posts\/666883","targetHints":{"allow":["GET"]}}],"collection":[{"href":"https:\/\/www.europesays.com\/pl\/wp-json\/wp\/v2\/posts"}],"about":[{"href":"https:\/\/www.europesays.com\/pl\/wp-json\/wp\/v2\/types\/post"}],"author":[{"embeddable":true,"href":"https:\/\/www.europesays.com\/pl\/wp-json\/wp\/v2\/users\/2"}],"replies":[{"embeddable":true,"href":"https:\/\/www.europesays.com\/pl\/wp-json\/wp\/v2\/comments?post=666883"}],"version-history":[{"count":0,"href":"https:\/\/www.europesays.com\/pl\/wp-json\/wp\/v2\/posts\/666883\/revisions"}],"wp:featuredmedia":[{"embeddable":true,"href":"https:\/\/www.europesays.com\/pl\/wp-json\/wp\/v2\/media\/666884"}],"wp:attachment":[{"href":"https:\/\/www.europesays.com\/pl\/wp-json\/wp\/v2\/media?parent=666883"}],"wp:term":[{"taxonomy":"category","embeddable":true,"href":"https:\/\/www.europesays.com\/pl\/wp-json\/wp\/v2\/categories?post=666883"},{"taxonomy":"post_tag","embeddable":true,"href":"https:\/\/www.europesays.com\/pl\/wp-json\/wp\/v2\/tags?post=666883"}],"curies":[{"name":"wp","href":"https:\/\/api.w.org\/{rel}","templated":true}]}}