{"id":666893,"date":"2026-09-04T11:51:23","date_gmt":"2026-09-04T11:51:23","guid":{"rendered":"https:\/\/www.europesays.com\/pl\/666893\/"},"modified":"2026-09-04T11:51:23","modified_gmt":"2026-09-04T11:51:23","slug":"marynarka-wojenna-ukrainy-w-poszukiwaniu-nowej-koncepcji-rozwoju","status":"publish","type":"post","link":"https:\/\/www.europesays.com\/pl\/666893\/","title":{"rendered":"Marynarka wojenna Ukrainy: w poszukiwaniu nowej koncepcji rozwoju"},"content":{"rendered":"<p>&#13;<br \/>\n  <img loading=\"lazy\" decoding=\"async\" style=\"float: left; margin: 5px 10px;\" src=\"https:\/\/www.europesays.com\/pl\/wp-content\/uploads\/2026\/09\/77052.jpeg\" alt=\"\" width=\"150\" height=\"129\"\/>&#13;<br \/>\n  Dost\u0119p do morza ma kluczowe znaczenie dla Ukrainy, zar\u00f3wno ze wzgl\u0119d\u00f3w politycznych, jak i gospodarczych. Pomimo trwaj\u0105cej wojny z Rosj\u0105 Kij\u00f3w pracuje nad koncepcj\u0105 rozwoju w\u0142asnych si\u0142 morskich, co pozwoli mu zabezpieczy\u0107 interesy na Morzu Czarnym. Chodzi nie tylko o systemy oparte na wyrzutniach l\u0105dowych i dronach, lecz tak\u017ce wi\u0119ksze okr\u0119ty: korwety i fregaty oraz okr\u0119ty podwodne. Tylko du\u017ce jednostki nawodne s\u0105 bowiem w stanie zapewni\u0107 bezpiecze\u0144stwo \u017ceglugi zw\u0142aszcza tam, gdzie przebiegaj\u0105 szlaki eksportu zbo\u017ca i innych towar\u00f3w.&#13;\n<\/p>\n<p>Po og\u0142oszeniu niezale\u017cno\u015bci (24 sierpnia 1991 roku) i rozpadzie Zwi\u0105zku Sowieckiego pod koniec 1991 roku Ukraina otrzyma\u0142a cz\u0119\u015b\u0107 jednostek i infrastruktury nale\u017c\u0105cych wcze\u015bniej do Floty Czarnomorskiej ZSRS. Znaczna cz\u0119\u015b\u0107 okr\u0119t\u00f3w by\u0142a ju\u017c w\u00f3wczas przestarza\u0142a, a ich utrzymanie przekracza\u0142o mo\u017cliwo\u015bci finansowe Ukrainy, wobec tego wiele z nich zosta\u0142o wycofanych ze s\u0142u\u017cby. G\u0142\u00f3wne bazy ukrai\u0144skiej floty by\u0142y zlokalizowane na P\u00f3\u0142wyspie Krymskim: dlatego, po jego <a href=\"https:\/\/www.polska-zbrojna.pl\/home\/articleshow\/11700?t=Rosjanie-zajmuja-Krym\" rel=\"nofollow noopener\" target=\"_blank\">zaj\u0119ciu w 2014 roku<\/a> przez tzw. zielone ludziki (rosyjskich \u017co\u0142nierzy dzia\u0142aj\u0105cych bez dystynkcji i oznacze\u0144 przynale\u017cno\u015bci pa\u0144stwowej), wi\u0119kszo\u015b\u0107 jednostek zosta\u0142a opanowana przez Rosjan.<\/p>\n<p>Wi\u0119ksza cz\u0119\u015b\u0107 dzia\u0142a\u0144 w wojnie rosyjsko-ukrai\u0144skiej po 2014 roku toczy\u0142a si\u0119 na l\u0105dzie: akweny morskie (Morze Czarne i Morze Azowskie) pozosta\u0142y na marginesie. Wobec ograniczonych \u015brodk\u00f3w, tak\u017ce finansowych, Ukraina postawi\u0142a w tym czasie na rozw\u00f3j system\u00f3w rakietowych bazuj\u0105cych na l\u0105dzie (w ten spos\u00f3b powsta\u0142 system Neptun) oraz niewielkich jednostek nawodnych \u2013 kutr\u00f3w artyleryjskich i patrolowych, zdolnych do dzia\u0142ania w strefie przybrze\u017cnej lub nawet na wi\u0119kszych rzekach, takich jak Dniepr.<\/p>\n<p>W obliczu <a href=\"https:\/\/www.polska-zbrojna.pl\/home\/articleshow\/36568?t=Rosyjska-inwazja-na-Ukraine\" target=\"_blank\" rel=\"nofollow noopener\">pe\u0142noskalowej wojny, jaka rozpocz\u0119\u0142a si\u0119 24 lutego 2022 roku<\/a>, ma\u0142e jednostki nie zda\u0142y egzaminu. Wi\u0119kszo\u015b\u0107 z nich nie wesz\u0142a w og\u00f3le do dzia\u0142a\u0144: zosta\u0142y zaj\u0119te przez si\u0142y rosyjskie, wkraczaj\u0105ce do miast portowych, takich jak Berdia\u0144sk. Jedyny wi\u0119kszy okr\u0119t pozostaj\u0105cy w sk\u0142adzie ukrai\u0144skiej floty \u2013 fregata \u201eHetman Sahajdaczny\u201d \u2013 zosta\u0142a zatopiona w stoczni w Miko\u0142ajowie przez samych Ukrai\u0144c\u00f3w w marcu 2022 roku w obawie przed przej\u0119ciem jej przez Rosjan (co by\u0142o decyzj\u0105 na wyrost, jako \u017ce miasto nie zosta\u0142o zaj\u0119te przez armi\u0119 rosyjsk\u0105; okr\u0119t przechodzi\u0142 w\u00f3wczas modernizacj\u0119, w zwi\u0105zku z czym nie przedstawia\u0142 warto\u015bci bojowej).<\/p>\n<p>Du\u017co lepiej sprawdzi\u0142 si\u0119 system Neptun: w kwietniu 2022 roku wystrzelone przez jedn\u0105 z wyrzutni pociski trafi\u0142y i zatopi\u0142y rosyjski kr\u0105\u017cownik \u201eMoskwa\u201d, flagow\u0105 jednostk\u0119 rosyjskiej Floty Czarnomorskiej. W obawie przed u\u017cyciem kolejnych pocisk\u00f3w (zar\u00f3wno konstrukcji ukrai\u0144skich, jak i dostarczonych przez kraje zachodnie pocisk\u00f3w manewruj\u0105cych Storm Shadow i SCALP), a z czasem tak\u017ce wobec wdro\u017cenia do eksploatacji przez Ukrain\u0119 kolejnych nawodnych dron\u00f3w morskich, rosyjskie jednostki by\u0142y zmuszone do ograniczenia swojej aktywno\u015bci pocz\u0105tkowo w zachodniej cz\u0119\u015bci, a z czasem \u2013 na ca\u0142ym akwenie Morza Czarnego. Obawy te okaza\u0142y si\u0119 zreszt\u0105 s\u0142uszne: kilkana\u015bcie jednostek, w tym m.in. dwa du\u017ce okr\u0119ty desantowe i tra\u0142owiec, zosta\u0142o zatopionych, a wiele innych (m.in. dwie fregaty: \u201eAdmira\u0142 Essen\u201d i \u201eAdmira\u0142 Makarow\u201d, okr\u0119t podwodny klasy Kilo \u201eRost\u00f3w nad Donem\u201d oraz jedna korweta rakietowa klasy Bujan-M; wszystkie zdolne do odpalania pocisk\u00f3w manewruj\u0105cych Kalibr) zosta\u0142o powa\u017cnie uszkodzonych na morzu lub w portach. Flota rosyjska by\u0142a zmuszona do wycofania swoich jednostek z g\u0142\u00f3wnej bazy w Sewastopolu na Krymie do Noworosyjska.<\/p>\n<p>&#13;<br \/>\n  &#13;<br \/>\n    Du\u017ce jednostki w cenie&#13;<br \/>\n  &#13;\n<\/p>\n<p>Pomimo sukces\u00f3w morskich bezza\u0142ogowc\u00f3w rozw\u00f3j sytuacji na Morzu Czarnym pokazuje, \u017ce ani one, ani te\u017c niewielkie jednostki, jakie budowa\u0142a wcze\u015bniej Ukraina, nie s\u0105 w stanie wykona\u0107 wszystkich zada\u0144, jakie mog\u0142yby zabezpieczy\u0107 interesy gospodarcze na tym akwenie. Co wi\u0119cej, wi\u0119kszo\u015b\u0107 strat, jakie ponios\u0142a rosyjska Flota Czarnomorska, zadano za pomoc\u0105 pocisk\u00f3w manewruj\u0105cych i przeciwokr\u0119towych.<\/p>\n<p>Obecnie coraz powa\u017cniejszym problemem dla Kijowa staje si\u0119 problem z eksportem zbo\u017ca drog\u0105 morsk\u0105: ataki rakietowe na porty i jednostki handlowe spowodowa\u0142y rzeczywiste wstrzymanie eksportu. Problem stanowi\u0105 tak\u017ce aktywno\u015b\u0107 rosyjskich bezza\u0142ogowc\u00f3w morskich oraz miny.<\/p>\n<p>W\u0142a\u015bnie dlatego Ukraina potrzebuje odbudowy si\u0142 morskich \u2013 nie tylko system\u00f3w opartych na wyrzutniach l\u0105dowych i dronach, lecz tak\u017ce wi\u0119kszych okr\u0119t\u00f3w: korwet i fregat oraz okr\u0119t\u00f3w podwodnych. Tylko du\u017ce jednostki nawodne \u2013 takie jak fregaty, zbli\u017cone parametrami do tych budowanych w Polsce w ramach <a href=\"https:\/\/www.polska-zbrojna.pl\/home\/articleshow\/46886?t=Od-arkusza-blachy-do-gotowego-Miecznika\" target=\"_blank\" rel=\"nofollow noopener\">programu \u201eMiecznik\u201d<\/a> \u2013 s\u0105 w stanie zapewni\u0107 bezpiecze\u0144stwo \u017ceglugi na Morzu Czarnym, zw\u0142aszcza tam, gdzie przebiegaj\u0105 szlaki eksportu zbo\u017ca i innych towar\u00f3w. Dotyczy to zar\u00f3wno obrony przed atakami jednostek nawodnych (tak\u017ce dron\u00f3w), jak r\u00f3wnie\u017c obrony przeciwlotniczej i przeciwrakietowej. W d\u0142u\u017cszej perspektywie \u2013 tak\u017ce obrony przeciwko zagro\u017ceniom spod wody, jako \u017ce Rosja posiada rozbudowane si\u0142y podwodne, a pojawienie si\u0119 bezza\u0142ogowc\u00f3w dzia\u0142aj\u0105cych pod wod\u0105 jest kwesti\u0105 czasu. Cz\u0119\u015b\u0107 z tych zada\u0144 mog\u0105 wykonywa\u0107 r\u00f3wnie\u017c mniejsze jednostki \u2013 tak\u017ce korwety, pod warunkiem otrzymania odpowiedniego wyposa\u017cenia.<\/p>\n<p>&#13;<br \/>\n  <img loading=\"lazy\" decoding=\"async\" style=\"display: block; margin-left: auto; margin-right: auto;\" src=\"https:\/\/www.europesays.com\/pl\/wp-content\/uploads\/2026\/09\/111323.jpeg\" alt=\"\" width=\"800\" height=\"534\"\/>&#13;<br \/>\n  Ukrai\u0144ski \u017co\u0142nierz patroluje na pok\u0142adzie wojskowego kutra \u201eDondass\u201d zacumowanego w Mariupolu na Morzu Azowskim&#13;\n<\/p>\n<p>Proces zmian w ukrai\u0144skiej marynarce wojennej ju\u017c si\u0119 rozpocz\u0105\u0142 \u2013 w Turcji zosta\u0142y zwodowane dwie pierwsze jednostki zam\u00f3wione w 2020 roku przez Ukrain\u0119 (\u201eHetman Iwan Mazepa\u201d i \u201eHetman Iwan Wyhowski\u201d), a w 2024 roku podpisano umow\u0119 na budow\u0119 dw\u00f3ch kolejnych. S\u0105 to korwety klasy Ada, kt\u00f3re posiadaj\u0105 zar\u00f3wno uzbrojenie artyleryjskie, jak i wyrzutnie pocisk\u00f3w przeciwlotniczych, przeciwokr\u0119towych oraz torped, a tak\u017ce zdolno\u015b\u0107 prowadzenia operacji (w tym ZOP \u2013 zwalczania okr\u0119t\u00f3w podwodnych) z wykorzystaniem \u015bmig\u0142owca lub bezza\u0142ogowc\u00f3w. Wszystkie jednostki maj\u0105 zosta\u0107 zbudowane do 2030 roku, cho\u0107 ich wej\u015bcie do s\u0142u\u017cby i harmonogram prac b\u0119d\u0105 z pewno\u015bci\u0105 uzale\u017cnione od przebiegu wojny rosyjsko-ukrai\u0144skiej.<\/p>\n<p>&#13;<br \/>\n  &#13;<br \/>\n    Szansa tak\u017ce dla polskiego przemys\u0142u&#13;<br \/>\n  &#13;\n<\/p>\n<p>Nie mniej istotnym problemem dla Ukrainy s\u0105 \u2013 i b\u0119d\u0105 tak\u017ce po zako\u0144czeniu aktywnej fazy wojny \u2013 miny morskie, masowo u\u017cywane przez Rosj\u0119. Wielka Brytania przekaza\u0142a Ukrainie dwa wycofane ze s\u0142u\u017cby tra\u0142owce klasy Sandown: wobec trwaj\u0105cych dzia\u0142a\u0144 wojennych i obowi\u0105zuj\u0105cej konwencji z Montreaux obie jednostki nadal pozostaj\u0105 w Wielkiej Brytanii. Niezale\u017cnie od tego Ukraina b\u0119dzie potrzebowa\u0107 wi\u0119kszej liczby nowoczesnych okr\u0119t\u00f3w tej klasy: to za\u015b tworzy szanse tak\u017ce dla polskiego przemys\u0142u stoczniowego, kt\u00f3ry m\u00f3g\u0142by w przysz\u0142o\u015bci zaoferowa\u0107 ukrai\u0144skiej marynarce wojennej niszczyciele min klasy Kormoran II (trzy jednostki s\u0105 ju\u017c w s\u0142u\u017cbie w Marynarce Wojennej RP, trzy kolejne w trakcie budowy).<\/p>\n<p>W d\u0142u\u017cszej perspektywie, po zako\u0144czeniu wojny z Rosj\u0105, si\u0142y morskie Ukrainy b\u0119d\u0105 oczekiwa\u0142y na kolejne inwestycje, tak\u017ce w jednostki takie jak fregaty czy okr\u0119ty podwodne. B\u0119dzie to wynika\u0107 zar\u00f3wno z uwarunkowa\u0144 sytuacji na Morzu Czarnym, jak r\u00f3wnie\u017c z ewentualnych zobowi\u0105za\u0144 sojuszniczych \u2013 zw\u0142aszcza je\u015bli Ukraina stanie si\u0119 cz\u0142onkiem NATO. O ile komponent bezza\u0142ogowy b\u0119dzie stale zyskiwa\u0142 na znaczeniu, o tyle realizacja zada\u0144 s\u0142u\u017c\u0105cych interesom Kijowa na Morzu Czarnym i poza nim b\u0119dzie wymaga\u0142a inwestycji w du\u017ce jednostki.<\/p>\n","protected":false},"excerpt":{"rendered":"&#13; &#13; Dost\u0119p do morza ma kluczowe znaczenie dla Ukrainy, zar\u00f3wno ze wzgl\u0119d\u00f3w politycznych, jak i gospodarczych. Pomimo&hellip;\n","protected":false},"author":2,"featured_media":666894,"comment_status":"","ping_status":"","sticky":false,"template":"","format":"standard","meta":{"footnotes":"","_share_on_mastodon":"0"},"categories":[12],"tags":[2891,425,23206,129542,8660,28225,52570,18211,42,38,2279,40,39,50002,52571,41,87,18486,22721,415,129541,161,5041,52569,6573],"class_list":["post-666893","post","type-post","status-publish","format-standard","has-post-thumbnail","category-polska","tag-armia","tag-bezpieczenstwo","tag-marynarka-wojenna","tag-marynarka-wojenna-ukrainy","tag-ministerstwo-obrony-narodowej","tag-morze-czarne","tag-obrona-narodowa","tag-oficer","tag-pl","tag-poland","tag-poligon","tag-polish","tag-polska","tag-polska-zbrojna","tag-polska-zbrojna-pl","tag-polski","tag-rosja","tag-sily-zbrojne-ukrainy","tag-sluzba-wojskowa","tag-ukraina","tag-wojna-rosja-ukraina","tag-wojsko","tag-wojsko-polskie","tag-zawodowy","tag-zolnierz"],"share_on_mastodon":{"url":"https:\/\/pubeurope.com\/@pl\/117212629519480849","error":""},"_links":{"self":[{"href":"https:\/\/www.europesays.com\/pl\/wp-json\/wp\/v2\/posts\/666893","targetHints":{"allow":["GET"]}}],"collection":[{"href":"https:\/\/www.europesays.com\/pl\/wp-json\/wp\/v2\/posts"}],"about":[{"href":"https:\/\/www.europesays.com\/pl\/wp-json\/wp\/v2\/types\/post"}],"author":[{"embeddable":true,"href":"https:\/\/www.europesays.com\/pl\/wp-json\/wp\/v2\/users\/2"}],"replies":[{"embeddable":true,"href":"https:\/\/www.europesays.com\/pl\/wp-json\/wp\/v2\/comments?post=666893"}],"version-history":[{"count":0,"href":"https:\/\/www.europesays.com\/pl\/wp-json\/wp\/v2\/posts\/666893\/revisions"}],"wp:featuredmedia":[{"embeddable":true,"href":"https:\/\/www.europesays.com\/pl\/wp-json\/wp\/v2\/media\/666894"}],"wp:attachment":[{"href":"https:\/\/www.europesays.com\/pl\/wp-json\/wp\/v2\/media?parent=666893"}],"wp:term":[{"taxonomy":"category","embeddable":true,"href":"https:\/\/www.europesays.com\/pl\/wp-json\/wp\/v2\/categories?post=666893"},{"taxonomy":"post_tag","embeddable":true,"href":"https:\/\/www.europesays.com\/pl\/wp-json\/wp\/v2\/tags?post=666893"}],"curies":[{"name":"wp","href":"https:\/\/api.w.org\/{rel}","templated":true}]}}