{"id":666927,"date":"2026-09-04T12:13:12","date_gmt":"2026-09-04T12:13:12","guid":{"rendered":"https:\/\/www.europesays.com\/pl\/666927\/"},"modified":"2026-09-04T12:13:12","modified_gmt":"2026-09-04T12:13:12","slug":"fotoreporter-adam-warzawa-zamienil-klarnet-na-aparat","status":"publish","type":"post","link":"https:\/\/www.europesays.com\/pl\/666927\/","title":{"rendered":"Fotoreporter Adam War\u017cawa zamieni\u0142 klarnet na aparat"},"content":{"rendered":"<p>\t\t\t\t\t\t\t\tJest jednym z\u00a0najbardziej rozpoznawalnych fotoreporter\u00f3w, nie\u00a0tylko\u00a0na\u00a0Pomorzu. Dokumentuje wydarzenia sportowe, polityczne, spo\u0142eczne i\u00a0kulturalne. Absolwent Akademii Muzycznej w\u00a0Gda\u0144sku, kt\u00f3ry\u00a0bardzo szybko zmieni\u0142 klarnet na\u00a0aparat. <\/p>\n<p>W\u00a0ubieg\u0142ym roku znalaz\u0142 si\u0119 w\u00a0\u015bwiatowej fina\u0142owej dziesi\u0105tce AIPS Sport Media Awards. Jako fotoreporter pracowa\u0142 m.in.\u00a0podczas igrzysk olimpijskich czy\u00a0mistrzostw \u015bwiata.<\/p>\n<p>Go\u015bciem audycji \u201eJestem z\u00a0Pomorza\u201d by\u0142 Adam War\u017cawa. W\u00a0rozmowie z\u00a0Robertem Silskim opowiedzia\u0142 m.in.\u00a0o\u00a0swoich pocz\u0105tkach z\u00a0fotografi\u0105, o\u00a0robieniu zdj\u0119\u0107 telefonem i\u00a0o\u00a0sukcesie z\u2026 butem w\u00a0roli g\u0142\u00f3wnej.<\/p>\n<p>Pos\u0142uchaj:<\/p>\n<p><a href=\"https:\/\/radiogdansk.pl\/wp-content\/uploads\/2026\/09\/Jestem-z-Pomorza-04092026.mp3\" rel=\"nofollow noopener\" target=\"_blank\">https:\/\/radiogdansk.pl\/wp-content\/uploads\/2026\/09\/Jestem-z-Pomorza-04092026.mp3<\/a><\/p>\n<p style=\"text-align: right;\">ua<\/p>\n","protected":false},"excerpt":{"rendered":"Jest jednym z\u00a0najbardziej rozpoznawalnych fotoreporter\u00f3w, nie\u00a0tylko\u00a0na\u00a0Pomorzu. Dokumentuje wydarzenia sportowe, polityczne, spo\u0142eczne i\u00a0kulturalne. Absolwent Akademii Muzycznej w\u00a0Gda\u0144sku, kt\u00f3ry\u00a0bardzo szybko&hellip;\n","protected":false},"author":2,"featured_media":666928,"comment_status":"","ping_status":"","sticky":false,"template":"","format":"standard","meta":{"footnotes":"","_share_on_mastodon":"0"},"categories":[51610],"tags":[1048,42,38,40,39,41],"class_list":["post-666927","post","type-post","status-publish","format-standard","has-post-thumbnail","category-gdansk","tag-gdansk","tag-pl","tag-poland","tag-polish","tag-polska","tag-polski"],"share_on_mastodon":{"url":"https:\/\/pubeurope.com\/@pl\/117212715723001343","error":""},"_links":{"self":[{"href":"https:\/\/www.europesays.com\/pl\/wp-json\/wp\/v2\/posts\/666927","targetHints":{"allow":["GET"]}}],"collection":[{"href":"https:\/\/www.europesays.com\/pl\/wp-json\/wp\/v2\/posts"}],"about":[{"href":"https:\/\/www.europesays.com\/pl\/wp-json\/wp\/v2\/types\/post"}],"author":[{"embeddable":true,"href":"https:\/\/www.europesays.com\/pl\/wp-json\/wp\/v2\/users\/2"}],"replies":[{"embeddable":true,"href":"https:\/\/www.europesays.com\/pl\/wp-json\/wp\/v2\/comments?post=666927"}],"version-history":[{"count":0,"href":"https:\/\/www.europesays.com\/pl\/wp-json\/wp\/v2\/posts\/666927\/revisions"}],"wp:featuredmedia":[{"embeddable":true,"href":"https:\/\/www.europesays.com\/pl\/wp-json\/wp\/v2\/media\/666928"}],"wp:attachment":[{"href":"https:\/\/www.europesays.com\/pl\/wp-json\/wp\/v2\/media?parent=666927"}],"wp:term":[{"taxonomy":"category","embeddable":true,"href":"https:\/\/www.europesays.com\/pl\/wp-json\/wp\/v2\/categories?post=666927"},{"taxonomy":"post_tag","embeddable":true,"href":"https:\/\/www.europesays.com\/pl\/wp-json\/wp\/v2\/tags?post=666927"}],"curies":[{"name":"wp","href":"https:\/\/api.w.org\/{rel}","templated":true}]}}