{"id":666929,"date":"2026-09-04T12:14:17","date_gmt":"2026-09-04T12:14:17","guid":{"rendered":"https:\/\/www.europesays.com\/pl\/666929\/"},"modified":"2026-09-04T12:14:17","modified_gmt":"2026-09-04T12:14:17","slug":"ludzie-gor-bartek-ziemski-lhotse-i-mt-everest","status":"publish","type":"post","link":"https:\/\/www.europesays.com\/pl\/666929\/","title":{"rendered":"Ludzie G\u00f3r | Bartek Ziemski | Lhotse i Mt. Everest"},"content":{"rendered":"<p>WST\u0118P<\/p>\n<p>W czwartek 3 wrze\u015bnia 2026 o godz. 21:30 w Wielkim Namiocie 31. Festiwalu G\u00f3rskiego im. Andrzeja Zawady w L\u0105dku-Zdroju odb\u0119dzie si\u0119 spotkanie i rozmowa z gwiazd\u0105 imprezy\u00a0\u2013\u00a0cz\u0142owiekiem, kt\u00f3ry pisze niesamowit\u0105 histori\u0119 w G\u00f3rach Wysokich: \u201eDziewi\u0119\u0107 o\u015bmiotysi\u0119cznik\u00f3w, dziewi\u0119\u0107 zjazd\u00f3w \u2013 spotkanie z Bartkiem Ziemskim\u201d.<\/p>\n<p>Je\u015bli kto\u015b z Poznaniak\u00f3w i Wielkopolan nie b\u0119dzie m\u00f3g\u0142 uczestniczy\u0107 w festiwalu w L\u0105dku-Zdroju, a chcia\u0142by spotka\u0107 nieziemskiego Bartka Ziemskiego w Poznaniu, to dwa tygodnie p\u00f3\u017aniej w ramach cyklu LUDZIE G\u00d3R w Kinie Rialto odb\u0119dzie si\u0119 mityng zatytu\u0142owany \u201eLhotse i Mt. Everest \u2013 kulisy wyprawy\u201d.<\/p>\n<p>WYCZYN<\/p>\n<p>12 maja Bartek stan\u0105\u0142 na Lhotse (8516 m n.p.m.), a zaledwie siedem dni p\u00f3\u017aniej na Mount Evere\u015bcie (8849 n.p.m.). Z obu szczyt\u00f3w zjecha\u0142 na nartach bez u\u017cywania tlenu i bez osobistego wsparcia tragarzy wysoko\u015bciowych. Dodatkowo zjazd bez tlenu z Lhotse by\u0142 pierwszym w historii.\u00a0 Po tym wyczynie Bartek ma w kolekcji wspinaczki i zjazdy z dziewi\u0119ciu o\u015bmiotysi\u0119cznik\u00f3w. Dokona\u0142 tego w niespe\u0142na 4 lata bez u\u017cywania dodatkowego tlenu i personalnego wsparcia Szerp\u00f3w. Kilka zjazd\u00f3w by\u0142o pierwszymi w historii. Bartek podkre\u015bla, nie konkuruje z Andrzejem Bargie\u0142em, kt\u00f3ry w podobnym stylu skompletowa\u0142 wej\u015bcia i zjazdy z o\u015bmiu o\u015bmiotysi\u0119cznik\u00f3w. O\u015bmiotysi\u0119czniki Bartka:<\/p>\n<p>2022 \u2013 Broad Peak (8051 m n.p.m.)<br \/>2022 \u2013 Gasherbrum II (8035 m n.p.m.)<br \/>2023 \u2013 Annapurna (8091 m n.p.m.)<br \/>2023 \u2013 Dhaulagiri (8167 m n.p.m.), pierwszy zjazd w historii<br \/>2024 \u2013 Makalu (8481 m n.p.m.), pierwszy zjazd w historii<br \/>2024 \u2013 Kanczendzonga (8586 m n.p.m.), pierwszy zjazd w historii<br \/>2025 \u2013 Manaslu (8163 m n.p.m.) pierwszy w historii zjazd z g\u0142\u00f3wnego wierzcho\u0142ka<br \/>2026 \u2013 Lhotse (8516 m n.p.m.), pierwszy w historii zjazd bez dodatkowego tlenu<br \/>2026 \u2013 Everest (8849 m n.p.m.)<\/p>\n<p>WYDARZENIE W POZNANIU<\/p>\n<p>Przed nami rozmowa-opowie\u015b\u0107 o mistrzowskim dublecie tj. wej\u015bciach na Lhotse i Everest i zjazdach na nartach z tych olbrzymich G\u00f3r, czyli m.in. o tym, jak wysoko\u015b\u0107 odbiera p\u0142ynno\u015b\u0107 jazdy; o czystym stylu; o \u015bwie\u017cym \u015bniegu skrywaj\u0105cym twardy l\u00f3d; o skalnym progu w Kuluarze Lhotse i o Icefallu Khumbu, kt\u00f3rego kszta\u0142ty potrafi\u0105 si\u0119 zmieni\u0107 w kilkana\u015bcie godzin, dos\u0142ownie mi\u0119dzy wej\u015bciem a zjazdem.<\/p>\n<p>Spotkanie z cz\u0142owiekiem histori\u0105, opowie\u015b\u0107 z pierwszej r\u0119ki, kapitalna okazja do poznania niesamowitego himalaisty i narciarza.<\/p>\n<p>Wi\u0119cej w wydarzeniu na Facebooku:\u00a0<a style=\"color: #0000ff;\" href=\"https:\/\/www.facebook.com\/events\/1057911363627945\" target=\"_blank\" rel=\"noopener nofollow\">https:\/\/www.facebook.com\/events\/1057911363627945<\/a><\/p>\n","protected":false},"excerpt":{"rendered":"WST\u0118P W czwartek 3 wrze\u015bnia 2026 o godz. 21:30 w Wielkim Namiocie 31. Festiwalu G\u00f3rskiego im. Andrzeja Zawady&hellip;\n","protected":false},"author":2,"featured_media":666930,"comment_status":"","ping_status":"","sticky":false,"template":"","format":"standard","meta":{"footnotes":"","_share_on_mastodon":"0"},"categories":[51609],"tags":[129551,42,38,40,39,41,1817],"class_list":["post-666929","post","type-post","status-publish","format-standard","has-post-thumbnail","category-poznan","tag-mariusz-sprutta-highlanderska-kapela-reel-maniacs-oraz-kino-rialto-poznaniu-polecaja-wydarzenie-rozpoczynajace-cyklu-ludzie-zapraszaja-wrzesnia-2026-godzinie-2000-prosza-informowanie-wydarzeniu","tag-pl","tag-poland","tag-polish","tag-polska","tag-polski","tag-poznan"],"share_on_mastodon":{"url":"https:\/\/pubeurope.com\/@pl\/117212719812124923","error":""},"_links":{"self":[{"href":"https:\/\/www.europesays.com\/pl\/wp-json\/wp\/v2\/posts\/666929","targetHints":{"allow":["GET"]}}],"collection":[{"href":"https:\/\/www.europesays.com\/pl\/wp-json\/wp\/v2\/posts"}],"about":[{"href":"https:\/\/www.europesays.com\/pl\/wp-json\/wp\/v2\/types\/post"}],"author":[{"embeddable":true,"href":"https:\/\/www.europesays.com\/pl\/wp-json\/wp\/v2\/users\/2"}],"replies":[{"embeddable":true,"href":"https:\/\/www.europesays.com\/pl\/wp-json\/wp\/v2\/comments?post=666929"}],"version-history":[{"count":0,"href":"https:\/\/www.europesays.com\/pl\/wp-json\/wp\/v2\/posts\/666929\/revisions"}],"wp:featuredmedia":[{"embeddable":true,"href":"https:\/\/www.europesays.com\/pl\/wp-json\/wp\/v2\/media\/666930"}],"wp:attachment":[{"href":"https:\/\/www.europesays.com\/pl\/wp-json\/wp\/v2\/media?parent=666929"}],"wp:term":[{"taxonomy":"category","embeddable":true,"href":"https:\/\/www.europesays.com\/pl\/wp-json\/wp\/v2\/categories?post=666929"},{"taxonomy":"post_tag","embeddable":true,"href":"https:\/\/www.europesays.com\/pl\/wp-json\/wp\/v2\/tags?post=666929"}],"curies":[{"name":"wp","href":"https:\/\/api.w.org\/{rel}","templated":true}]}}