{"id":666965,"date":"2026-09-04T12:35:26","date_gmt":"2026-09-04T12:35:26","guid":{"rendered":"https:\/\/www.europesays.com\/pl\/666965\/"},"modified":"2026-09-04T12:35:26","modified_gmt":"2026-09-04T12:35:26","slug":"program-tv-dla-pilka-reczna-mezczyzn-orlen-superliga-mecz-corotop-gwardia-opole-rebud-kpr-ostrovia-ostrow-wielkopolski","status":"publish","type":"post","link":"https:\/\/www.europesays.com\/pl\/666965\/","title":{"rendered":"Program tv dla Pi\u0142ka r\u0119czna m\u0119\u017cczyzn: ORLEN Superliga &#8211; mecz: Corotop Gwardia Opole &#8211; REBUD KPR Ostrovia Ostr\u00f3w Wielkopolski"},"content":{"rendered":"<p>Program tv dla Pi\u0142ka r\u0119czna m\u0119\u017cczyzn: ORLEN Superliga &#8211; mecz: Corotop Gwardia Opole &#8211; REBUD KPR Ostrovia Ostr\u00f3w Wielkopolski &#8211; TV WP\u00a9 1995-2026 Grupa WP. Dane o programie TV dostarcza AKPA Polska Press<a href=\"https:\/\/pilot.wp.pl\/program-tv\" rel=\"nofollow noopener\" target=\"_blank\"><img decoding=\"async\" alt=\"close\" src=\"https:\/\/v.wpimg.pl\/Y2I3LnN2dlMoUTpdYUl7RmsJbg0-WgZCO1wrHC9fdEY_EWBMOxBjEGZQIAE9VxtHPUcjAGAHaAN7Bi8MeRwqRC4RMQ\" class=\"sc-114q9wu-0 kSJaym tte80h-5 gVPnQg\"\/><\/a><img decoding=\"async\" src=\"https:\/\/www.europesays.com\/pl\/wp-content\/uploads\/2026\/09\/MDE3NjMuYiUkUThZYg5vMGcJbAMkV2FmMBF0SGJDdHQ9AHZYYgU5MmhDPAUpWzo0JlcgRD0ZYikgVycLYhQmNCQFe1p8Qnt3a1k-.webp\" class=\"sc-1rkazgm-0 iMrpvf sc-1cgefwt-0 iozIXE\" alt=\"Pi&#x142;ka r&#x119;czna m&#x119;&#x17C;czyzn: ORLEN Superliga - mecz: Corotop Gwardia Opole - REBUD KPR Ostrovia Ostr&#xF3;w Wielkopolski\"\/><\/p>\n<p>120 min<\/p>\n<p><img decoding=\"async\" alt=\"Polsat Sport 2\" class=\"sc-114q9wu-0 kSJaym bq0m2v-0 ijkEdg xe3bsu-5 bqldqG\" src=\"https:\/\/www.europesays.com\/pl\/wp-content\/uploads\/2026\/09\/NC8zNTcuYSJZGDhnTA5sNxpAbDcTHREzTAxjJxcUKSYaVmwhQU9sbFQVKTtMES8xU1V4YExGe3QWCiAzQQg.png\"\/> poniedzia\u0142ek, 7 wrze\u015bnia 13:00Rusza sezon Superligi. W pierwszej kolejce Gwardia prowadzona przez Bartosza Jureckiego zmierzy si\u0119 z Ostrovi\u0105, czwartym zespo\u0142em poprzedniej kampanii. Go\u015bcie imponowali form\u0105 w sparingach, mimo \u017ce zmagali si\u0119 z powa\u017cnymi problemami kadrowymi. Przeciwko Opolanom nie zagraj\u0105 m.in. Kamil Adamski i Miriani Gavashelishvili. Mimo to go\u015bcie b\u0119d\u0105 faworytami tego starcia.<a href=\"https:\/\/pilot.wp.pl\/program-tv\" rel=\"nofollow noopener\" target=\"_blank\"><\/p>\n","protected":false},"excerpt":{"rendered":"Program tv dla Pi\u0142ka r\u0119czna m\u0119\u017cczyzn: ORLEN Superliga &#8211; mecz: Corotop Gwardia Opole &#8211; REBUD KPR Ostrovia Ostr\u00f3w&hellip;\n","protected":false},"author":2,"featured_media":666966,"comment_status":"","ping_status":"","sticky":false,"template":"","format":"standard","meta":{"footnotes":"","_share_on_mastodon":"0"},"categories":[52097],"tags":[65149,11118,15587,915,65153,774,42,38,40,263,39,41,8803,25068,65152,224,37743,65147,65150,318,65151,65148,1281,5071,2578,65146,65154],"class_list":["post-666965","post","type-post","status-publish","format-standard","has-post-thumbnail","category-orlen","tag-ale-kino","tag-canal","tag-eurosport","tag-hbo","tag-mtv","tag-orlen","tag-pl","tag-poland","tag-polish","tag-polsat","tag-polska","tag-polski","tag-program","tag-program-telewizyjny","tag-romantica","tag-telewizja","tag-tv","tag-tv-4","tag-tv-polonia","tag-tvn","tag-tvn-7","tag-tvn-turbo","tag-tvn24","tag-tvp1","tag-tvp2","tag-tvp3-regionalny","tag-viva"],"share_on_mastodon":{"url":"https:\/\/pubeurope.com\/@pl\/117212803305898763","error":""},"_links":{"self":[{"href":"https:\/\/www.europesays.com\/pl\/wp-json\/wp\/v2\/posts\/666965","targetHints":{"allow":["GET"]}}],"collection":[{"href":"https:\/\/www.europesays.com\/pl\/wp-json\/wp\/v2\/posts"}],"about":[{"href":"https:\/\/www.europesays.com\/pl\/wp-json\/wp\/v2\/types\/post"}],"author":[{"embeddable":true,"href":"https:\/\/www.europesays.com\/pl\/wp-json\/wp\/v2\/users\/2"}],"replies":[{"embeddable":true,"href":"https:\/\/www.europesays.com\/pl\/wp-json\/wp\/v2\/comments?post=666965"}],"version-history":[{"count":0,"href":"https:\/\/www.europesays.com\/pl\/wp-json\/wp\/v2\/posts\/666965\/revisions"}],"wp:featuredmedia":[{"embeddable":true,"href":"https:\/\/www.europesays.com\/pl\/wp-json\/wp\/v2\/media\/666966"}],"wp:attachment":[{"href":"https:\/\/www.europesays.com\/pl\/wp-json\/wp\/v2\/media?parent=666965"}],"wp:term":[{"taxonomy":"category","embeddable":true,"href":"https:\/\/www.europesays.com\/pl\/wp-json\/wp\/v2\/categories?post=666965"},{"taxonomy":"post_tag","embeddable":true,"href":"https:\/\/www.europesays.com\/pl\/wp-json\/wp\/v2\/tags?post=666965"}],"curies":[{"name":"wp","href":"https:\/\/api.w.org\/{rel}","templated":true}]}}