{"id":666971,"date":"2026-09-04T12:38:13","date_gmt":"2026-09-04T12:38:13","guid":{"rendered":"https:\/\/www.europesays.com\/pl\/666971\/"},"modified":"2026-09-04T12:38:13","modified_gmt":"2026-09-04T12:38:13","slug":"lublin-rekordowy-sierpien-i-ponad-70-tys-pasazerow","status":"publish","type":"post","link":"https:\/\/www.europesays.com\/pl\/666971\/","title":{"rendered":"Lublin: Rekordowy sierpie\u0144 i ponad 70 tys. pasa\u017cer\u00f3w"},"content":{"rendered":"<p>Rekord za rekordem, tak mo\u017cna najkr\u00f3cej przedstawi\u0107 statystyki Portu Lotniczego Lublin. Trzy ostatnie miesi\u0105ce nale\u017ca\u0142y do najlepszych w 14-letniej dzia\u0142alno\u015bci lubelskiego lotniska. Najpierw czerwiec z 61 794 pasa\u017cerami, potem lipiec z liczb\u0105 67 828, a teraz sierpie\u0144 z kolejn\u0105 barier\u0105 pokonan\u0105 \u2013 70 099 odprawionych pasa\u017cer\u00f3w! <\/p>\n<p>W por\u00f3wnaniu do analogicznego miesi\u0105ca ubieg\u0142ego roku, odnotowano wzrost liczby podr\u00f3\u017cnych a\u017c o 14,70 proc.<\/p>\n<p>\u2013 Bardzo dobre statystyki to efekt coraz szerszej siatki po\u0142\u0105cze\u0144 a przede wszystkim wakacyjnych podr\u00f3\u017cy mieszka\u0144c\u00f3w Lubelskiego i z s\u0105siednich region\u00f3w. Widzimy to na parkingach wok\u00f3\u0142 terminala, po tablicach rejestracyjnych samochod\u00f3w. Cieszymy si\u0119, \u017ce oferowana siatka po\u0142\u0105cze\u0144 wpisuje si\u0119 w urlopowe wybory naszych pasa\u017cer\u00f3w. Zawsze powtarzam, \u017ce wylot z najbli\u017cszego lotniska, z Portu Lotniczego Lublin, to najszybszy i przy tym najbezpieczniejszy spos\u00f3b dotarcia na wakacje \u2013 m\u00f3wi prezes Portu Lotniczego Lublin Dariusz Krzowski.<\/p>\n<p>W br. na lubelskim lotnisku odprawiono ju\u017c ponad 360 tys. pasa\u017cer\u00f3w. Oznacza to, \u017ce s\u0105 du\u017ce szanse na kolejny rekord, ca\u0142ego roku i \u2013 po raz pierwszy w historii Portu Lotniczego Lublin \u2013 przekroczenie progu p\u00f3\u0142 miliona odprawionych pasa\u017cer\u00f3w.<\/p>\n<p>Dok\u0105d dolecie\u0107 mo\u017cna w letnie miesi\u0105ce z lubelskiego lotniska? W siatce po\u0142\u0105cze\u0144 s\u0105 kurorty w Turcji, Chorwacji (do Splitu do\u0142\u0105czy\u0142a w tym sezonie Rijeka), Bu\u0142garii, Egiptu (od grudnia realizowane b\u0119dzie r\u00f3wnie\u017c po\u0142\u0105czenie ca\u0142oroczne), Tunezji i Grecji. Do W\u0142och mo\u017cna polecie\u0107 na p\u00f3\u0142noc (Bergamo) i na po\u0142udnie (Trapani na Sycylii). Jest te\u017c lubiane po\u0142\u0105czenie krajowe, nad polskie morze, do Gda\u0144ska.<\/p>\n<p>Szczeg\u00f3\u0142owe informacje dotycz\u0105ce oferty po\u0142\u0105cze\u0144 lotniczych dost\u0119pne s\u0105 na stronie internetowej Portu Lotniczego Lublin: www.airport.lublin.pl<\/p>\n","protected":false},"excerpt":{"rendered":"Rekord za rekordem, tak mo\u017cna najkr\u00f3cej przedstawi\u0107 statystyki Portu Lotniczego Lublin. Trzy ostatnie miesi\u0105ce nale\u017ca\u0142y do najlepszych w&hellip;\n","protected":false},"author":2,"featured_media":666972,"comment_status":"","ping_status":"","sticky":false,"template":"","format":"standard","meta":{"footnotes":"","_share_on_mastodon":"0"},"categories":[51612],"tags":[53169,53170,1081,56653,42,38,40,39,41,56651,129553,57458,57460,60895,57459,112293],"class_list":["post-666971","post","type-post","status-publish","format-standard","has-post-thumbnail","category-lublin","tag-lotniska-krajowe","tag-lotniska-regionalne","tag-lublin","tag-lublin-airport","tag-pl","tag-poland","tag-polish","tag-polska","tag-polski","tag-port-lotniczy-lublin","tag-rekord-przewozow","tag-statystyki-lotnicze","tag-statystyki-lotnisk","tag-statystyki-miesieczne","tag-statystyki-pasazerskie","tag-statystyki-przewozowe"],"share_on_mastodon":{"url":"https:\/\/pubeurope.com\/@pl\/117212814504721848","error":""},"_links":{"self":[{"href":"https:\/\/www.europesays.com\/pl\/wp-json\/wp\/v2\/posts\/666971","targetHints":{"allow":["GET"]}}],"collection":[{"href":"https:\/\/www.europesays.com\/pl\/wp-json\/wp\/v2\/posts"}],"about":[{"href":"https:\/\/www.europesays.com\/pl\/wp-json\/wp\/v2\/types\/post"}],"author":[{"embeddable":true,"href":"https:\/\/www.europesays.com\/pl\/wp-json\/wp\/v2\/users\/2"}],"replies":[{"embeddable":true,"href":"https:\/\/www.europesays.com\/pl\/wp-json\/wp\/v2\/comments?post=666971"}],"version-history":[{"count":0,"href":"https:\/\/www.europesays.com\/pl\/wp-json\/wp\/v2\/posts\/666971\/revisions"}],"wp:featuredmedia":[{"embeddable":true,"href":"https:\/\/www.europesays.com\/pl\/wp-json\/wp\/v2\/media\/666972"}],"wp:attachment":[{"href":"https:\/\/www.europesays.com\/pl\/wp-json\/wp\/v2\/media?parent=666971"}],"wp:term":[{"taxonomy":"category","embeddable":true,"href":"https:\/\/www.europesays.com\/pl\/wp-json\/wp\/v2\/categories?post=666971"},{"taxonomy":"post_tag","embeddable":true,"href":"https:\/\/www.europesays.com\/pl\/wp-json\/wp\/v2\/tags?post=666971"}],"curies":[{"name":"wp","href":"https:\/\/api.w.org\/{rel}","templated":true}]}}