{"id":666981,"date":"2026-09-04T12:43:38","date_gmt":"2026-09-04T12:43:38","guid":{"rendered":"https:\/\/www.europesays.com\/pl\/666981\/"},"modified":"2026-09-04T12:43:38","modified_gmt":"2026-09-04T12:43:38","slug":"fogo-unia-leszno-moze-postraszyc-sparte-wroclaw-liczy-na-spora-zaliczke","status":"publish","type":"post","link":"https:\/\/www.europesays.com\/pl\/666981\/","title":{"rendered":"Fogo Unia Leszno mo\u017ce postraszy\u0107 Spart\u0119 Wroc\u0142aw. Liczy na spor\u0105 zaliczk\u0119."},"content":{"rendered":"<p>\u2014 Jak najwy\u017cszy \u2014 odpar\u0142 trener Unii Rafa\u0142 Okoniewski, spytany na konferencji prasowej o to, jaki wynik w niedziel\u0119 go zadowoli. \u2014 My\u015bl\u0119, \u017ce 50-40 fajnie by by\u0142o. Wiemy, \u017ce to nie b\u0119dzie \u0142atwe zadanie, bo wiadomo, kto przyje\u017cd\u017ca. My te\u017c jednak nie znale\u017ali\u015bmy si\u0119 w czw\u00f3rce za darmo \u2014 doda\u0142.<\/p>\n<p>Dalszy ci\u0105g artyku\u0142u pod materia\u0142em wideo<\/p>\n<p>Sparta wybra\u0142a sobie Leszczynian, bo jej zawodnicy dobrze si\u0119 czuj\u0105 na torze im. Alfreda Smoczyka. Potwierdzili to w rundzie zasadniczej, gdy pokonali Uni\u0119 46:44.<\/p>\n<p><a href=\"https:\/\/przegladsportowy.onet.pl\/\" title=\"Strona g\u0142\u00f3wna serwisu\" aria-label=\"Strona g\u0142\u00f3wna serwisu\" data-astro-prefetch=\"tap\" class=\"ods-a-logo-main-desktop\" rel=\"nofollow noopener\" target=\"_blank\"><img src=\"https:\/\/cdn.przegladsportowy.onet.pl\/img\/Logo_desktop_Onet.svg\" class=\"ods-a-logo-main-desktop__image\" alt=\"Logo\" width=\"107\" height=\"60\" fetchpriority=\"high\" decoding=\"sync\" style=\"height:60px\"\/><\/a><\/p>\n<p class=\"ods-m-google-article__text\">Czytaj nas cz\u0119\u015bciej w Google<\/p>\n<p><a href=\"https:\/\/google.com\/preferences\/source?q=przegladsportowy.onet.pl\" target=\"_blank\" rel=\"noopener noreferrer nofollow\" aria-label=\"Dodaj w Google\" title=\"Dodaj w Google\" class=\"ods-a-button ods-a-button__primary ods-a-button__default ods-a-button-l\">Dodaj w Google<\/a><\/p>\n<p>\u2014 Runda zasadnicza jakby dzia\u0142a inaczej. Play-offy rz\u0105dz\u0105 si\u0119 swoimi prawami. Na pewno wnioski by\u0142y wyci\u0105gni\u0119te. Dzia\u0142amy dalej, pracujemy, \u017ceby by\u0142o jeszcze lepiej i \u017ceby mie\u0107 jeszcze wi\u0119kszy handicap tego w\u0142asnego toru. Zobaczymy jak wyjdzie. Ch\u0142opaki mocno si\u0119 staraj\u0105, anga\u017cuj\u0105. Jestem pewny, \u017ce powinni\u015bmy osi\u0105gn\u0105\u0107 naprawd\u0119 dobry wynik. To jest tylko sport, wszystko si\u0119 mo\u017ce zdarzy\u0107, ale my na pewno zrobimy wszystko, \u017ceby by\u0142o jak najlepiej \u2014 zapewni\u0142 Okoniewski.<\/p>\n<p>Na konferencji pojawi\u0142 si\u0119 te\u017c Janusz Ko\u0142odziej. Weteran w sk\u0142adzie Unii nie chcia\u0142 odpowiedzie\u0107 wprost, czy po sezonie 2026 zako\u0144czy karier\u0119.<\/p>\n<p>\u2014 Jestem g\u0142ow\u0105 i my\u015blami tylko przy najbli\u017cszym spotkaniu, \u017ceby si\u0119 do niego jak najlepiej przygotowa\u0107 \u2014 uci\u0105\u0142 temat.<\/p>\n<p>\u017bu\u017clowcy Unii jak Leszek Miller<\/p>\n<p>Podkre\u015bli\u0142 przy okazji, \u017ce sam awans do fazy play-off Leszczynian nie zadowoli\u0142 i chc\u0105 pojecha\u0107 zgodnie z dewiz\u0105 by\u0142ego premiera RP, Leszka Millera.<\/p>\n<p>\u2014 Ca\u0142y sezon pracuje si\u0119 na to, gdzie teraz jeste\u015bmy. W tym momencie trzeba wyci\u0105gn\u0105\u0107 z siebie ca\u0142e mo\u017cliwo\u015bci, wszystkie rezerwy, najlepszy sprz\u0119t. Doszuka\u0107 si\u0119 w ko\u0144cu tego najlepszego i zrobi\u0107 wszystko, \u017ceby pokaza\u0107 z jak najsilniejszej strony. Jest nawet takie powiedzenie [w\u0142a\u015bnie premiera Millera \u2014 przyp. red.], \u017ce prawdziwego faceta nie poznaje si\u0119 po tym jak zaczyna, a po tym jak ko\u0144czy. Mo\u017cemy mie\u0107 r\u00f3\u017cne mecze, ale ta ko\u0144c\u00f3wka jest najwa\u017cniejsza \u2014 przekazuje Ko\u0142odziej, kt\u00f3ry jest bardzo zadowolony z rywalizacji ze Spart\u0105.<\/p>\n<p>\u2014 Nie mieli\u015bmy \u017cadnego wyboru. Los tak chcia\u0142, a ja si\u0119 bardzo ciesz\u0119. Super, \u017ce to jest Sparta Wroc\u0142aw i zn\u00f3w takie ma\u0142e derby, bo mieszkamy blisko. Wszyscy si\u0119 bardzo lubimy, wi\u0119c b\u0119dzie fajne spotkanie \u2014 doda\u0142.<\/p>\n<p>W niedziel\u0119 kluczem do wygranej Unii mo\u017ce by\u0107 postawa Keynana Rew, zw\u0142aszcza \u017ce Sparta przyjedzie os\u0142abiona brakiem kontuzjowanego Bart\u0142omieja Kowalskiego, a Daniel Bewley odjedzie pierwsze zawody po 3,5-miesi\u0119cznej przerwie.<\/p>\n<p>Rew rozczarowa\u0142 w rundzie zasadniczej zar\u00f3wno w meczu domowym z Wroc\u0142awiem (5 pkt), jak i jeszcze bardziej w ko\u0144cz\u0105cym t\u0119 faz\u0119 spotkaniu ze Stelmetem Falubazem Zielona G\u00f3ra (1 pkt)<\/p>\n<p>\u2014 M\u00f3j dotychczasowy sezon to by\u0142y wzloty i zjazdy. Tych s\u0142abszych mecz\u00f3w wi\u0119cej mia\u0142em u siebie, ni\u017c na wyjazdach. Gdybym zna\u0142 przyczyn\u0119, to by tak nie by\u0142o. Nie ma ju\u017c jednak co rozpami\u0119tywa\u0107. Teraz czeka nas bardzo wa\u017cny pojedynek i na nim si\u0119 skupiam \u2014 podsumowa\u0142 Australijczyk.<\/p>\n","protected":false},"excerpt":{"rendered":"\u2014 Jak najwy\u017cszy \u2014 odpar\u0142 trener Unii Rafa\u0142 Okoniewski, spytany na konferencji prasowej o to, jaki wynik w&hellip;\n","protected":false},"author":2,"featured_media":666982,"comment_status":"","ping_status":"","sticky":false,"template":"","format":"standard","meta":{"footnotes":"","_share_on_mastodon":"0"},"categories":[51607],"tags":[128237,61195,173,23922,178,48,46,175,42,38,40,39,41,31431,47,3475,176,1853,174],"class_list":["post-666981","post","type-post","status-publish","format-standard","has-post-thumbnail","category-wroclaw","tag-adshield_tst1","tag-bottomfeed_styl","tag-ekstraliga","tag-janusz_kolodziej","tag-keynan_rew","tag-nat_styl","tag-omp","tag-pge_ekstraliga","tag-pl","tag-poland","tag-polish","tag-polska","tag-polski","tag-rafal_okoniewski","tag-screening_general","tag-sparta_wroclaw","tag-unia_leszno","tag-wroclaw","tag-zuzel"],"share_on_mastodon":{"url":"https:\/\/pubeurope.com\/@pl\/117212834611316393","error":""},"_links":{"self":[{"href":"https:\/\/www.europesays.com\/pl\/wp-json\/wp\/v2\/posts\/666981","targetHints":{"allow":["GET"]}}],"collection":[{"href":"https:\/\/www.europesays.com\/pl\/wp-json\/wp\/v2\/posts"}],"about":[{"href":"https:\/\/www.europesays.com\/pl\/wp-json\/wp\/v2\/types\/post"}],"author":[{"embeddable":true,"href":"https:\/\/www.europesays.com\/pl\/wp-json\/wp\/v2\/users\/2"}],"replies":[{"embeddable":true,"href":"https:\/\/www.europesays.com\/pl\/wp-json\/wp\/v2\/comments?post=666981"}],"version-history":[{"count":0,"href":"https:\/\/www.europesays.com\/pl\/wp-json\/wp\/v2\/posts\/666981\/revisions"}],"wp:featuredmedia":[{"embeddable":true,"href":"https:\/\/www.europesays.com\/pl\/wp-json\/wp\/v2\/media\/666982"}],"wp:attachment":[{"href":"https:\/\/www.europesays.com\/pl\/wp-json\/wp\/v2\/media?parent=666981"}],"wp:term":[{"taxonomy":"category","embeddable":true,"href":"https:\/\/www.europesays.com\/pl\/wp-json\/wp\/v2\/categories?post=666981"},{"taxonomy":"post_tag","embeddable":true,"href":"https:\/\/www.europesays.com\/pl\/wp-json\/wp\/v2\/tags?post=666981"}],"curies":[{"name":"wp","href":"https:\/\/api.w.org\/{rel}","templated":true}]}}