{"id":667001,"date":"2026-09-04T12:53:19","date_gmt":"2026-09-04T12:53:19","guid":{"rendered":"https:\/\/www.europesays.com\/pl\/667001\/"},"modified":"2026-09-04T12:53:19","modified_gmt":"2026-09-04T12:53:19","slug":"nawrocki-zwrocil-sie-do-meloni-gratulacje","status":"publish","type":"post","link":"https:\/\/www.europesays.com\/pl\/667001\/","title":{"rendered":"Nawrocki zwr\u00f3ci\u0142 si\u0119 do Meloni. &#8222;Gratulacje&#8221;"},"content":{"rendered":"\n<p>&#13;<br \/>\nPrezydent Karol Nawrocki zwr\u00f3ci\u0142 si\u0119 we\u00a0wpisie na\u00a0platformie X z\u00a0najserdeczniejszymi gratulacjami dla\u00a0premier W\u0142och Giorgii Meloni &#8222;z\u00a0okazji tego niezwyk\u0142ego kamienia milowego \u2013\u00a0prowadzenia najd\u0142u\u017cej urz\u0119duj\u0105cego rz\u0105du w\u00a0historii Republiki W\u0142oskiej&#8221;. &#13;\n<\/p>\n<p>&#13;<br \/>\n&#8222;To osi\u0105gni\u0119cie \u015bwiadczy nie\u00a0tylko o\u00a0jej oddaniu i\u00a0przyw\u00f3dztwie, ale\u00a0przede wszystkim o\u00a0trwa\u0142ym zaufaniu narodu w\u0142oskiego&#8221; \u2013\u00a0podkre\u015bli\u0142. &#13;\n<\/p>\n<p>Nawrocki z\u0142o\u017cy\u0142 gratulacje Meloni<\/p>\n<p>&#13;<br \/>\nKarol Nawrocki doda\u0142, \u017ce\u00a0&#8222;Polska i\u00a0ja osobi\u015bcie, bardzo cenimy nasz\u0105 blisk\u0105 przyja\u017a\u0144 z\u00a0W\u0142ochami\u201d. &#13;\n<\/p>\n<p>&#13;<br \/>\n&#8222;Z\u00a0niecierpliwo\u015bci\u0105 oczekuj\u0119 kontynuacji naszej silnej wsp\u00f3\u0142pracy, zjednoczonej wsp\u00f3lnymi warto\u015bciami i\u00a0wsp\u00f3ln\u0105 wizj\u0105 bezpiecznej i\u00a0dostatniej Europy&#8221; \u2013\u00a0napisa\u0142 prezydent. &#13;\n<\/p>\n<p>Rekord rz\u0105du Meloni. Najd\u0142u\u017cej sprawuje w\u0142adz\u0119 we\u00a0W\u0142oszech<\/p>\n<p>&#13;<br \/>\nRz\u0105d Giorgii Meloni od\u00a0pi\u0105tku jest najd\u0142u\u017cej nieprzerwanie urz\u0119duj\u0105cym gabinetem w\u00a0historii Republiki W\u0142oskiej \u2013\u00a0<a href=\"https:\/\/dorzeczy.pl\/swiat\/937957\/giorgia-meloni-pobila-rekord-wyprzedzila-berlusconiego.html\" rel=\"nofollow noopener\" target=\"_blank\">rz\u0105d sprawuje w\u0142adz\u0119 od\u00a01413 dni.<\/a> Oznacza to, \u017ce\u00a0o\u00a0jeden dzie\u0144 wyprzedzi\u0142 drugi rz\u0105d Silvio Berlusconiego z\u00a0lat 2001-2005. &#13;\n<\/p>\n<p>&#13;<br \/>\nGiorgia Meloni przechodzi do\u00a0historii nie\u00a0tylko jako pierwsza we\u00a0W\u0142oszech kobieta na\u00a0stanowisku premiera, ale\u00a0tak\u017ce jako szefowa rekordowo d\u0142ugo dzia\u0142aj\u0105cego rz\u0105du. Rz\u0105d Giorgii Meloni zosta\u0142 zaprzysi\u0119\u017cony 22 pa\u017adziernika 2022 roku, a\u00a0utworzy\u0142a go\u00a0koalicja ugrupowa\u0144 centroprawicy: Braci W\u0142och\u00f3w, Forza Italia wicepremiera Antonio Tajaniego i\u00a0Ligi Matteo Salviniego. &#13;\n<\/p>\n<p>&#13;<br \/>\nUroczyste obchody rekordu w\u0142oskiego rz\u0105du, odb\u0119d\u0105 si\u0119 w\u00a0pi\u0105tek w\u00a0porcie w\u00a0Bari w\u00a0Apulii, a\u00a0ca\u0142e wydarzenie, po\u0142\u0105czone z\u00a0festynem organizuje partia szefowej rz\u0105du. Oczekiwanych jest tam oko\u0142o 10 tys. os\u00f3b. Kulminacyjnym wydarzeniem uroczysto\u015bci b\u0119dzie przem\u00f3wienie premier W\u0142och Giorgii Meloni. &#13;\n<\/p>\n<p>&#13;<br \/>\n   Czytaj te\u017c:<br \/><a href=\"https:\/\/dorzeczy.pl\/swiat\/937957\/giorgia-meloni-pobila-rekord-wyprzedzila-berlusconiego.html\" rel=\"follow nofollow noopener\" data-schema=\"DORZECZY\" data-image=\"https:\/\/img.dorzeczy.pl\/_thumb\/9f\/a9\/51c34689efcea69e5ff1e77804db.jpeg\" target=\"_blank\">Meloni pobi\u0142a rekord. Wyprzedzi\u0142a nawet Berlusconiego<\/a>&#13;<\/p>\n","protected":false},"excerpt":{"rendered":"&#13; Prezydent Karol Nawrocki zwr\u00f3ci\u0142 si\u0119 we\u00a0wpisie na\u00a0platformie X z\u00a0najserdeczniejszymi gratulacjami dla\u00a0premier W\u0142och Giorgii Meloni &#8222;z\u00a0okazji tego niezwyk\u0142ego&hellip;\n","protected":false},"author":2,"featured_media":667002,"comment_status":"","ping_status":"","sticky":false,"template":"","format":"standard","meta":{"footnotes":"","_share_on_mastodon":"0"},"categories":[14],"tags":[32,33,98,10931,27,690,49,34,35,28,31,25,102,40,41,1005,380,80,29,30,26,898,82,83,84],"class_list":["post-667001","post","type-post","status-publish","format-standard","has-post-thumbnail","category-swiat","tag-breaking-news","tag-breakingnews","tag-dorzeczy","tag-giorgia-meloni","tag-headlines","tag-karol-nawrocki","tag-kraj","tag-latest-news","tag-latestnews","tag-naglowki","tag-najwazniejsze-artykuly","tag-news","tag-opinie","tag-polish","tag-polski","tag-prezydent","tag-rzad","tag-swiat","tag-top-stories","tag-topstories","tag-wiadomosci","tag-wlochy","tag-world","tag-world-news","tag-worldnews"],"share_on_mastodon":{"url":"https:\/\/pubeurope.com\/@pl\/117212873134305230","error":""},"_links":{"self":[{"href":"https:\/\/www.europesays.com\/pl\/wp-json\/wp\/v2\/posts\/667001","targetHints":{"allow":["GET"]}}],"collection":[{"href":"https:\/\/www.europesays.com\/pl\/wp-json\/wp\/v2\/posts"}],"about":[{"href":"https:\/\/www.europesays.com\/pl\/wp-json\/wp\/v2\/types\/post"}],"author":[{"embeddable":true,"href":"https:\/\/www.europesays.com\/pl\/wp-json\/wp\/v2\/users\/2"}],"replies":[{"embeddable":true,"href":"https:\/\/www.europesays.com\/pl\/wp-json\/wp\/v2\/comments?post=667001"}],"version-history":[{"count":0,"href":"https:\/\/www.europesays.com\/pl\/wp-json\/wp\/v2\/posts\/667001\/revisions"}],"wp:featuredmedia":[{"embeddable":true,"href":"https:\/\/www.europesays.com\/pl\/wp-json\/wp\/v2\/media\/667002"}],"wp:attachment":[{"href":"https:\/\/www.europesays.com\/pl\/wp-json\/wp\/v2\/media?parent=667001"}],"wp:term":[{"taxonomy":"category","embeddable":true,"href":"https:\/\/www.europesays.com\/pl\/wp-json\/wp\/v2\/categories?post=667001"},{"taxonomy":"post_tag","embeddable":true,"href":"https:\/\/www.europesays.com\/pl\/wp-json\/wp\/v2\/tags?post=667001"}],"curies":[{"name":"wp","href":"https:\/\/api.w.org\/{rel}","templated":true}]}}