{"id":667003,"date":"2026-09-04T12:54:34","date_gmt":"2026-09-04T12:54:34","guid":{"rendered":"https:\/\/www.europesays.com\/pl\/667003\/"},"modified":"2026-09-04T12:54:34","modified_gmt":"2026-09-04T12:54:34","slug":"wypadek-na-a1-narkotyk-w-organizmie-kierowcy-toksykolog-o-jego-dzialaniu","status":"publish","type":"post","link":"https:\/\/www.europesays.com\/pl\/667003\/","title":{"rendered":"Wypadek na A1. Narkotyk w organizmie kierowcy. Toksykolog o jego dzia\u0142aniu"},"content":{"rendered":"<p>W wypadku zgin\u0119\u0142y cztery osoby, a cztery zosta\u0142y bardzo powa\u017cnie ranne. Dominik D. dos\u0142ownie staranowa\u0142 samochody drogowc\u00f3w stoj\u0105ce po prawej stronie na autostradzie A1 w regionie Mykanowa. Pocz\u0105tkowo nie by\u0142o wiadomo, dlaczego kierowca w og\u00f3le nie hamowa\u0142. <a href=\"https:\/\/www.fakt.pl\/wydarzenia\/polska\/slask\/tragiczny-wypadek-na-a1-zatrwazajace-informacje-o-kierowcy-tira\/yn6ykhc\" id=\"83bf44c4-598d-49ba-932d-322bccde2b71\" rel=\"nofollow noopener\" target=\"_blank\">On sam stwierdzi\u0142, \u017ce nic z wypadku nie pami\u0119ta<\/a>. \u2014 To jest mo\u017cliwe. Po klefedronie nast\u0119puje tak silne pobudzenie i stymulacja, \u017ce mo\u017ce nast\u0105pi\u0107 ca\u0142kowite odci\u0119cie \u015bwiadomo\u015bci i pami\u0119ci \u2014 m\u00f3wi nam Eryk Matuszkiewicz.Dalszy ci\u0105g artyku\u0142u pod materia\u0142em wideoWypadek na A1 pod Mykanowem. Zakazany klefedron w organizmie kierowcy<a href=\"https:\/\/www.fakt.pl\/\" title=\"Strona G\u0142\u00f3wna\" aria-label=\"Strona G\u0142\u00f3wna\" data-astro-prefetch=\"tap\" class=\"ods-a-logo-main-desktop\" rel=\"nofollow noopener\" target=\"_blank\"><img src=\"https:\/\/cdn.fakt.pl\/img\/Logo_desktop_Fakt.svg\" class=\"ods-a-logo-main-desktop__image\" alt=\"Logo\" width=\"107\" height=\"86\" fetchpriority=\"high\" decoding=\"sync\" style=\"height:86px\"\/><\/a><\/p>\n<p class=\"ods-m-google-article__text\">Czytaj nas cz\u0119\u015bciej w Google<\/p>\n<p><a href=\"https:\/\/google.com\/preferences\/source?q=fakt.pl\" target=\"_blank\" rel=\"noopener noreferrer nofollow\" aria-label=\"Dodaj w Google\" title=\"Dodaj w Google\" class=\"ods-a-button ods-a-button__primary ods-a-button__default ods-a-button-l\">Dodaj w Google<\/a><\/p>\n<p>Toksykolog wskazuje, \u017ce nie ma mo\u017cliwo\u015bci, by klefedron znalaz\u0142 si\u0119 w organizmie kierowcy przy okazji przyjmowania jakich\u015b lek\u00f3w. \u2014 To jest substancja zakazana i nie jest sk\u0142adnikiem \u017cadnych medykament\u00f3w. Trzeba j\u0105 kupi\u0107 u dilera \u2014 t\u0142umaczy Matuszkiewicz.<\/p>\n<p>Dzia\u0142anie klefedronu jest bardzo silne i to ju\u017c przy wzi\u0119ciu nawet ma\u0142ej dawki. Toksykolog wskazuje, \u017ce trudno zrobi\u0107 liczbowe wykresy, ile trzeba za\u017cy\u0107, by do\u015bwiadczy\u0107 konkretnych konsekwencji.<\/p>\n<blockquote class=\"ods-o-quote\">\n<p class=\"ods-o-quote__paragraph\">Jednak jest to substancja z nowszej generacji, a te s\u0105 silniejsze<\/p>\n<\/blockquote>\n<p>\u2014 t\u0142umaczy rozm\u00f3wca &#8222;Faktu&#8221;.<\/p>\n<p>Jej dzia\u0142anie mog\u0142o by\u0107 przyczyn\u0105 tragicznego wypadku na A1, do kt\u00f3rego dosz\u0142o we wtorek, 1 wrze\u015bnia. Matuszkiewicz t\u0142umaczy, \u017ce obecno\u015b\u0107 klefedronu w organizmie powoduje u cz\u0142owieka bezkrytyczno\u015b\u0107 wobec w\u0142asnych zachowa\u0144, brawur\u0119 i znosi \u015bwiadomo\u015b\u0107. \u2014 Taka osoba jest ca\u0142kowicie odci\u0119ta od realnej \u015bwiadomo\u015bci, co si\u0119 dzieje wok\u00f3\u0142 niej. Za\u017cycie tej substancji mo\u017ce powodowa\u0107, \u017ce taka osoba \u017ale ocenia sytuacj\u0119. To z kolei mo\u017ce prowadzi\u0107 do zachowa\u0144 niebezpiecznych i ryzykownych \u2014 podsumowuje Eryk Matuszkiewicz.<\/p>\n<p><a href=\"https:\/\/www.fakt.pl\/wydarzenia\/polska\/slask\/czestochowa-sad-aresztowal-kierowce-ciezarowki-po-wypadku-na-a1\/0rsd40x\" id=\"7c097a4d-d72f-451e-b85c-de9a0035c3a3\" rel=\"nofollow noopener\" target=\"_blank\">S\u0105d aresztowa\u0142 kierowc\u0119 po wypadku na A1. Toksykolodzy wykryli klefedron<\/a><a href=\"https:\/\/www.fakt.pl\/wydarzenia\/polska\/slask\/sprawca-wypadku-na-a1-uslyszal-jeszcze-jeden-zarzut-niepokojace-ustalenia\/7my0c6y\" id=\"7abfd751-cba7-4ea4-8bcc-dc4522e861a2\" rel=\"nofollow noopener\" target=\"_blank\">&#8222;Nie mia\u0142 prawa ich mie\u0107&#8221;. To znale\u017ali w kabinie sprawcy wypadku na A1<\/a>1\/7<img class=\"ods-a-photo ods-a-photo--background\" src=\"https:\/\/www.europesays.com\/pl\/wp-content\/uploads\/2026\/09\/9Yyk9lGaHR0cHM6Ly9vY2RuLmV1L3B1bHNjbXMvTURBXy82ZGI5NzZmMy03MDhmLTRmNjgtOTU4NC1mYmVkMjEzMTc3MDAuanBlZ.jpeg\" height=\"627\" width=\"940\" alt=\"Tragiczny wypadek na autostradzie A1 pod Mykanowem\" loading=\"lazy\" fetchpriority=\"auto\" decoding=\"auto\" url=\"https:\/\/ocdn.eu\/pulscms\/MDA_\/6db976f3-708f-4f68-9584-fbed21317700.jpeg\" description=\"Tragiczny wypadek na autostradzie A1 pod Mykanowem\" author=\"Dawid Wygas\/Polska Press\/East News \" source=\"\"\/><\/p>\n<p>Dawid Wygas\/Polska Press\/East News<\/p>\n<p>Tragiczny wypadek na autostradzie A1 pod Mykanowem<\/p>\n<p>Tragiczny wypadek na A1.<\/p>\n<p>2\/7<img class=\"ods-a-photo ods-a-photo--background\" src=\"https:\/\/www.europesays.com\/pl\/wp-content\/uploads\/2026\/09\/O_fk9lGaHR0cHM6Ly9vY2RuLmV1L3B1bHNjbXMvTURBXy9kOGI5ZGUxYy0xMTgzLTQ4MzAtYjNlMS01MjBiOTkzYWY3NTAuanBlZ.jpeg\" height=\"627\" width=\"940\" alt=\"Koszmar na autostradzie A1. Wiele ofiar\" loading=\"lazy\" fetchpriority=\"auto\" decoding=\"auto\" url=\"https:\/\/ocdn.eu\/pulscms\/MDA_\/d8b9de1c-1183-4830-b3e1-520b993af750.jpeg\" description=\"Koszmar na autostradzie A1. Wiele ofiar\" author=\"Deprecated_Waldemar Deska \/ PAP\" source=\"\"\/><\/p>\n<p>Deprecated_Waldemar Deska \/ PAP<\/p>\n<p>Koszmar na autostradzie A1. Wiele ofiar<\/p>\n<p>Zgin\u0119\u0142y cztery osoby.<\/p>\n<p>3\/7<img class=\"ods-a-photo ods-a-photo--background\" src=\"https:\/\/www.europesays.com\/pl\/wp-content\/uploads\/2026\/09\/I-xk9lGaHR0cHM6Ly9vY2RuLmV1L3B1bHNjbXMvTURBXy8yYzk0ZmM0Yi1hYzZjLTRmMzEtYTk3NC1mZjcyOTA0NDFmMjUuanBlZ.jpeg\" height=\"627\" width=\"940\" alt=\"Koszmar na autostradzie A1. Wiele ofiar\" loading=\"lazy\" fetchpriority=\"auto\" decoding=\"auto\" url=\"https:\/\/ocdn.eu\/pulscms\/MDA_\/2c94fc4b-ac6c-4f31-a974-ff7290441f25.jpeg\" description=\"Koszmar na autostradzie A1. Wiele ofiar\" author=\"Deprecated_Waldemar Deska \/ PAP\" source=\"\"\/><\/p>\n<p>Deprecated_Waldemar Deska \/ PAP<\/p>\n<p>Koszmar na autostradzie A1. Wiele ofiar<\/p>\n<p>Kierowca tira wjecha\u0142 w pracownik\u00f3w drogowych.<\/p>\n<p>4\/7<img class=\"ods-a-photo ods-a-photo--background\" src=\"https:\/\/www.europesays.com\/pl\/wp-content\/uploads\/2026\/09\/zz3k9lGaHR0cHM6Ly9vY2RuLmV1L3B1bHNjbXMvTURBXy9hMzQzYjI4NC1lM2M3LTQwMDktOTg4NS1iNmMyMTA0NTFjMTIuanBlZ.jpeg\" height=\"627\" width=\"940\" alt=\"Koszmar na autostradzie A1. Wiele ofiar\" loading=\"lazy\" fetchpriority=\"auto\" decoding=\"auto\" url=\"https:\/\/ocdn.eu\/pulscms\/MDA_\/a343b284-e3c7-4009-9885-b6c210451c12.jpeg\" description=\"Koszmar na autostradzie A1. Wiele ofiar\" author=\"Deprecated_Waldemar Deska \/ PAP\" source=\"\"\/><\/p>\n<p>Deprecated_Waldemar Deska \/ PAP<\/p>\n<p>Koszmar na autostradzie A1. Wiele ofiar<\/p>\n<p>5\/7<img class=\"ods-a-photo ods-a-photo--background\" src=\"https:\/\/www.europesays.com\/pl\/wp-content\/uploads\/2026\/09\/_Ynk9lGaHR0cHM6Ly9vY2RuLmV1L3B1bHNjbXMvTURBXy84Nzc3NGI2Ni0yNTAwLTQwOTktYjYwZC02MWIwZWE1ZGIwYmUuanBlZ.jpeg\" height=\"705\" width=\"940\" alt=\"639238805299458043.jpg\" loading=\"lazy\" fetchpriority=\"auto\" decoding=\"auto\" url=\"https:\/\/ocdn.eu\/pulscms\/MDA_\/87774b66-2500-4099-b60d-61b0ea5db0be.jpeg\" description=\"639238805299458043.jpg\" author=\"KMP w Cz\u0119stochowie\" source=\"\"\/><\/p>\n<p>KMP w Cz\u0119stochowie<\/p>\n<p>639238805299458043.jpg<\/p>\n<p>Policja bada okoliczno\u015bci wypadku.<\/p>\n<p>6\/7<img class=\"ods-a-photo ods-a-photo--background\" src=\"https:\/\/www.europesays.com\/pl\/wp-content\/uploads\/2026\/09\/Aq1k9lGaHR0cHM6Ly9vY2RuLmV1L3B1bHNjbXMvTURBXy9mNzRlZTdkZC00NDIxLTRhMmItOTBiNy1mODE0YzAzN2IwNTAuanBlZ.jpeg\" height=\"684\" width=\"940\" alt=\"639238805287739008.jpg\" loading=\"lazy\" fetchpriority=\"auto\" decoding=\"auto\" url=\"https:\/\/ocdn.eu\/pulscms\/MDA_\/f74ee7dd-4421-4a2b-90b7-f814c037b050.jpeg\" description=\"639238805287739008.jpg\" author=\"KMP w Cz\u0119stochowie\" source=\"\"\/><\/p>\n<p>KMP w Cz\u0119stochowie<\/p>\n<p>639238805287739008.jpg<\/p>\n<p>S\u0142u\u017cby na miejscu zdarzenia. <\/p>\n<p>7\/7<img class=\"ods-a-photo ods-a-photo--background\" src=\"https:\/\/www.europesays.com\/pl\/wp-content\/uploads\/2026\/09\/qu3k9lGaHR0cHM6Ly9vY2RuLmV1L3B1bHNjbXMvTURBXy8xYWE4ZTg0Ni04ZjU4LTQwZjktODk5Mi05ZjZhZDU3MGM3NDAuanBlZ.jpeg\" height=\"705\" width=\"940\" alt=\"639238805314663237.jpg\" loading=\"lazy\" fetchpriority=\"auto\" decoding=\"auto\" url=\"https:\/\/ocdn.eu\/pulscms\/MDA_\/1aa8e846-8f58-40f9-8992-9f6ad570c740.jpeg\" description=\"639238805314663237.jpg\" author=\"KMP w Cz\u0119stochowie\" source=\"\"\/><\/p>\n<p>KMP w Cz\u0119stochowie<\/p>\n<p>639238805314663237.jpg<\/p>\n<p>Miejsce tragicznego wypadku.<\/p>\n","protected":false},"excerpt":{"rendered":"W wypadku zgin\u0119\u0142y cztery osoby, a cztery zosta\u0142y bardzo powa\u017cnie ranne. Dominik D. dos\u0142ownie staranowa\u0142 samochody drogowc\u00f3w stoj\u0105ce&hellip;\n","protected":false},"author":2,"featured_media":667004,"comment_status":"","ping_status":"","sticky":false,"template":"","format":"standard","meta":{"footnotes":"","_share_on_mastodon":"0"},"categories":[12],"tags":[20156,61195,32,33,36,37,27,34,35,28,31,4410,25,46,129559,42,38,40,39,41,47,29,111182,30,26,1092,2588],"class_list":["post-667003","post","type-post","status-publish","format-standard","has-post-thumbnail","category-polska","tag-badania_toksykologiczne","tag-bottomfeed_styl","tag-breaking-news","tag-breakingnews","tag-featured-news","tag-featurednews","tag-headlines","tag-latest-news","tag-latestnews","tag-naglowki","tag-najwazniejsze-artykuly","tag-narkotyki","tag-news","tag-omp","tag-omp_tst3","tag-pl","tag-poland","tag-polish","tag-polska","tag-polski","tag-screening_general","tag-top-stories","tag-topbar_tst1","tag-topstories","tag-wiadomosci","tag-wydarzenia","tag-wypadek"],"share_on_mastodon":{"url":"https:\/\/pubeurope.com\/@pl\/117212878482475236","error":""},"_links":{"self":[{"href":"https:\/\/www.europesays.com\/pl\/wp-json\/wp\/v2\/posts\/667003","targetHints":{"allow":["GET"]}}],"collection":[{"href":"https:\/\/www.europesays.com\/pl\/wp-json\/wp\/v2\/posts"}],"about":[{"href":"https:\/\/www.europesays.com\/pl\/wp-json\/wp\/v2\/types\/post"}],"author":[{"embeddable":true,"href":"https:\/\/www.europesays.com\/pl\/wp-json\/wp\/v2\/users\/2"}],"replies":[{"embeddable":true,"href":"https:\/\/www.europesays.com\/pl\/wp-json\/wp\/v2\/comments?post=667003"}],"version-history":[{"count":0,"href":"https:\/\/www.europesays.com\/pl\/wp-json\/wp\/v2\/posts\/667003\/revisions"}],"wp:featuredmedia":[{"embeddable":true,"href":"https:\/\/www.europesays.com\/pl\/wp-json\/wp\/v2\/media\/667004"}],"wp:attachment":[{"href":"https:\/\/www.europesays.com\/pl\/wp-json\/wp\/v2\/media?parent=667003"}],"wp:term":[{"taxonomy":"category","embeddable":true,"href":"https:\/\/www.europesays.com\/pl\/wp-json\/wp\/v2\/categories?post=667003"},{"taxonomy":"post_tag","embeddable":true,"href":"https:\/\/www.europesays.com\/pl\/wp-json\/wp\/v2\/tags?post=667003"}],"curies":[{"name":"wp","href":"https:\/\/api.w.org\/{rel}","templated":true}]}}