{"id":667007,"date":"2026-09-04T12:56:20","date_gmt":"2026-09-04T12:56:20","guid":{"rendered":"https:\/\/www.europesays.com\/pl\/667007\/"},"modified":"2026-09-04T12:56:20","modified_gmt":"2026-09-04T12:56:20","slug":"zondacrypto-tusk-prezydent-wlasnie-ujawnil","status":"publish","type":"post","link":"https:\/\/www.europesays.com\/pl\/667007\/","title":{"rendered":"Zondacrypto &#8211; Tusk. Prezydent w\u0142a\u015bnie ujawni\u0142"},"content":{"rendered":"<p>Zondacrypto by\u0142a w\u015br\u00f3d sponsor\u00f3w konferencji EEC 2024, w\u00a0kt\u00f3rego inauguracji udzia\u0142 wzi\u0119li m.in. szefowa KE\u00a0Ursula von der Leyen i\u00a0premier Donald Tusk, a\u00a0uczestniczyli w\u00a0niej Andrzej Doma\u0144ski i\u00a0Adam Bodnar. Tego typu konferencji by\u0142o wi\u0119cej &#8211; ujawnia prezydent Karol\u00a0Nawrocki.<\/p>\n<p>Prezydent Karol Nawrocki ujawni\u0142, \u017ce\u00a0Zondacrypto by\u0142a w\u015br\u00f3d sponsor\u00f3w i\u00a0partner\u00f3w konferencji EEC 2024 (Europejski Kongres Gospodarczy), w\u00a0kt\u00f3rego inauguracji udzia\u0142 wzi\u0119li m.in. szefowa KE\u00a0Ursula von der Leyen i\u00a0premier Donald Tusk, a\u00a0w\u00a0programie uczestniczyli ministrowie Andrzej Doma\u0144ski i\u00a0Adam\u00a0Bodnar.<\/p>\n<p>Doda\u0142, \u017ce\u00a0Zondacrypto by\u0142a r\u00f3wnie\u017c g\u0142\u00f3wnym sponsorem The Hack Summit 2025, konferencji po\u015bwi\u0119conej cyberbezpiecze\u0144stwu, podczas kt\u00f3rej prelegentem by\u0142 Przemys\u0142aw Kral. W\u00a0tej konferencji uczestniczyli ministrowie rz\u0105du Donalda Tuska: Krzysztof Gawkowski, Cezary Tomczyk i\u00a0Dariusz\u00a0Standerski.<\/p>\n<p>Zondacrypto by\u0142a partnerem jednej z\u00a0najwa\u017cniejszych konferencji cyberbezpiecze\u0144stwa w\u00a0Polsce &#8211; CyberSec 2025 w\u00a0Krakowie. Aleksander Miszalski z\u00a0Platformy Obywatelskiej otwiera\u0142 to\u00a0wydarzenie. Na\u00a0li\u015bcie prelegent\u00f3w znalaz\u0142a si\u0119 Katarzyna Prusak-G\u00f3rniak, szefowa zespo\u0142u do\u00a0spraw cyfrowych w\u00a0sta\u0142ym przedstawicielstwie Rzeczpospolitej Polskiej przy Unii Europejskiej\u00a0&#8211;<\/p>\n<p>m\u00f3wi\u0142\u00a0prezydent. <\/p>\n<p>Zdaniem Nawrockiego tego typu konferencji by\u0142o\u00a0wi\u0119cej.<\/p>\n<p> Karol Nawrocki za\u00a0ujawnieniem\u00a0prawdy <\/p>\n<p>Przypomnia\u0142, \u017ce\u00a0wyszed\u0142 z\u00a0inicjatyw\u0105 ustawodawcz\u0105 ustawy o\u00a0kryptoaktywach, kt\u00f3ra &#8211; jak podkre\u015bli\u0142 &#8211; \u201eprzepad\u0142a w\u00a0polskim\u00a0Sejmie\u201d.<\/p>\n<p>Nawrocki zastrzeg\u0142, \u017ce\u00a0od\u00a0rz\u0105du i\u00a0wi\u0119kszo\u015bci parlamentarnej oczekuje zabezpieczenia u\u017cytkownik\u00f3w kryptoaktyw\u00f3w, a\u00a0wi\u0119c klient\u00f3w oraz tego, \u017ceby \u201eludzi uczciwych, polskich startup\u00f3w i\u00a0tych, kt\u00f3rzy nie zrobili nic z\u0142ego, nie wrzuca\u0107 do\u00a0jednego worka\u00a0z\u00a0oszustami\u201d.<\/p>\n<p> Tusk\u00a0k\u0142amie <\/p>\n<p>Zdaniem prezydenta wi\u0119kszo\u015b\u0107 parlamentarna nie chce naprawi\u0107 sytuacji, dlatego \u201ewysy\u0142a t\u0105\u00a0sam\u0105 ustaw\u0119, nie s\u0142uchaj\u0105c g\u0142osu swoich koalicjant\u00f3w i\u00a0g\u0142osu kancelarii\u00a0prezydenta\u201d.<\/p>\n<p>Wszyscy, kt\u00f3rzy za\u00a0to\u00a0wsp\u00f3\u0142odpowiadaj\u0105, powinni za\u00a0to\u00a0odpowiedzie\u0107, powinny zosta\u0107 przedstawione\u00a0zarzuty <\/p>\n<p>   Wadliwe ustawy celowo trafiaj\u0105 na\u00a0biurko\u00a0prezydenta <\/p>\n<p>11\u00a0czerwca prezydent Karol Nawrocki po\u00a0raz trzeci zawetowa\u0142 ustaw\u0119 maj\u0105c\u0105 uregulowa\u0107 rynek kryptoaktyw\u00f3w w\u00a0Polsce. Zwr\u00f3ci\u0142 uwag\u0119, \u017ce\u00a0kolejny raz nie uwzgl\u0119dniono jego uwag. Odrzucenie weta, czyli ponowne uchwalenie ustawy oznacza\u0142oby, \u017ce\u00a0prezydent mia\u0142by obowi\u0105zek podpisania jej. Do\u00a0odrzucenia prezydenckiego weta konieczna jest wi\u0119kszo\u015b\u0107 3\/5\u00a0g\u0142os\u00f3w w\u00a0obecno\u015bci co\u00a0najmniej po\u0142owy ustawowej liczby\u00a0pos\u0142\u00f3w.<\/p>\n<p>pap,\u00a0jb<\/p>\n<p>\u00bb\u00bb Odwied\u017a <a href=\"https:\/\/news.google.com\/publications\/CAAqKQgKIiNDQklTRkFnTWFoQUtEbmRuYjNOd2IyUmhjbU5sTG5Cc0tBQVAB?hl=pl&amp;gl=PL&amp;ceid=PL%3Apl\" rel=\"nofollow noopener\" target=\"_blank\">wgospodarce.pl\u00a0na\u00a0GOOGLE NEWS<\/a>, aby codziennie \u015bledzi\u0107 aktualne\u00a0informacje<\/p>\n<p>\u00bb\u00bb O\u00a0bie\u017c\u0105cych wydarzeniach w\u00a0gospodarce i\u00a0finansach czytaj\u00a0tutaj:<\/p>\n<p><a href=\"https:\/\/wgospodarce.pl\/informacje\/157997-zurek-odlecial-bankomaty-maja-nas-fotografowac\" rel=\"nofollow noopener\" target=\"_blank\">\u017burek odlecia\u0142! Bankomaty maj\u0105 nas\u00a0fotografowa\u0107<\/a><\/p>\n<p><a href=\"https:\/\/wgospodarce.pl\/informacje\/157994-rating-polski-zagrozony-tusk-i-domanski-slysza\" rel=\"nofollow noopener\" target=\"_blank\">Rating Polski zagro\u017cony! Tusk i\u00a0Doma\u0144ski\u00a0s\u0142ysz\u0105?<\/a><\/p>\n<p><a href=\"https:\/\/wgospodarce.pl\/informacje\/157992-slynny-polski-hotel-sprzedany-cena-budzi-respekt\" rel=\"nofollow noopener\" target=\"_blank\">S\u0142ynny polski hotel sprzedany. Cena budzi\u00a0respekt<\/a><\/p>\n<p>\u00bb\u00bbRz\u0105d bez tarczy, CPN to\u00a0przesz\u0142o\u015b\u0107 \u2013 ogl\u0105daj \u201ePi\u0105tk\u0119 wGospodarce\u201d w\u00a0telewizji\u00a0wPolsce24<\/p>\n<p>      <a class=\"youtube-link\" href=\"https:\/\/www.youtube.com\/embed\/x81T7TZoe0E?rel=0\" style=\"display: none\" rel=\"nofollow noopener\" target=\"_blank\"> <\/p>\n<p>Dzi\u0119kujemy za przeczytanie artyku\u0142u!<\/p>\n<p>Pami\u0119taj, mo\u017cesz ogl\u0105da\u0107 nasz\u0105 telewizj\u0119 na <a href=\"https:\/\/wpolsce24.tv\/\" target=\"_blank\" rel=\"nofollow noopener\">wPolsce24<\/a>. Buduj z nami niezale\u017cne media na <a href=\"https:\/\/wesprzyj.wpolsce24.tv\/\" target=\"_blank\" rel=\"nofollow noopener\">wesprzyj.wpolsce24<\/a>.<\/p>\n","protected":false},"excerpt":{"rendered":"Zondacrypto by\u0142a w\u015br\u00f3d sponsor\u00f3w konferencji EEC 2024, w\u00a0kt\u00f3rego inauguracji udzia\u0142 wzi\u0119li m.in. szefowa KE\u00a0Ursula von der Leyen i\u00a0premier&hellip;\n","protected":false},"author":2,"featured_media":667008,"comment_status":"","ping_status":"","sticky":false,"template":"","format":"standard","meta":{"footnotes":"","_share_on_mastodon":"0"},"categories":[62713],"tags":[11215,1345,690,1247,1005,423,5504,17994],"class_list":["post-667007","post","type-post","status-publish","format-standard","has-post-thumbnail","category-donald-tusk","tag-afera","tag-donald-tusk","tag-karol-nawrocki","tag-kradziez","tag-prezydent","tag-sejm","tag-ursula-von-der-leyen","tag-zondacrypto"],"share_on_mastodon":{"url":"https:\/\/pubeurope.com\/@pl\/117212885000319299","error":""},"_links":{"self":[{"href":"https:\/\/www.europesays.com\/pl\/wp-json\/wp\/v2\/posts\/667007","targetHints":{"allow":["GET"]}}],"collection":[{"href":"https:\/\/www.europesays.com\/pl\/wp-json\/wp\/v2\/posts"}],"about":[{"href":"https:\/\/www.europesays.com\/pl\/wp-json\/wp\/v2\/types\/post"}],"author":[{"embeddable":true,"href":"https:\/\/www.europesays.com\/pl\/wp-json\/wp\/v2\/users\/2"}],"replies":[{"embeddable":true,"href":"https:\/\/www.europesays.com\/pl\/wp-json\/wp\/v2\/comments?post=667007"}],"version-history":[{"count":0,"href":"https:\/\/www.europesays.com\/pl\/wp-json\/wp\/v2\/posts\/667007\/revisions"}],"wp:featuredmedia":[{"embeddable":true,"href":"https:\/\/www.europesays.com\/pl\/wp-json\/wp\/v2\/media\/667008"}],"wp:attachment":[{"href":"https:\/\/www.europesays.com\/pl\/wp-json\/wp\/v2\/media?parent=667007"}],"wp:term":[{"taxonomy":"category","embeddable":true,"href":"https:\/\/www.europesays.com\/pl\/wp-json\/wp\/v2\/categories?post=667007"},{"taxonomy":"post_tag","embeddable":true,"href":"https:\/\/www.europesays.com\/pl\/wp-json\/wp\/v2\/tags?post=667007"}],"curies":[{"name":"wp","href":"https:\/\/api.w.org\/{rel}","templated":true}]}}