{"id":667031,"date":"2026-09-04T13:13:20","date_gmt":"2026-09-04T13:13:20","guid":{"rendered":"https:\/\/www.europesays.com\/pl\/667031\/"},"modified":"2026-09-04T13:13:20","modified_gmt":"2026-09-04T13:13:20","slug":"polska-wzmacnia-ochrone-nieba","status":"publish","type":"post","link":"https:\/\/www.europesays.com\/pl\/667031\/","title":{"rendered":"Polska wzmacnia ochron\u0119 nieba"},"content":{"rendered":"<p>&#13;<br \/>\n  \u201eZwi\u0119kszamy aktywno\u015b\u0107 naszych si\u0142 powietrznych, w tym samolot\u00f3w F-16 i \u015bmig\u0142owc\u00f3w. Wzmacniamy te\u017c systemy szybkiego reagowania na zagro\u017cenia na terenie ca\u0142ej Polski\u201d \u2013 poda\u0142 wicepremier W\u0142adys\u0142aw Kosiniak-Kamysz. To odpowied\u017a na ostatnie rosyjskie prowokacje. Ponadto od 10 wrze\u015bnia we wschodniej cz\u0119\u015bci Polski obowi\u0105zywa\u0107 b\u0119dzie tymczasowe ograniczenie ruchu lotniczego.&#13;\n<\/p>\n<p>&#13;<br \/>\n  &#13;<br \/>\n    <img loading=\"lazy\" decoding=\"async\" style=\"display: block; margin-left: auto; margin-right: auto;\" src=\"https:\/\/www.europesays.com\/pl\/wp-content\/uploads\/2026\/09\/111324.jpeg\" alt=\"\" width=\"800\" height=\"533\"\/>&#13;<br \/>\n  &#13;\n<\/p>\n<p>W\u0142adys\u0142aw Kosiniak-Kamysz, wicepremier, minister obrony narodowej, poinformowa\u0142 w czwartek o <a href=\"https:\/\/polska-zbrojna.pl\/home\/articleshow\/47075?t=Kolejny-incydent-z-udzialem-rosyjskiego-samolotu\" target=\"_blank\" rel=\"nofollow noopener\">kolejnym incydencie nad Ba\u0142tykiem<\/a> z udzia\u0142em rosyjskiego samolotu rozpoznawczego I\u0142-20. Jak wskaza\u0142, 40 km na p\u00f3\u0142noc od Ustki nasze my\u015bliwce przechwyci\u0142y rosyjski samolot, kt\u00f3ry mia\u0142 wy\u0142\u0105czone urz\u0105dzenia identyfikacyjne i stanowi\u0142 zagro\u017cenie dla lotnictwa cywilnego. Zaznaczy\u0142, \u017ce nie dosz\u0142o do naruszenia polskiej przestrzeni powietrznej.<\/p>\n<p>W reakcji na powtarzaj\u0105ce si\u0119 incydenty, tak\u017ce poza granicami naszego kraju, do Ministerstwa Spraw Zagranicznych wezwany zosta\u0142 w czwartek rosyjski ambasador Gieorgij Michno. Jak poda\u0142 rzecznik MSZ-etu, przekazano mu kategoryczny protest wobec rosyjskiego terroryzmu pa\u0144stwowego i eskalacji operacji hybrydowych, zar\u00f3wno w Polsce, jak i innych pa\u0144stwach. To reakcja m.in. na niedawn\u0105 pr\u00f3b\u0119 ataku dron\u00f3w na lotnisko w Lipsku \u2013 <a href=\"https:\/\/polska-zbrojna.pl\/home\/articleshow\/47070?t=Berlin-Rosja-probowala-doprowadzic-do-zamachu-na-lotnisku-\" target=\"_blank\" rel=\"nofollow noopener\">za kt\u00f3r\u0105 Niemcy obarczaj\u0105 odpowiedzialno\u015bci\u0105 Rosj\u0119<\/a>.<\/p>\n<p>W odpowiedzi na t\u0119 sytuacj\u0119 Polska poszerza ochron\u0119 swojej przestrzeni powietrznej. Poinformowa\u0142 o tym szef MON-u i wskaza\u0142, \u017ce zwi\u0119kszona zostanie aktywno\u015b\u0107 naszych si\u0142 powietrznych, w tym samolot\u00f3w F-16 i \u015bmig\u0142owc\u00f3w. \u201eOstatnie tygodnie pokaza\u0142y, \u017ce prowokacje ze strony Rosji przybieraj\u0105 r\u00f3\u017cne formy i nios\u0105 zagro\u017cenie w miejscach, kt\u00f3re do tej pory uwa\u017cane by\u0142y za bezpieczne. Polska ca\u0142y czas monitoruje sytuacj\u0119 na wschodniej granicy. Wzmacniamy te\u017c systemy do szybkiego reagowania na zagro\u017cenia na terenie ca\u0142ej Polski\u201d \u2013 napisa\u0142 Kosiniak-Kamysz na platformie X.<\/p>\n<p>Ponadto, jak poda\u0142o Dow\u00f3dztwo Operacyjne Rodzaj\u00f3w Si\u0142 Zbrojnych w komunikacie, od 10 wrze\u015bnia do 9 grudnia we wschodniej cz\u0119\u015bci Polski obowi\u0105zywa\u0107 b\u0119dzie ograniczenie ruchu lotniczego do wysoko\u015bci oko\u0142o 3 km, czyli nie dotyczy ono samolot\u00f3w pasa\u017cerskich operuj\u0105cych na wi\u0119kszych wysoko\u015bciach. Jak wskaza\u0142o DORSZ, decyzj\u0119 podj\u0119to w celu zapewnienia bezpiecze\u0144stwa polskiej przestrzeni powietrznej w kontek\u015bcie trwaj\u0105cego konfliktu w Ukrainie.<\/p>\n<p>\u201eWprowadzane rozwi\u0105zania s\u0142u\u017c\u0105 zapewnieniu wszystkim elementom systemu obrony powietrznej RP odpowiedniej swobody dzia\u0142ania i mo\u017cliwo\u015bci skutecznego reagowania na potencjalne zagro\u017cenia, przy jednoczesnym minimalizowaniu wp\u0142ywu podejmowanych dzia\u0142a\u0144 na lotnictwo cywilne oraz pozosta\u0142ych u\u017cytkownik\u00f3w przestrzeni powietrznej\u201d \u2013 wyja\u015bniono w komunikacie.<\/p>\n<p>Z informacji DORSZ wynika, \u017ce noc\u0105 obowi\u0105zywa\u0107 b\u0119dzie ca\u0142kowity zakaz lot\u00f3w we wskazanej strefie z wyj\u0105tkiem wojskowych statk\u00f3w powietrznych oraz \u2013 skoordynowanych z Centrum Operacji Powietrznych \u2013 Dow\u00f3dztwem Komponentu Powietrznego \u2013 start\u00f3w i l\u0105dowa\u0144 z lotniska Depu\u0142tycze Kr\u00f3lewskie.<\/p>\n<p>&#13;<br \/>\n  <img loading=\"lazy\" decoding=\"async\" style=\"display: block; margin-left: auto; margin-right: auto;\" src=\"https:\/\/www.europesays.com\/pl\/wp-content\/uploads\/2026\/09\/111325.jpeg\" alt=\"\" width=\"800\" height=\"533\"\/>&#13;\n<\/p>\n<p>Z kolei w ci\u0105gu dnia zakaz przewiduje kilka wyj\u0105tk\u00f3w, m.in. dla wojskowych statk\u00f3w powietrznych czy za\u0142ogowych statk\u00f3w powietrznych wykonuj\u0105cych loty po z\u0142o\u017ceniu planu lotu. Mo\u017cliwe b\u0119d\u0105 tak\u017ce loty wykonywane na has\u0142a Garda (zadania zwi\u0105zane z bezpiecze\u0144stwem powszechnym, porz\u0105dkiem publicznym i ochron\u0105 granicy pa\u0144stwowej) i Alpha Scramble (loty statk\u00f3w przechwytuj\u0105cych w celu wykonania zadania bojowego w ramach misji Air Policing).<\/p>\n<p>Wy\u0142\u0105czone z zakazu s\u0105 te\u017c loty statk\u00f3w powietrznych posiadaj\u0105cych status HEAD (lot z najwa\u017cniejsz\u0105 osob\u0105 w pa\u0144stwie), STATE (lot wykonywany w celach wojskowych, policyjnych, celnych lub w ramach dzia\u0142a\u0144 Stra\u017cy Granicznej), SAR (lot poszukiwawczo-ratowniczy), HOSP (lot o charakterze medycznym), MEDEVAC (lot zwi\u0105zany z ewakuacj\u0105 medyczn\u0105) i FFR (lot ga\u015bniczy podczas zwalczania po\u017car\u00f3w z powietrza).<\/p>\n<p>Jak podano, po koordynacji z Dy\u017curn\u0105 S\u0142u\u017cb\u0105 Operacyjn\u0105 Centrum Operacji Powietrznych \u2013 Dow\u00f3dztwa Komponentu Powietrznego dopuszczone mog\u0105 by\u0107 loty niespe\u0142niaj\u0105ce powy\u017cszych kryteri\u00f3w: lotnictwa pa\u0144stwowego i lotniczego pogotowia ratunkowego, wykonywane w celu udzielania pomocy w przypadkach zagro\u017cenia \u017cycia lub zdrowia ludzi lub zwierz\u0105t, w tym w szczeg\u00f3lno\u015bci w czasie wyst\u0105pienia kl\u0119sk \u017cywio\u0142owych, katastrof, zagro\u017ce\u0144 ekologicznych lub sytuacji awaryjnych, a tak\u017ce loty zwi\u0105zane z ochron\u0105 i kontrol\u0105 infrastruktury krytycznej.<\/p>\n<p>\u201ePrzypominamy, \u017ce wlot statk\u00f3w powietrznych, niespe\u0142niaj\u0105cych kryteri\u00f3w wy\u0142\u0105czenia, w aktywn\u0105 stref\u0119 ograniczon\u0105 jest naruszeniem przepis\u00f3w Prawa Lotniczego\u201d \u2013 zaznaczono w komunikacie DORSZ.<\/p>\n<p>&#13;<br \/>\n                    <br \/>&#13;<br \/>\n                    autor zdj\u0119\u0107: st. kpr. S\u0142awomir Kozio\u0142\/ 18DZ, DORSZ&#13;<br \/>\n                    &#13;\n                <\/p>\n","protected":false},"excerpt":{"rendered":"&#13; \u201eZwi\u0119kszamy aktywno\u015b\u0107 naszych si\u0142 powietrznych, w tym samolot\u00f3w F-16 i \u015bmig\u0142owc\u00f3w. Wzmacniamy te\u017c systemy szybkiego reagowania na&hellip;\n","protected":false},"author":2,"featured_media":667032,"comment_status":"","ping_status":"","sticky":false,"template":"","format":"standard","meta":{"footnotes":"","_share_on_mastodon":"0"},"categories":[12],"tags":[2891,425,129563,70292,4250,1238,129562,8660,24345,52570,18211,42,38,2279,40,39,50002,52571,41,87,415,161,5041,6573],"class_list":["post-667031","post","type-post","status-publish","format-standard","has-post-thumbnail","category-polska","tag-armia","tag-bezpieczenstwo","tag-centrum-operacji-powietrznych-dowdztwo-komponentu-powietrznego","tag-dowdztwo-operacyjne-rodzajw-sil-zbrojnych","tag-f-16","tag-kosiniak-kamysz","tag-michno","tag-ministerstwo-obrony-narodowej","tag-ministerstwo-spraw-zagranicznych","tag-obrona-narodowa","tag-oficer","tag-pl","tag-poland","tag-poligon","tag-polish","tag-polska","tag-polska-zbrojna","tag-polska-zbrojna-pl","tag-polski","tag-rosja","tag-ukraina","tag-wojsko","tag-wojsko-polskie","tag-zolnierz"],"share_on_mastodon":{"url":"https:\/\/pubeurope.com\/@pl\/117212952701033179","error":""},"_links":{"self":[{"href":"https:\/\/www.europesays.com\/pl\/wp-json\/wp\/v2\/posts\/667031","targetHints":{"allow":["GET"]}}],"collection":[{"href":"https:\/\/www.europesays.com\/pl\/wp-json\/wp\/v2\/posts"}],"about":[{"href":"https:\/\/www.europesays.com\/pl\/wp-json\/wp\/v2\/types\/post"}],"author":[{"embeddable":true,"href":"https:\/\/www.europesays.com\/pl\/wp-json\/wp\/v2\/users\/2"}],"replies":[{"embeddable":true,"href":"https:\/\/www.europesays.com\/pl\/wp-json\/wp\/v2\/comments?post=667031"}],"version-history":[{"count":0,"href":"https:\/\/www.europesays.com\/pl\/wp-json\/wp\/v2\/posts\/667031\/revisions"}],"wp:featuredmedia":[{"embeddable":true,"href":"https:\/\/www.europesays.com\/pl\/wp-json\/wp\/v2\/media\/667032"}],"wp:attachment":[{"href":"https:\/\/www.europesays.com\/pl\/wp-json\/wp\/v2\/media?parent=667031"}],"wp:term":[{"taxonomy":"category","embeddable":true,"href":"https:\/\/www.europesays.com\/pl\/wp-json\/wp\/v2\/categories?post=667031"},{"taxonomy":"post_tag","embeddable":true,"href":"https:\/\/www.europesays.com\/pl\/wp-json\/wp\/v2\/tags?post=667031"}],"curies":[{"name":"wp","href":"https:\/\/api.w.org\/{rel}","templated":true}]}}