{"id":667053,"date":"2026-09-04T13:24:08","date_gmt":"2026-09-04T13:24:08","guid":{"rendered":"https:\/\/www.europesays.com\/pl\/667053\/"},"modified":"2026-09-04T13:24:08","modified_gmt":"2026-09-04T13:24:08","slug":"sondaz-zle-oceny-rzadu-ale-tusk-ma-powody-do-radosci","status":"publish","type":"post","link":"https:\/\/www.europesays.com\/pl\/667053\/","title":{"rendered":"Sonda\u017c: Z\u0142e oceny rz\u0105du, ale Tusk ma powody do rado\u015bci"},"content":{"rendered":"\n<p>&#13;<br \/>\nZ sonda\u017cu CBOS wynika, \u017ce\u00a0rz\u0105d Donalda Tuska nieco poprawi\u0142 notowania w\u00a0sierpniu. &#13;\n<\/p>\n<p>&#13;<br \/>\nOkazuje si\u0119, \u017ce\u00a036 proc. badanych dobrze ocenia dzia\u0142alno\u015b\u0107 rz\u0105du. &#13;\n<\/p>\n<p>&#13;<br \/>\n51 proc. ocenia \u017ale rz\u0105d Donalda Tuska. &#13;\n<\/p>\n<p>&#13;<br \/>\nZ kolei 13 proc. badanych wybra\u0142o odpowied\u017a &#8222;trudno powiedzie\u0107&#8221;. &#13;\n<\/p>\n<p>Sonda\u017c CBOS. Rz\u0105d nieco poprawi\u0142 notowania w\u00a0por\u00f3wnaniu z\u00a0badaniem z\u00a0lipca<\/p>\n<p>&#13;<br \/>\nOkazuje si\u0119, \u017ce\u00a0mimo przewagi negatywnych ocen, rz\u0105d KO, PSL, Polski 2050 i\u00a0Lewicy, poprawi\u0142 notowania w\u00a0por\u00f3wnaniu z\u00a0sonda\u017cem CBOS z\u00a0lipca. &#13;\n<\/p>\n<p>&#13;<br \/>\nWtedy to\u00a030 proc. respondent\u00f3w ocenia\u0142o rz\u0105d dobrze. 58 proc. Polak\u00f3w mia\u0142o o\u00a0rz\u0105dzie Donalda Tuska negatywne zdanie. 12 proc. ankietowanych nie\u00a0mia\u0142o zdania na\u00a0temat rz\u0105du. &#13;\n<\/p>\n<p>W styczniu 2024 roku rz\u0105d mia\u0142 znacznie lepsze wyniki<\/p>\n<p>&#13;<br \/>\nZ kolei w\u00a0styczniu 2024 roku, czyli po\u00a0pierwszy miesi\u0105cu sprawowania w\u0142adzy przez obecny rz\u0105d, dobrze ocenia\u0142o go\u00a040 proc. Polak\u00f3w. Z\u0142e zdanie o\u00a0dzia\u0142alno\u015bci rz\u0105du premiera Donalda Tuska mia\u0142o wtedy 42 proc. Polak\u00f3w. 18 proc. respondent\u00f3w w\u00a0styczniu 2024 roku wybra\u0142o odpowied\u017a &#8222;trudno powiedzie\u0107&#8221;. &#13;\n<\/p>\n<p>Ankietowani wcze\u015bniej ocenili prezydenta Nawrockiego<\/p>\n<p>&#13;<br \/>\nW \u015brod\u0119 ukaza\u0142 si\u0119 sonda\u017c CBOS, w\u00a0kt\u00f3rym <a href=\"https:\/\/dorzeczy.pl\/kraj\/935665\/sondaz-nawrocki-oceniony-przez-polakow-wynik-zwraca-uwage.html\" rel=\"nofollow noopener\" target=\"_blank\">ankietowani ocenili prezydenta<\/a> Karola Nawrockiego. &#13;\n<\/p>\n<p>&#13;<br \/>\nWed\u0142ug badania w\u00a0sierpniu \u2013\u00a0w\u00a0por\u00f3wnaniu z\u00a0poprzednim miesi\u0105cem \u2013\u00a0odsetek pozytywnych ocen dzia\u0142alno\u015bci prezydenta Karola Nawrockiego spad\u0142 o\u00a05 punkt\u00f3w procentowych \u2013\u00a0z\u00a056 proc. do\u00a050 proc. Jednocze\u015bnie o\u00a03 pkt proc. wzros\u0142a liczba ocen negatywnych \u2013\u00a0z\u00a037 proc. do\u00a040 proc. Ankietowanych bez zdania na\u00a0temat dzia\u0142alno\u015bci g\u0142owy pa\u0144stwa w\u00a0lipcu by\u0142o 7\u00a0proc., a\u00a0obecnie jest ich 9\u00a0proc. &#13;\n<\/p>\n<p>&#13;<br \/>\nBadanie &#8222;Aktualne problemy i\u00a0wydarzenia&#8221; (436) przeprowadzono w\u00a0dniach 20\u201330 sierpnia 2026 roku w\u00a0ramach procedury mixed-mode na\u00a0reprezentatywnej imiennej pr\u00f3bie pe\u0142noletnich mieszka\u0144c\u00f3w Polski wylosowanej z\u00a0rejestru PESEL, licz\u0105cej 935 os\u00f3b (w tym: 63,6 proc. metod\u0105 CAPI, 19,4 proc. \u2013\u00a0CATI, 17,0 proc. \u2013\u00a0CAWI). Procenty mog\u0105 nie\u00a0sumowa\u0107 si\u0119 do\u00a0100 z\u00a0powodu zaokr\u0105gle\u0144. &#13;\n<\/p>\n<p>&#13;<br \/>\n   Czytaj te\u017c:<br \/><a href=\"https:\/\/dorzeczy.pl\/kraj\/937948\/sondaz-weta-nawrockiego-ws-kryptowalut-polacy-ocenili.html\" rel=\"follow nofollow noopener\" data-schema=\"DORZECZY\" data-image=\"https:\/\/img.dorzeczy.pl\/_thumb\/44\/34\/156b963ede330f3b1178af59e08f.jpeg\" target=\"_blank\">G\u0142o\u015bne weta Nawrockiego. Polacy w\u00a0sonda\u017cu ocenili decyzj\u0119 prezydenta<\/a>   Czytaj te\u017c:<br \/><a href=\"https:\/\/dorzeczy.pl\/kraj\/937813\/sondaz-ko-wygrywa-ale-to-prawica-moze-przejac-wladze-zaskakujacy-uklad-sil.html\" rel=\"follow nofollow noopener\" data-schema=\"DORZECZY\" data-image=\"https:\/\/img.dorzeczy.pl\/_thumb\/c6\/e0\/fd828aae108575638d4c4d22dfe7.jpeg\" target=\"_blank\">KO wygrywa, ale\u00a0to\u00a0prawica mo\u017ce przej\u0105\u0107 w\u0142adz\u0119. Zaskakuj\u0105cy uk\u0142ad si\u0142<\/a> &#13;<\/p>\n","protected":false},"excerpt":{"rendered":"&#13; Z sonda\u017cu CBOS wynika, \u017ce\u00a0rz\u0105d Donalda Tuska nieco poprawi\u0142 notowania w\u00a0sierpniu. &#13; &#13; Okazuje si\u0119, \u017ce\u00a036 proc.&hellip;\n","protected":false},"author":2,"featured_media":667054,"comment_status":"","ping_status":"","sticky":false,"template":"","format":"standard","meta":{"footnotes":"","_share_on_mastodon":"0"},"categories":[62713],"tags":[13658,1345,98,49,102,380,366,111956],"class_list":["post-667053","post","type-post","status-publish","format-standard","has-post-thumbnail","category-donald-tusk","tag-cbos","tag-donald-tusk","tag-dorzeczy","tag-kraj","tag-opinie","tag-rzad","tag-sondaz","tag-sondaz-cbos"],"share_on_mastodon":{"url":"","error":""},"_links":{"self":[{"href":"https:\/\/www.europesays.com\/pl\/wp-json\/wp\/v2\/posts\/667053","targetHints":{"allow":["GET"]}}],"collection":[{"href":"https:\/\/www.europesays.com\/pl\/wp-json\/wp\/v2\/posts"}],"about":[{"href":"https:\/\/www.europesays.com\/pl\/wp-json\/wp\/v2\/types\/post"}],"author":[{"embeddable":true,"href":"https:\/\/www.europesays.com\/pl\/wp-json\/wp\/v2\/users\/2"}],"replies":[{"embeddable":true,"href":"https:\/\/www.europesays.com\/pl\/wp-json\/wp\/v2\/comments?post=667053"}],"version-history":[{"count":0,"href":"https:\/\/www.europesays.com\/pl\/wp-json\/wp\/v2\/posts\/667053\/revisions"}],"wp:featuredmedia":[{"embeddable":true,"href":"https:\/\/www.europesays.com\/pl\/wp-json\/wp\/v2\/media\/667054"}],"wp:attachment":[{"href":"https:\/\/www.europesays.com\/pl\/wp-json\/wp\/v2\/media?parent=667053"}],"wp:term":[{"taxonomy":"category","embeddable":true,"href":"https:\/\/www.europesays.com\/pl\/wp-json\/wp\/v2\/categories?post=667053"},{"taxonomy":"post_tag","embeddable":true,"href":"https:\/\/www.europesays.com\/pl\/wp-json\/wp\/v2\/tags?post=667053"}],"curies":[{"name":"wp","href":"https:\/\/api.w.org\/{rel}","templated":true}]}}