{"id":667057,"date":"2026-09-04T13:26:10","date_gmt":"2026-09-04T13:26:10","guid":{"rendered":"https:\/\/www.europesays.com\/pl\/667057\/"},"modified":"2026-09-04T13:26:10","modified_gmt":"2026-09-04T13:26:10","slug":"zwiazkowcy-zawiadamiaja-pip-i-policje-chodzi-o-ewidencje-czasu-pracy-w-dino","status":"publish","type":"post","link":"https:\/\/www.europesays.com\/pl\/667057\/","title":{"rendered":"Zwi\u0105zkowcy zawiadamiaj\u0105 PIP i policj\u0119. Chodzi o ewidencj\u0119 czasu pracy w Dino"},"content":{"rendered":"<p>OPZZ Konfederacja Pracy w Handlu informuje o kolejnych nieprawid\u0142owo\u015bciach, do kt\u00f3rych \u2013 wed\u0142ug relacji zwi\u0105zku \u2013 mia\u0142o dochodzi\u0107 w jednym ze sklep\u00f3w Dino Polska w wojew\u00f3dztwie lubuskim. Zwi\u0105zkowcy podejrzewaj\u0105 fa\u0142szowanie ewidencji czasu pracy. Zapowiadaj\u0105 zawiadomienie Pa\u0144stwowej Inspekcji Pracy oraz policji.<\/p>\n<p>W tym artykule przeczytasz:<\/p>\n<p>\tZwi\u0105zkowcy m\u00f3wi\u0105 o fikcyjnych zmianach i podpisywaniu list obecno\u015bci<br \/>\n\tKolejny punkt zapalny w konflikcie w Dino<br \/>\n\tSp\u00f3r o czas pracy<br \/>\n\tDino i OPZZ od miesi\u0119cy w konflikcie<\/p>\n<p>Jak wynika z najnowszego wpisu OPZZ Konfederacja Pracy w Handlu w mediach spo\u0142eczno\u015bciowych, zwi\u0105zek otrzyma\u0142 dokumentacj\u0119 oraz relacje pracownic dotycz\u0105ce funkcjonowania jednego ze sklep\u00f3w sieci Dino w wojew\u00f3dztwie lubuskim. Zwi\u0105zkowcy twierdz\u0105, \u017ce materia\u0142 wskazuje na mo\u017cliwe nieprawid\u0142owo\u015bci w prowadzeniu ewidencji czasu pracy.<\/p>\n<p>OPZZ nie przes\u0105dza jednak, \u017ce dosz\u0142o do przest\u0119pstwa. W komunikacie u\u017cywa sformu\u0142owania o podejrzeniu fa\u0142szowania dokumentacji i zapowiada przekazanie sprawy odpowiednim organom.<\/p>\n<p>Zwi\u0105zkowcy m\u00f3wi\u0105 o\u00a0fikcyjnych zmianach\u00a0i podpisywaniu\u00a0list obecno\u015bci<\/p>\n<p>Wed\u0142ug OPZZ w sklepie mia\u0142y by\u0107 tworzone pozorne grafiki, kt\u00f3re nast\u0119pnie wielokrotnie modyfikowano. Zwi\u0105zek m\u00f3wi tak\u017ce o wpisywaniu fikcyjnych zmian oraz podpisywaniu list obecno\u015bci za inne osoby.\u00a0<\/p>\n<p>\t\t\t\t<img decoding=\"async\" src=\"data:image\/png;base64,iVBORw0KGgoAAAANSUhEUgAAAAEAAAABCAYAAAAfFcSJAAAADUlEQVR42mNk+P+\/HgAFhAJ\/wlseKgAAAABJRU5ErkJggg==\"\/><\/p>\n","protected":false},"excerpt":{"rendered":"OPZZ Konfederacja Pracy w Handlu informuje o kolejnych nieprawid\u0142owo\u015bciach, do kt\u00f3rych \u2013 wed\u0142ug relacji zwi\u0105zku \u2013 mia\u0142o dochodzi\u0107&hellip;\n","protected":false},"author":2,"featured_media":667058,"comment_status":"","ping_status":"","sticky":false,"template":"","format":"standard","meta":{"footnotes":"","_share_on_mastodon":"0"},"categories":[52249],"tags":[14852,857,41997,129565,129564,129566,66856,41999,10778,42,38,40,39,41,71352,69481,17102],"class_list":["post-667057","post","type-post","status-publish","format-standard","has-post-thumbnail","category-dino-polska","tag-czas-pracy","tag-dino","tag-dino-polska","tag-ewidencja-czasu-pracy","tag-konfederacja-pracy","tag-konflikt-w-dino","tag-opzz","tag-panstwowa-inspekcja-pracy","tag-pip","tag-pl","tag-poland","tag-polish","tag-polska","tag-polski","tag-pracownicy-dino","tag-sklep-dino","tag-zwiazki-zawodowe"],"share_on_mastodon":{"url":"https:\/\/pubeurope.com\/@pl\/117213002806739738","error":""},"_links":{"self":[{"href":"https:\/\/www.europesays.com\/pl\/wp-json\/wp\/v2\/posts\/667057","targetHints":{"allow":["GET"]}}],"collection":[{"href":"https:\/\/www.europesays.com\/pl\/wp-json\/wp\/v2\/posts"}],"about":[{"href":"https:\/\/www.europesays.com\/pl\/wp-json\/wp\/v2\/types\/post"}],"author":[{"embeddable":true,"href":"https:\/\/www.europesays.com\/pl\/wp-json\/wp\/v2\/users\/2"}],"replies":[{"embeddable":true,"href":"https:\/\/www.europesays.com\/pl\/wp-json\/wp\/v2\/comments?post=667057"}],"version-history":[{"count":0,"href":"https:\/\/www.europesays.com\/pl\/wp-json\/wp\/v2\/posts\/667057\/revisions"}],"wp:featuredmedia":[{"embeddable":true,"href":"https:\/\/www.europesays.com\/pl\/wp-json\/wp\/v2\/media\/667058"}],"wp:attachment":[{"href":"https:\/\/www.europesays.com\/pl\/wp-json\/wp\/v2\/media?parent=667057"}],"wp:term":[{"taxonomy":"category","embeddable":true,"href":"https:\/\/www.europesays.com\/pl\/wp-json\/wp\/v2\/categories?post=667057"},{"taxonomy":"post_tag","embeddable":true,"href":"https:\/\/www.europesays.com\/pl\/wp-json\/wp\/v2\/tags?post=667057"}],"curies":[{"name":"wp","href":"https:\/\/api.w.org\/{rel}","templated":true}]}}