{"id":667083,"date":"2026-09-04T13:42:14","date_gmt":"2026-09-04T13:42:14","guid":{"rendered":"https:\/\/www.europesays.com\/pl\/667083\/"},"modified":"2026-09-04T13:42:14","modified_gmt":"2026-09-04T13:42:14","slug":"program-tv-dla-siatkowka-kobiet-mistrzostwa-europy-2026-mecz-polfinalowy-polska-wlochy","status":"publish","type":"post","link":"https:\/\/www.europesays.com\/pl\/667083\/","title":{"rendered":"Program tv dla Siatk\u00f3wka kobiet: Mistrzostwa Europy 2026 &#8211; mecz p\u00f3\u0142fina\u0142owy: Polska &#8211; W\u0142ochy"},"content":{"rendered":"<p>Program tv dla Siatk\u00f3wka kobiet: Mistrzostwa Europy 2026 &#8211; mecz p\u00f3\u0142fina\u0142owy: Polska &#8211; W\u0142ochy &#8211; TV WP\u00a9 1995-2026 Grupa WP. Dane o programie TV dostarcza AKPA Polska Press<a href=\"https:\/\/pilot.wp.pl\/program-tv\" rel=\"nofollow noopener\" target=\"_blank\"><img decoding=\"async\" alt=\"close\" src=\"https:\/\/v.wpimg.pl\/Y2I3LnN2dlMoUTpdYUl7RmsJbg0-WgZCO1wrHC9fdEY_EWBMOxBjEGZQIAE9VxtHPUcjAGAHaAN7Bi8MeRwqRC4RMQ\" class=\"sc-114q9wu-0 kSJaym tte80h-5 gVPnQg\"\/><\/a><img decoding=\"async\" src=\"https:\/\/www.europesays.com\/pl\/wp-content\/uploads\/2026\/09\/ODkwNjguYCUKFThZSA5tMElNbAMOV2NmHlV0SEhDdnQTRHZYSAU7MkYHPAUDWzg0CBMgRBcZYCkOEycLSBQkNApBeVJeRXl8RR0-.jpeg\" class=\"sc-1rkazgm-0 iMrpvf sc-1cgefwt-0 iozIXE\" alt=\"Siatk&#xF3;wka kobiet: Mistrzostwa Europy 2026 - mecz p&#xF3;&#x142;fina&#x142;owy: Polska - W&#x142;ochy\"\/><\/p>\n<p>135 min<\/p>\n<p><img decoding=\"async\" alt=\"Polsat Sport Extra 2\" class=\"sc-114q9wu-0 kSJaym bq0m2v-0 ijkEdg xe3bsu-5 bqldqG\" src=\"https:\/\/www.europesays.com\/pl\/wp-content\/uploads\/2026\/09\/NC84MzUuYSJZVjtJeg5sNxoObxklHREzTEJgCSEUKSYaGG8Pd09sbFRbKhV6ES8xUxt7TnpNfXYWRCMddwg.png\"\/> sobota, 5 wrze\u015bnia 17:45Rywalkami Polek w p\u00f3\u0142finale b\u0119d\u0105 W\u0142oszki, kt\u00f3re w \u0107wier\u0107finale pokona\u0142y Szwecj\u0119 (3:1). Bia\u0142o-Czerwone awans wywalczy\u0142y po zwyci\u0119stwie nad Holandi\u0105 (3:1). Nadchodz\u0105ce spotkanie zapowiada si\u0119 na najtrudniejsze wyzwanie dla reprezentacji Polski w tegorocznym czempionacie. W tym sezonie Polki dwukrotnie uleg\u0142y Italii &#8211; 2:3 oraz 0:3, a ostatnie zwyci\u0119stwo nad tym rywalem odnios\u0142y w 2024 roku. Mimo to w fazie grupowej udowodni\u0142y, \u017ce sta\u0107 je na walk\u0119 o najwy\u017csze cele, pokonuj\u0105c Turcj\u0119 (3:2).<a href=\"https:\/\/pilot.wp.pl\/program-tv\" rel=\"nofollow noopener\" target=\"_blank\"><\/p>\n","protected":false},"excerpt":{"rendered":"Program tv dla Siatk\u00f3wka kobiet: Mistrzostwa Europy 2026 &#8211; mecz p\u00f3\u0142fina\u0142owy: Polska &#8211; W\u0142ochy &#8211; TV WP\u00a9 1995-2026&hellip;\n","protected":false},"author":2,"featured_media":667084,"comment_status":"","ping_status":"","sticky":false,"template":"","format":"standard","meta":{"footnotes":"","_share_on_mastodon":"0"},"categories":[12],"tags":[65149,11118,15587,915,65153,42,38,40,263,39,41,8803,25068,65152,224,37743,65147,65150,318,65151,65148,1281,5071,2578,65146,65154],"class_list":["post-667083","post","type-post","status-publish","format-standard","has-post-thumbnail","category-polska","tag-ale-kino","tag-canal","tag-eurosport","tag-hbo","tag-mtv","tag-pl","tag-poland","tag-polish","tag-polsat","tag-polska","tag-polski","tag-program","tag-program-telewizyjny","tag-romantica","tag-telewizja","tag-tv","tag-tv-4","tag-tv-polonia","tag-tvn","tag-tvn-7","tag-tvn-turbo","tag-tvn24","tag-tvp1","tag-tvp2","tag-tvp3-regionalny","tag-viva"],"share_on_mastodon":{"url":"https:\/\/pubeurope.com\/@pl\/117213066658811357","error":""},"_links":{"self":[{"href":"https:\/\/www.europesays.com\/pl\/wp-json\/wp\/v2\/posts\/667083","targetHints":{"allow":["GET"]}}],"collection":[{"href":"https:\/\/www.europesays.com\/pl\/wp-json\/wp\/v2\/posts"}],"about":[{"href":"https:\/\/www.europesays.com\/pl\/wp-json\/wp\/v2\/types\/post"}],"author":[{"embeddable":true,"href":"https:\/\/www.europesays.com\/pl\/wp-json\/wp\/v2\/users\/2"}],"replies":[{"embeddable":true,"href":"https:\/\/www.europesays.com\/pl\/wp-json\/wp\/v2\/comments?post=667083"}],"version-history":[{"count":0,"href":"https:\/\/www.europesays.com\/pl\/wp-json\/wp\/v2\/posts\/667083\/revisions"}],"wp:featuredmedia":[{"embeddable":true,"href":"https:\/\/www.europesays.com\/pl\/wp-json\/wp\/v2\/media\/667084"}],"wp:attachment":[{"href":"https:\/\/www.europesays.com\/pl\/wp-json\/wp\/v2\/media?parent=667083"}],"wp:term":[{"taxonomy":"category","embeddable":true,"href":"https:\/\/www.europesays.com\/pl\/wp-json\/wp\/v2\/categories?post=667083"},{"taxonomy":"post_tag","embeddable":true,"href":"https:\/\/www.europesays.com\/pl\/wp-json\/wp\/v2\/tags?post=667083"}],"curies":[{"name":"wp","href":"https:\/\/api.w.org\/{rel}","templated":true}]}}