{"id":667107,"date":"2026-09-04T13:54:16","date_gmt":"2026-09-04T13:54:16","guid":{"rendered":"https:\/\/www.europesays.com\/pl\/667107\/"},"modified":"2026-09-04T13:54:16","modified_gmt":"2026-09-04T13:54:16","slug":"dino-sprzedaje-za-1-grosz-polacy-rusza-w-sobote-po-zapasy","status":"publish","type":"post","link":"https:\/\/www.europesays.com\/pl\/667107\/","title":{"rendered":"Dino sprzedaje za 1 grosz. Polacy rusz\u0105 w sobot\u0119 po zapasy"},"content":{"rendered":"<p>\t\t\t\t\tW Dino wci\u0105\u017c dost\u0119pna jest oferta z gazetki wa\u017cnej do 8 wrze\u015bnia. Taniej kupimy m.in. m\u0105k\u0119, mi\u0119so i owoce. Cz\u0119\u015b\u0107 klient\u00f3w ruszy\u0142a po zapasy.<\/p>\n<p>\t\t\t\t\t\t\t\t\t&#13;<br \/>\nW Dino wci\u0105\u017c mo\u017cna skorzysta\u0107 z promocji z gazetki, kt\u00f3ra obowi\u0105zuje do 8 wrze\u015bnia&#13;<br \/>\nW ramach oferty taniej dost\u0119pne s\u0105 m.in. mas\u0142o, mi\u0119so i owoce, czyli produkty codziennego u\u017cytku dla wielu gospodarstw domowych&#13;<br \/>\nPrzy zakupie 4 opakowa\u0144 m\u0105ki, za dwa z nich zap\u0142acisz 1 grosz.&#13;<\/p>\n<p>        <a href=\"https:\/\/www.portalspozywczy.pl\/handel\/wiadomosci\/biedronka-podjela-decyzje-na-caly-sezon-tego-juz-nie-bedzie-na-polkach,292596.html\" class=\"read-more-box-img-cnt\" rel=\"nofollow noopener\" target=\"_blank\"><br \/>\n        \t                <img decoding=\"async\" loading=\"lazy\" src=\"https:\/\/www.europesays.com\/pl\/wp-content\/uploads\/2026\/09\/202768_r0_300.jpg\" alt=\"Biedronka podj\u0119\u0142a decyzje na ca\u0142y sezon. Tego ju\u017c nie b\u0119dzie na p\u00f3\u0142kach\" class=\"read-more-box-img\" width=\"150\" height=\"100\"\/><br \/>\n                    <\/a><\/p>\n<p>Dino obni\u017ca ceny m\u0105ki i cukru<\/p>\n<p>W najbli\u017cszy weekend w Dino mo\u017cna zrobi\u0107 zapas podstawowych produkt\u00f3w spo\u017cywczych.\u00a0<\/p>\n<p>&#13;<br \/>\nM\u0105ka (wszystkie marki dost\u0119pne w Dino) &#8211; przy zakupie 4 sztuk za dwie z nich zap\u0142acisz tylko 1 grosz.&#13;<br \/>\nCukier bia\u0142y (Cukier Polski) &#8211; w cenie 1,58 z\u0142 za sztuk\u0119 przy zakupie minimum 2 sztuk.&#13;<br \/>\nMas\u0142o ekstra 82% Krasula (200 g) &#8211; w cenie 2,65 z\u0142 za sztuk\u0119 przy zakupie minimum 3 sztuk.&#13;<br \/>\nOlej rzepakowy (1 l) &#8211; dost\u0119pny w cenie 4,99 z\u0142.&#13;<\/p>\n<p>To mi\u0119so kupimy taniej\u00a0<\/p>\n<p>Promocyjne ceny w Dino znajdziemy r\u00f3wnie\u017c na dziale mi\u0119snym.<\/p>\n<p>&#13;<br \/>\nW\u0119dzonka ekstra \u2013 obecnie 27,99 z\u0142\/kg (cena regularna: 31,99 z\u0142\/kg)&#13;<br \/>\nPar\u00f3wki \u015al\u0105skie \u2013 przecenione na 11,99 z\u0142\/kg z 14,49 z\u0142\/kg&#13;<br \/>\nKie\u0142basa Biesiadna \u2013 12,99 z\u0142\/kg zamiast 15,99 z\u0142\/kg&#13;<br \/>\nFrankfurterki \u2013 w promocyjnej cenie 31,99 z\u0142\/kg (cena regularna: 36,99 z\u0142\/kg)&#13;<br \/>\nKie\u0142basa krakowska \u2013 obecnie 32,99 z\u0142\/kg (przeceniona z 41,99 z\u0142\/kg)&#13;<\/p>\n<p>        <a href=\"https:\/\/www.portalspozywczy.pl\/handel\/wiadomosci\/lidl-wystartowal-3-wrzesnia-z-samego-rana-mozna-odmienic-cala-kuchnie-na-jesien,292603.html\" class=\"read-more-box-img-cnt\" rel=\"nofollow noopener\" target=\"_blank\"><br \/>\n        \t                <img decoding=\"async\" loading=\"lazy\" src=\"https:\/\/www.europesays.com\/pl\/wp-content\/uploads\/2026\/09\/202771_r0_300.jpg\" alt=\"Lidl wystartowa\u0142 3 wrze\u015bnia z samego rana. Mo\u017cna odmieni\u0107 ca\u0142\u0105 kuchni\u0119 na jesie\u0144\" class=\"read-more-box-img\" width=\"150\" height=\"100\"\/><br \/>\n                    <\/a><\/p>\n<p>Cena malin w d\u00f3\u0142 w Dino<\/p>\n<p>W sklepach Dino w ni\u017cszych cenach mo\u017cna kupi\u0107 tak\u017ce \u015bwie\u017ce owoce. Za opakowanie malin (250 g) zap\u0142acimy teraz 9,99 z\u0142 zamiast 12,99 z\u0142, a kilogram gruszek kosztuje 4,99 z\u0142. Z kolei melona kupimy za 4,49 z\u0142.<\/p>\n<p>Sie\u0107 obni\u017cy\u0142a r\u00f3wnie\u017c ceny brzoskwi\u0144, kt\u00f3re kosztuj\u0105 aktualnie 5,99 z\u0142 za kilogram w por\u00f3wnaniu do wcze\u015bniejszych 8,99 z\u0142, oraz cytryn, za kt\u00f3re zap\u0142acimy 6,99 z\u0142 za kilogram.<\/p>\n<p>Ile kosztuje w ten weekend kawa w Dino?<\/p>\n<p>W ofercie Dino co\u015b dla siebie znajd\u0105 r\u00f3wnie\u017c mi\u0142o\u015bnicy kawy. Kawa ziarnista MK Cafe Premium (1 kg) kosztuje 44,90 z\u0142 za sztuk\u0119 przy zakupie dw\u00f3ch opakowa\u0144. Z kolei kaw\u0119 rozpuszczaln\u0105 Nescafe Creme (200 g) kupimy za 26,96 z\u0142 zamiast 39,99 z\u0142.<\/p>\n<p>Do ko\u0144ca wrze\u015bnia w sklepach sieci dost\u0119pne s\u0105 tak\u017ce inne okazje kawowe: mielona Eduscho Family (250 g) w cenie 14,99 z\u0142, ziarnista Mocca Fix Gold Woseba (1 kg) przeceniona z 67,99 z\u0142 na 47,99 z\u0142 oraz mielona Prima Finezja (750 g) za 31,99 z\u0142 zamiast 39,99 z\u0142.<\/p>\n<p>Nowo\u015bci w ofercie Dino<\/p>\n<p>W tym tygodniu w sklepach Dino znajdziemy r\u00f3wnie\u017c nowe produkty.<\/p>\n<p>&#13;<br \/>\nSernik na zimno Delecta (154 g) \u2013 5,49 z\u0142&#13;<br \/>\nD\u017cem je\u017cynowy Le\u015bne Skarby (320 g) \u2013 7,79 z\u0142&#13;<br \/>\nZupa grochowa XL Kucharek (135 g) \u2013 3,99 z\u0142&#13;<br \/>\nBu\u0142ka z dyni\u0105 (85 g) \u2013 0,99 z\u0142&#13;<br \/>\nPrzyprawa do lecza Appetita (20 g) \u2013 1,39 z\u0142&#13;<br \/>\nJogurt pitny Skyr kokos-wanilia (Mlekovita) \u2013 3,99 z\u0142&#13;<br \/>\nSos pomidorowy do makaronu z serem Parmigiano Mutti (400 g) \u2013 11,99 z\u0142 Chrupi\u0105cy miks do sa\u0142atek Bakalland (100 g) \u2013 5,99 z\u0142&#13;<\/p>\n<p>        <a href=\"https:\/\/www.portalspozywczy.pl\/handel\/wiadomosci\/lidl-przecenia-te-produkty-o-polowe-akcja-w-calej-sieci,292586.html\" class=\"read-more-box-img-cnt\" rel=\"nofollow noopener\" target=\"_blank\"><br \/>\n        \t                <img decoding=\"async\" loading=\"lazy\" src=\"https:\/\/www.europesays.com\/pl\/wp-content\/uploads\/2026\/09\/202756_r0_300.jpg\" alt=\"Lidl przecenia te produkty o po\u0142ow\u0119. Akcja w ca\u0142ej sieci\" class=\"read-more-box-img\" width=\"150\" height=\"100\"\/><br \/>\n                    <\/a><\/p>\n","protected":false},"excerpt":{"rendered":"W Dino wci\u0105\u017c dost\u0119pna jest oferta z gazetki wa\u017cnej do 8 wrze\u015bnia. Taniej kupimy m.in. m\u0105k\u0119, mi\u0119so i&hellip;\n","protected":false},"author":2,"featured_media":667108,"comment_status":"","ping_status":"","sticky":false,"template":"","format":"standard","meta":{"footnotes":"","_share_on_mastodon":"0"},"categories":[52249],"tags":[664,22237,22240,22243,129570,9986,857,41997,22238,22229,22235,9984,22241,42,38,40,39,41,22239,22230,22236,9985,22242],"class_list":["post-667107","post","type-post","status-publish","format-standard","has-post-thumbnail","category-dino-polska","tag-typedefinedterm","tag-64603-html","tag-65535-html","tag-65771-html","tag-67887-html","tag-7193-html","tag-dino","tag-dino-polska","tag-nameceny-w-dino","tag-namedino","tag-namegazetka-dino","tag-namegazetki-reklamowe","tag-namepromocje-w-dino","tag-pl","tag-poland","tag-polish","tag-polska","tag-polski","tag-urlhttps-www-portalspozywczy-pl-tagi-ceny-w-dino","tag-urlhttps-www-portalspozywczy-pl-tagi-dino","tag-urlhttps-www-portalspozywczy-pl-tagi-gazetka-dino","tag-urlhttps-www-portalspozywczy-pl-tagi-gazetki-reklamowe","tag-urlhttps-www-portalspozywczy-pl-tagi-promocje-w-dino"],"share_on_mastodon":{"url":"","error":"Validation failed: Text character limit of 500 exceeded"},"_links":{"self":[{"href":"https:\/\/www.europesays.com\/pl\/wp-json\/wp\/v2\/posts\/667107","targetHints":{"allow":["GET"]}}],"collection":[{"href":"https:\/\/www.europesays.com\/pl\/wp-json\/wp\/v2\/posts"}],"about":[{"href":"https:\/\/www.europesays.com\/pl\/wp-json\/wp\/v2\/types\/post"}],"author":[{"embeddable":true,"href":"https:\/\/www.europesays.com\/pl\/wp-json\/wp\/v2\/users\/2"}],"replies":[{"embeddable":true,"href":"https:\/\/www.europesays.com\/pl\/wp-json\/wp\/v2\/comments?post=667107"}],"version-history":[{"count":0,"href":"https:\/\/www.europesays.com\/pl\/wp-json\/wp\/v2\/posts\/667107\/revisions"}],"wp:featuredmedia":[{"embeddable":true,"href":"https:\/\/www.europesays.com\/pl\/wp-json\/wp\/v2\/media\/667108"}],"wp:attachment":[{"href":"https:\/\/www.europesays.com\/pl\/wp-json\/wp\/v2\/media?parent=667107"}],"wp:term":[{"taxonomy":"category","embeddable":true,"href":"https:\/\/www.europesays.com\/pl\/wp-json\/wp\/v2\/categories?post=667107"},{"taxonomy":"post_tag","embeddable":true,"href":"https:\/\/www.europesays.com\/pl\/wp-json\/wp\/v2\/tags?post=667107"}],"curies":[{"name":"wp","href":"https:\/\/api.w.org\/{rel}","templated":true}]}}