{"id":667109,"date":"2026-09-04T13:57:32","date_gmt":"2026-09-04T13:57:32","guid":{"rendered":"https:\/\/www.europesays.com\/pl\/667109\/"},"modified":"2026-09-04T13:57:32","modified_gmt":"2026-09-04T13:57:32","slug":"program-tv-dla-pilka-nozna-pko-bp-ekstraklasa-mecz-lech-poznan-rakow-czestochowa","status":"publish","type":"post","link":"https:\/\/www.europesays.com\/pl\/667109\/","title":{"rendered":"Program tv dla Pi\u0142ka no\u017cna: PKO BP Ekstraklasa &#8211; mecz: Lech Pozna\u0144 &#8211; Rak\u00f3w Cz\u0119stochowa"},"content":{"rendered":"<p>Program tv dla Pi\u0142ka no\u017cna: PKO BP Ekstraklasa &#8211; mecz: Lech Pozna\u0144 &#8211; Rak\u00f3w Cz\u0119stochowa &#8211; TV WP\u00a9 1995-2026 Grupa WP. Dane o programie TV dostarcza AKPA Polska Press<a href=\"https:\/\/pilot.wp.pl\/program-tv\" rel=\"nofollow noopener\" target=\"_blank\"><img decoding=\"async\" alt=\"close\" src=\"https:\/\/v.wpimg.pl\/Y2I3LnN2dlMoUTpdYUl7RmsJbg0-WgZCO1wrHC9fdEY_EWBMOxBjEGZQIAE9VxtHPUcjAGAHaAN7Bi8MeRwqRC4RMQ\" class=\"sc-114q9wu-0 kSJaym tte80h-5 gVPnQg\"\/><\/a><img decoding=\"async\" src=\"https:\/\/www.europesays.com\/pl\/wp-content\/uploads\/2026\/09\/MDAwMDMuYiUgFTt3Yg5vMGNNby0kV2FmNFV3ZmJDdHQ5RHV2YgU5MmwHPyspWzo0IhMjaj0ZYikkEyQlYhQmNCBBeXR9RX13bx09.webp\" class=\"sc-1rkazgm-0 iMrpvf sc-1cgefwt-0 iozIXE\" alt=\"Pi&#x142;ka no&#x17C;na: PKO BP Ekstraklasa - mecz: Lech Pozna&#x144; - Rak&#xF3;w Cz&#x119;stochowa\"\/><\/p>\n<p>150 min<\/p>\n<p><img decoding=\"async\" alt=\"CANAL+ Sport 4\" class=\"sc-114q9wu-0 kSJaym bq0m2v-0 ijkEdg xe3bsu-5 bqldqG\" src=\"https:\/\/www.europesays.com\/pl\/wp-content\/uploads\/2026\/09\/1788530252_246_NC84NzEuYSJZVjhJag5sNxoObBk1HREzTEJjCTEUKSYaGGwPZ09sbFRbKRVqES8xUxt4TmpNeXIWRCAdZwg.png\"\/> poniedzia\u0142ek, 7 wrze\u015bnia 06:00Nienajlepiej wysz\u0142o dru\u017cynie Rakowa Cz\u0119stochowa \u0142\u0105czenie gry na dw\u00f3ch frontach na pocz\u0105tku tego sezonu. Zmagania w eliminacjach do Ligi Konferencji UEFA Medaliki okupi\u0142y pora\u017ckami na krajowym podw\u00f3rku. Teraz musz\u0105 goni\u0107 rywali. W meczu z Lechem w Poznaniu o punkty nie b\u0119dzie im jednak \u0142atwo.<a href=\"https:\/\/pilot.wp.pl\/program-tv\" rel=\"nofollow noopener\" target=\"_blank\"><\/p>\n","protected":false},"excerpt":{"rendered":"Program tv dla Pi\u0142ka no\u017cna: PKO BP Ekstraklasa &#8211; mecz: Lech Pozna\u0144 &#8211; Rak\u00f3w Cz\u0119stochowa &#8211; TV WP\u00a9&hellip;\n","protected":false},"author":2,"featured_media":667110,"comment_status":"","ping_status":"","sticky":false,"template":"","format":"standard","meta":{"footnotes":"","_share_on_mastodon":"0"},"categories":[52122],"tags":[65149,11118,15587,915,65153,6010,752,42,38,40,263,39,41,8803,25068,65152,224,37743,65147,65150,318,65151,65148,1281,5071,2578,65146,65154],"class_list":["post-667109","post","type-post","status-publish","format-standard","has-post-thumbnail","category-pko-bank-polski","tag-ale-kino","tag-canal","tag-eurosport","tag-hbo","tag-mtv","tag-pko-bank-polski","tag-pko-bp","tag-pl","tag-poland","tag-polish","tag-polsat","tag-polska","tag-polski","tag-program","tag-program-telewizyjny","tag-romantica","tag-telewizja","tag-tv","tag-tv-4","tag-tv-polonia","tag-tvn","tag-tvn-7","tag-tvn-turbo","tag-tvn24","tag-tvp1","tag-tvp2","tag-tvp3-regionalny","tag-viva"],"share_on_mastodon":{"url":"https:\/\/pubeurope.com\/@pl\/117213125809728365","error":""},"_links":{"self":[{"href":"https:\/\/www.europesays.com\/pl\/wp-json\/wp\/v2\/posts\/667109","targetHints":{"allow":["GET"]}}],"collection":[{"href":"https:\/\/www.europesays.com\/pl\/wp-json\/wp\/v2\/posts"}],"about":[{"href":"https:\/\/www.europesays.com\/pl\/wp-json\/wp\/v2\/types\/post"}],"author":[{"embeddable":true,"href":"https:\/\/www.europesays.com\/pl\/wp-json\/wp\/v2\/users\/2"}],"replies":[{"embeddable":true,"href":"https:\/\/www.europesays.com\/pl\/wp-json\/wp\/v2\/comments?post=667109"}],"version-history":[{"count":0,"href":"https:\/\/www.europesays.com\/pl\/wp-json\/wp\/v2\/posts\/667109\/revisions"}],"wp:featuredmedia":[{"embeddable":true,"href":"https:\/\/www.europesays.com\/pl\/wp-json\/wp\/v2\/media\/667110"}],"wp:attachment":[{"href":"https:\/\/www.europesays.com\/pl\/wp-json\/wp\/v2\/media?parent=667109"}],"wp:term":[{"taxonomy":"category","embeddable":true,"href":"https:\/\/www.europesays.com\/pl\/wp-json\/wp\/v2\/categories?post=667109"},{"taxonomy":"post_tag","embeddable":true,"href":"https:\/\/www.europesays.com\/pl\/wp-json\/wp\/v2\/tags?post=667109"}],"curies":[{"name":"wp","href":"https:\/\/api.w.org\/{rel}","templated":true}]}}