{"id":667135,"date":"2026-09-04T14:11:12","date_gmt":"2026-09-04T14:11:12","guid":{"rendered":"https:\/\/www.europesays.com\/pl\/667135\/"},"modified":"2026-09-04T14:11:12","modified_gmt":"2026-09-04T14:11:12","slug":"most-piranie-i-osobisty-zmijewski","status":"publish","type":"post","link":"https:\/\/www.europesays.com\/pl\/667135\/","title":{"rendered":"Most, piranie i osobisty \u017bmijewski&#8230;"},"content":{"rendered":"<p class=\"news__lead\">Je\u015bli nie chcecie, \u017ceby Wasz osobisty \u201e\u017bmijewski\u201d zostawi\u0142 Was i wybra\u0142 piranie w Ameryce Po\u0142udniowej, zabierzcie go na\u2026 most. Tak, dobrze czytacie. Na most. Nie macie jeszcze swojego ulubionego? To czytajcie dalej. By\u0107 mo\u017ce w\u0142a\u015bnie go dla Was znale\u017ali\u015bmy\u2026<\/p>\n<p>Pami\u0119tacie t\u0119 scen\u0119 z filmu &#8222;Nigdy w \u017cyciu!&#8221;? Judyta, grana przez Danut\u0119 Stenk\u0119, pr\u00f3buje zatrzyma\u0107 ukochanego przed wyjazdem na piranie. Mknie samochodem w strugach deszczu, nagle auto odmawia pos\u0142usze\u0144stwa, a wska\u017anik pokazuje brak benzyny.<\/p>\n<p>Miejscem tej romantyczno-dramatycznej sceny by\u0142 warszawski Most \u015awi\u0119tokrzyski, kt\u00f3ry ma\u00a0w sobie to \u201eco\u015b\u201d, co\u00a0dostrzegli filmowcy, sprawiaj\u0105c, \u017ce sta\u0142 si\u0119 miejscem wielkich uczu\u0107 i\u00a0\u017cyciowych decyzji.<\/p>\n<p>A w \u017cyciu nic nie dzieje si\u0119 bez przyczyny\u2026 i kiedy ruszaj\u0105 zdj\u0119cia do kontynuacji historii Judyty, niedaleko Warszawy, w Gminie Rzewnie, w\u00f3jt otwiera\u2026 most.<\/p>\n<p>Przypadek?<\/p>\n<p>\u2013 Jak go zobaczy\u0142am, pomy\u015bla\u0142am sobie &#8211; \u201eJest jak z filmu!\u201d \u2013 opowiada\u0142a nam zachwycona rozm\u00f3wczyni, kt\u00f3ra uczestniczy\u0142a w uroczystym otwarciu przeprawy. \u2013 Od razu mia\u0142am przed oczami scen\u0119, kiedy Judyta i Adam (od red. &#8211; Artur \u017bmijewski), id\u0105 szcz\u0119\u015bliwi, w deszczu przez Most \u015awi\u0119tokrzyski. I pomy\u015bla\u0142am sobie, \u017ce i my mamy teraz swoje miejsce dla zakochanych! Mamy sw\u00f3j gminny Most \u015awi\u0119tokrzyski. Mo\u017ce staniemy si\u0119 te\u017c\u00a0miejscem planu filmowego?<\/p>\n<p>No w\u0142a\u015bnie&#8230; Dlaczego nie?<\/p>\n<p>Drodzy re\u017cyserzy, drodzy scenarzy\u015bci \u201eW\u0142a\u015bnie, \u017ce tak! Nigdy w \u017cyciu! 20 lat p\u00f3\u017aniej\u201d!\u00a0Je\u015bli potrzebujecie miejsca na romantyczne sceny, rozstanie czy spacer dwojga ludzi, kt\u00f3rzy jeszcze nie wiedz\u0105, \u017ce za chwil\u0119 b\u0119d\u0105 \u017cy\u0107 d\u0142ugo i szcz\u0119\u015bliwie &#8211;\u00a0informujemy &#8211; MAMY MOST! Jest nowy, pi\u0119kny, romantyczny i wr\u0119cz pachnie \u015bwie\u017co\u015bci\u0105. A dzi\u0119ki Wam mo\u017ce sta\u0107 si\u0119\u00a0Mostem \u015awi\u0119tokrzyskim p\u00f3\u0142nocnego Mazowsza.\u00a0Je\u015bli wi\u0119c gdzie\u015b w Waszym scenariuszu pojawi\u0142o si\u0119 zdanie:\u00a0\u201eKochanie, nie mo\u017cesz wyjecha\u0107!\u00a0Zosta\u0144!\u201d\u00a0 &#8211; \u00a0to ju\u017c wiecie, gdzie mo\u017cecie nakr\u0119ci\u0107 takie sceny\u2026 Skoro Judyta kiedy\u015b ruszy\u0142a za Adamem a\u017c na Most \u015awi\u0119tokrzyski, to dlaczego 20 lat p\u00f3\u017aniej ich nowa historia nie mia\u0142aby dosta\u0107\u00a0swojego nowiute\u0144kiego\u00a0mostu w Rzewniu?<\/p>\n<p>Judyto, Adamie \u2013 zapraszamy! Gmina Rzewnie czeka.<\/p>\n<p>Wszystkim zakochanym podpowiadamy &#8211; Je\u015bli chcecie zatrzyma\u0107 kogo\u015b na zawsze, nie potrzebujecie pe\u0142nego baku, nie jest Wam potrzebny samoch\u00f3d, kt\u00f3ry nagle odm\u00f3wi pos\u0142usze\u0144stwa w najmniej odpowiednim momencie.<\/p>\n<p>Wystarczy wybra\u0107\u00a0most.<\/p>\n<p>Ten w Rzewniu.<\/p>\n<p>A piranie?<\/p>\n<p>Niech sobie jeszcze troch\u0119 poczekaj\u0105\u2026<\/p>\n<p><img loading=\"lazy\" decoding=\"async\" height=\"525\" src=\"https:\/\/www.europesays.com\/pl\/wp-content\/uploads\/2026\/09\/inline__1855433_7270.jpg\" width=\"700\"\/><\/p>\n<p>\u00a0<\/p>\n<p>                                                                                                                                                                                                        ]]><\/p>\n","protected":false},"excerpt":{"rendered":"Je\u015bli nie chcecie, \u017ceby Wasz osobisty \u201e\u017bmijewski\u201d zostawi\u0142 Was i wybra\u0142 piranie w Ameryce Po\u0142udniowej, zabierzcie go na\u2026&hellip;\n","protected":false},"author":2,"featured_media":667136,"comment_status":"","ping_status":"","sticky":false,"template":"","format":"standard","meta":{"footnotes":"","_share_on_mastodon":"0"},"categories":[51605],"tags":[9760,42,38,40,39,41,101258,435,21833],"class_list":["post-667135","post","type-post","status-publish","format-standard","has-post-thumbnail","category-warszawa","tag-mazowsze","tag-pl","tag-poland","tag-polish","tag-polska","tag-polski","tag-pultusk","tag-warszawa","tag-wojt"],"share_on_mastodon":{"url":"https:\/\/pubeurope.com\/@pl\/117213179743321388","error":""},"_links":{"self":[{"href":"https:\/\/www.europesays.com\/pl\/wp-json\/wp\/v2\/posts\/667135","targetHints":{"allow":["GET"]}}],"collection":[{"href":"https:\/\/www.europesays.com\/pl\/wp-json\/wp\/v2\/posts"}],"about":[{"href":"https:\/\/www.europesays.com\/pl\/wp-json\/wp\/v2\/types\/post"}],"author":[{"embeddable":true,"href":"https:\/\/www.europesays.com\/pl\/wp-json\/wp\/v2\/users\/2"}],"replies":[{"embeddable":true,"href":"https:\/\/www.europesays.com\/pl\/wp-json\/wp\/v2\/comments?post=667135"}],"version-history":[{"count":0,"href":"https:\/\/www.europesays.com\/pl\/wp-json\/wp\/v2\/posts\/667135\/revisions"}],"wp:featuredmedia":[{"embeddable":true,"href":"https:\/\/www.europesays.com\/pl\/wp-json\/wp\/v2\/media\/667136"}],"wp:attachment":[{"href":"https:\/\/www.europesays.com\/pl\/wp-json\/wp\/v2\/media?parent=667135"}],"wp:term":[{"taxonomy":"category","embeddable":true,"href":"https:\/\/www.europesays.com\/pl\/wp-json\/wp\/v2\/categories?post=667135"},{"taxonomy":"post_tag","embeddable":true,"href":"https:\/\/www.europesays.com\/pl\/wp-json\/wp\/v2\/tags?post=667135"}],"curies":[{"name":"wp","href":"https:\/\/api.w.org\/{rel}","templated":true}]}}