{"id":667159,"date":"2026-09-04T14:25:34","date_gmt":"2026-09-04T14:25:34","guid":{"rendered":"https:\/\/www.europesays.com\/pl\/667159\/"},"modified":"2026-09-04T14:25:34","modified_gmt":"2026-09-04T14:25:34","slug":"program-tv-dla-pilka-nozna-pko-bp-ekstraklasa-mecz-cracovia-gornik-zabrze","status":"publish","type":"post","link":"https:\/\/www.europesays.com\/pl\/667159\/","title":{"rendered":"Program tv dla Pi\u0142ka no\u017cna: PKO BP Ekstraklasa &#8211; mecz: Cracovia &#8211; G\u00f3rnik Zabrze"},"content":{"rendered":"<p>Program tv dla Pi\u0142ka no\u017cna: PKO BP Ekstraklasa &#8211; mecz: Cracovia &#8211; G\u00f3rnik Zabrze &#8211; TV WP\u00a9 1995-2026 Grupa WP. Dane o programie TV dostarcza AKPA Polska Press<a href=\"https:\/\/pilot.wp.pl\/program-tv\" rel=\"nofollow noopener\" target=\"_blank\"><img decoding=\"async\" alt=\"close\" src=\"https:\/\/v.wpimg.pl\/Y2I3LnN2dlMoUTpdYUl7RmsJbg0-WgZCO1wrHC9fdEY_EWBMOxBjEGZQIAE9VxtHPUcjAGAHaAN7Bi8MeRwqRC4RMQ\" class=\"sc-114q9wu-0 kSJaym tte80h-5 gVPnQg\"\/><\/a><img decoding=\"async\" src=\"https:\/\/www.europesays.com\/pl\/wp-content\/uploads\/2026\/09\/MzM1NTcuYhssUzhnTA5vDm8LbD0KV2FYOBN0dkxDdEo1AnZmTAU5DGBBPDsHWzoKLlUgehMZYhcoVSc1TBQmCiwHdmdQQHhNY1s-.jpeg\" class=\"sc-1rkazgm-0 iMrpvf sc-1cgefwt-0 iozIXE\" alt=\"Pi&#x142;ka no&#x17C;na: PKO BP Ekstraklasa - mecz: Cracovia - G&#xF3;rnik Zabrze\"\/><\/p>\n<p>140 min<\/p>\n<p><img decoding=\"async\" alt=\"CANAL+ Sport HD\" class=\"sc-114q9wu-0 kSJaym bq0m2v-0 ijkEdg xe3bsu-5 bqldqG\" src=\"https:\/\/www.europesays.com\/pl\/wp-content\/uploads\/2026\/09\/1788531934_220_NC80MjcuYSJZUjtZTA5sNxoKbwkTHREzTEZgGRcUKSYaHG8fQU9sbFRfKgVMES8xUx97XkxBfHQWQCMNQQg.png\"\/> wtorek, 8 wrze\u015bnia 02:00Nie uda\u0142o si\u0119 G\u00f3rnikowi Zabrze zakwalifikowa\u0107 do fazy ligowej \u017cadnego z europejskich puchar\u00f3w. Na ekstraklasowych boiskach wicemistrzowie Polski spisuj\u0105 si\u0119 jednak znakomicie, i robi\u0105 wszystko, by za rok zn\u00f3w spr\u00f3bowa\u0107 swoich si\u0142 na mi\u0119dzynarodowej arenie. Tym razem spr\u00f3buj\u0105 pokona\u0107 Cracovi\u0119 na wyje\u017adzie.<a href=\"https:\/\/pilot.wp.pl\/program-tv\" rel=\"nofollow noopener\" target=\"_blank\"><\/p>\n","protected":false},"excerpt":{"rendered":"Program tv dla Pi\u0142ka no\u017cna: PKO BP Ekstraklasa &#8211; mecz: Cracovia &#8211; G\u00f3rnik Zabrze &#8211; TV WP\u00a9 1995-2026&hellip;\n","protected":false},"author":2,"featured_media":667160,"comment_status":"","ping_status":"","sticky":false,"template":"","format":"standard","meta":{"footnotes":"","_share_on_mastodon":"0"},"categories":[52122],"tags":[65149,11118,15587,915,65153,6010,752,42,38,40,263,39,41,8803,25068,65152,224,37743,65147,65150,318,65151,65148,1281,5071,2578,65146,65154],"class_list":["post-667159","post","type-post","status-publish","format-standard","has-post-thumbnail","category-pko-bank-polski","tag-ale-kino","tag-canal","tag-eurosport","tag-hbo","tag-mtv","tag-pko-bank-polski","tag-pko-bp","tag-pl","tag-poland","tag-polish","tag-polsat","tag-polska","tag-polski","tag-program","tag-program-telewizyjny","tag-romantica","tag-telewizja","tag-tv","tag-tv-4","tag-tv-polonia","tag-tvn","tag-tvn-7","tag-tvn-turbo","tag-tvn24","tag-tvp1","tag-tvp2","tag-tvp3-regionalny","tag-viva"],"share_on_mastodon":{"url":"https:\/\/pubeurope.com\/@pl\/117213235809378779","error":""},"_links":{"self":[{"href":"https:\/\/www.europesays.com\/pl\/wp-json\/wp\/v2\/posts\/667159","targetHints":{"allow":["GET"]}}],"collection":[{"href":"https:\/\/www.europesays.com\/pl\/wp-json\/wp\/v2\/posts"}],"about":[{"href":"https:\/\/www.europesays.com\/pl\/wp-json\/wp\/v2\/types\/post"}],"author":[{"embeddable":true,"href":"https:\/\/www.europesays.com\/pl\/wp-json\/wp\/v2\/users\/2"}],"replies":[{"embeddable":true,"href":"https:\/\/www.europesays.com\/pl\/wp-json\/wp\/v2\/comments?post=667159"}],"version-history":[{"count":0,"href":"https:\/\/www.europesays.com\/pl\/wp-json\/wp\/v2\/posts\/667159\/revisions"}],"wp:featuredmedia":[{"embeddable":true,"href":"https:\/\/www.europesays.com\/pl\/wp-json\/wp\/v2\/media\/667160"}],"wp:attachment":[{"href":"https:\/\/www.europesays.com\/pl\/wp-json\/wp\/v2\/media?parent=667159"}],"wp:term":[{"taxonomy":"category","embeddable":true,"href":"https:\/\/www.europesays.com\/pl\/wp-json\/wp\/v2\/categories?post=667159"},{"taxonomy":"post_tag","embeddable":true,"href":"https:\/\/www.europesays.com\/pl\/wp-json\/wp\/v2\/tags?post=667159"}],"curies":[{"name":"wp","href":"https:\/\/api.w.org\/{rel}","templated":true}]}}