{"id":667171,"date":"2026-09-04T14:31:16","date_gmt":"2026-09-04T14:31:16","guid":{"rendered":"https:\/\/www.europesays.com\/pl\/667171\/"},"modified":"2026-09-04T14:31:16","modified_gmt":"2026-09-04T14:31:16","slug":"ten-sam-przejazd-kolejowy-i-znow-blisko-tragedii","status":"publish","type":"post","link":"https:\/\/www.europesays.com\/pl\/667171\/","title":{"rendered":"Ten sam przejazd kolejowy i zn\u00f3w blisko tragedii"},"content":{"rendered":"<p>\t\t\t\t\t\t\t\tKolejny gro\u017any incydent na\u00a0przeje\u017adzie kolejowym przy ul.\u00a0Niegowskiej w\u00a0Gda\u0144sku (Gda\u0144sk Lipce). Zaledwie dob\u0119 po\u00a0zderzeniu poci\u0105gu z\u00a0ci\u0119\u017car\u00f3wk\u0105 inna kieruj\u0105ca ugrz\u0119z\u0142a mi\u0119dzy rogatkami.<\/p>\n<p><a href=\"https:\/\/radiogdansk.pl\/wiadomosci\/trojmiasto\/2026\/09\/03\/tir-zderzyl-sie-z-pociagiem-w-gdansku\/\" target=\"_blank\" rel=\"noopener nofollow\">Informowali\u015bmy o\u00a0dramatycznym wypadku na\u00a0przeje\u017adzie kolejowo-drogowym przy ul.\u00a0Niegowskiej w\u00a0Gda\u0144sku, gdzie 3 wrze\u015bnia poci\u0105g pasa\u017cerski uderzy\u0142 w\u00a0ci\u0119\u017car\u00f3wk\u0119<\/a>. Zaledwie dzie\u0144 p\u00f3\u017aniej historia omal si\u0119 nie\u00a0powt\u00f3rzy\u0142a. Kolejny samoch\u00f3d zosta\u0142 uwi\u0119ziony mi\u0119dzy opuszczonymi rogatkami w\u00a0momencie, gdy\u00a0do\u00a0przejazdu zbli\u017ca\u0142 si\u0119 poci\u0105g. Tym razem zabrak\u0142o dos\u0142ownie metr\u00f3w do\u00a0katastrofy.<\/p>\n<p>ZN\u00d3W NIE\u00a0STARANOWANO SZLABANU<\/p>\n<p>Jak zaznaczaj\u0105 przedstawiciele sp\u00f3\u0142ki PKP Polskie Linie Kolejowe, w\u00a0obu przypadkach kierowcy pope\u0142nili ten sam b\u0142\u0105d. Mimo sprawnych pojazd\u00f3w i\u00a0wyra\u017anych podpowiedzi \u015bwiadk\u00f3w, \u017caden z\u00a0nich nie\u00a0zdecydowa\u0142 si\u0119 na\u00a0taranowanie szlabanu. W\u00a0pi\u0105tek, 4 wrze\u015bnia, sko\u0144czy\u0142o si\u0119 na\u00a0strachu, ale\u00a0mog\u0142o doj\u015b\u0107 do\u00a0tragedii \u2013 \u015bmierci lub kalectwa kieruj\u0105cej, maszynisty oraz\u00a0pasa\u017cer\u00f3w poci\u0105gu. Dodatkowo uszkodzenia infrastruktury na\u00a0kluczowej trasie \u0142\u0105cz\u0105cej Tr\u00f3jmiasto z\u00a0Warszaw\u0105 generuj\u0105 op\u00f3\u017anienia i\u00a0koszty napraw \u2013 podkre\u015bla sp\u00f3\u0142ka.\u00a0<\/p>\n<p>JAK REAGOWA\u0106 PODCZAS UTKNI\u0118CIA NA\u00a0TORACH?<\/p>\n<p>Polskie Linie Kolejowe S.A. apeluj\u0105 o\u00a0rozs\u0105dek i\u00a0przypominaj\u0105 podstawowe zasady, kt\u00f3re ratuj\u0105 \u017cycie:<\/p>\n<p>je\u015bli samoch\u00f3d znajdzie si\u0119 mi\u0119dzy rogatkami, nie\u00a0ma\u00a0czasu na\u00a0wahanie.<br \/>\nJe\u015bli pojazd jest sprawny \u2013 rusz i\u00a0wy\u0142am rogatk\u0119.<br \/>\nJe\u015bli samoch\u00f3d uleg\u0142 awarii \u2013 natychmiast opu\u015b\u0107 pojazd i\u00a0przejazd, a\u00a0nast\u0119pnie zadzwo\u0144 pod\u00a0numer 112 i\u00a0podaj indywidualny numer przejazdu z\u00a0\u017b\u00f3\u0142tej Naklejki PLK.<br \/>\n\u017b\u00f3\u0142ta Naklejka znajduje si\u0119 na\u00a0ka\u017cdym przeje\u017adzie kolejowo-drogowym \u2013 na\u00a0nap\u0119dzie rogatki lub na\u00a0krzy\u017cu \u015bw.\u00a0Andrzeja. Podanie jej numeru pozwala s\u0142u\u017cbom szybko zidentyfikowa\u0107 przejazd i\u00a0wstrzyma\u0107 ruch poci\u0105g\u00f3w.<\/p>\n<p>Wi\u0119cej o\u00a0zasadach bezpiecze\u0144stwa: <a class=\"x1i10hfl xjbqb8w x1ejq31n x18oe1m7 x1sy0etr xstzfhl x972fbf x10w94by x1qhh985 x14e42zd x9f619 x1ypdohk xt0psk2 x3ct3a4 xdj266r x14z9mp xat24cr x1lziwak xexx8yu xyri2b x18d9i69 x1c1uobl x16tdsg8 x1hl2dhg xggy1nq x1a2a7pz xkrqix3 x1sur9pj x1fey0fg x1s688f\" tabindex=\"0\" role=\"link\" href=\"https:\/\/bezpieczny-przejazd.pl\/?fbclid=IwcGRvZgFleHRuA2FlbQIxMABicmlkETA4dk5xNXJET1FQZTU2a0Foc3J0YwZhcHBfaWQQMjIyMDM5MTc4ODIwMDg5MgABHgbocezoMhofMAn8UqfGVPOBdqd9t1aQfR4IpOlHWNt_QgV92XZl1aBlWfar_aem_tXad887v65MYi3JgLtSD2w\" target=\"_blank\" rel=\"nofollow noopener\">bezpieczny-przejazd.pl<\/a><\/p>\n<p>TYLE MA\u00a0ZAP\u0141ACI\u0106 KIEROWCA CI\u0118\u017bAR\u00d3WKI<\/p>\n<p>Na\u00a0140 tysi\u0119cy z\u0142otych PKP PLK szacuj\u0105 koszty naprawy infrastruktury kolejowej po\u00a0wypadku, do\u00a0kt\u00f3rego\u00a0dosz\u0142o wczoraj na\u00a0przeje\u017adzie w\u00a0rejonie Gda\u0144ska Lipiec. Samoch\u00f3d ci\u0119\u017carowy prowadzony przez\u00a0zawodowego kierowc\u0119 wjecha\u0142 na\u00a0przejazd, a\u00a0chwil\u0119 p\u00f3\u017aniej uderzy\u0142 w\u00a0niego poci\u0105g PKP Intercity. 204 poci\u0105gi pasa\u017cerskie zanotowa\u0142y \u0142\u0105cznie ponad 293 godziny op\u00f3\u017anie\u0144. 30 poci\u0105g\u00f3w odwo\u0142ano na\u00a0cz\u0119\u015bci tras, 45 skierowano trasami okr\u0119\u017cnymi. W\u00a0wypadku ranny zosta\u0142 maszynista. Uszkodzone zosta\u0142y infrastruktura kolejowa oraz\u00a0lokomotywa. PKP Polskie Linie Kolejowe b\u0119d\u0105 dochodzi\u0107 zwrotu koszt\u00f3w naprawy od\u00a0sprawcy zdarzenia.<\/p>\n<p style=\"text-align: right;\">SG\/puch<\/p>\n<p>\u00a0<\/p>\n<p>\u00a0<\/p>\n","protected":false},"excerpt":{"rendered":"Kolejny gro\u017any incydent na\u00a0przeje\u017adzie kolejowym przy ul.\u00a0Niegowskiej w\u00a0Gda\u0144sku (Gda\u0144sk Lipce). Zaledwie dob\u0119 po\u00a0zderzeniu poci\u0105gu z\u00a0ci\u0119\u017car\u00f3wk\u0105 inna kieruj\u0105ca ugrz\u0119z\u0142a&hellip;\n","protected":false},"author":2,"featured_media":667172,"comment_status":"","ping_status":"","sticky":false,"template":"","format":"standard","meta":{"footnotes":"","_share_on_mastodon":"0"},"categories":[51610],"tags":[1048,42,38,40,39,41],"class_list":["post-667171","post","type-post","status-publish","format-standard","has-post-thumbnail","category-gdansk","tag-gdansk","tag-pl","tag-poland","tag-polish","tag-polska","tag-polski"],"share_on_mastodon":{"url":"https:\/\/pubeurope.com\/@pl\/117213258323516143","error":""},"_links":{"self":[{"href":"https:\/\/www.europesays.com\/pl\/wp-json\/wp\/v2\/posts\/667171","targetHints":{"allow":["GET"]}}],"collection":[{"href":"https:\/\/www.europesays.com\/pl\/wp-json\/wp\/v2\/posts"}],"about":[{"href":"https:\/\/www.europesays.com\/pl\/wp-json\/wp\/v2\/types\/post"}],"author":[{"embeddable":true,"href":"https:\/\/www.europesays.com\/pl\/wp-json\/wp\/v2\/users\/2"}],"replies":[{"embeddable":true,"href":"https:\/\/www.europesays.com\/pl\/wp-json\/wp\/v2\/comments?post=667171"}],"version-history":[{"count":0,"href":"https:\/\/www.europesays.com\/pl\/wp-json\/wp\/v2\/posts\/667171\/revisions"}],"wp:featuredmedia":[{"embeddable":true,"href":"https:\/\/www.europesays.com\/pl\/wp-json\/wp\/v2\/media\/667172"}],"wp:attachment":[{"href":"https:\/\/www.europesays.com\/pl\/wp-json\/wp\/v2\/media?parent=667171"}],"wp:term":[{"taxonomy":"category","embeddable":true,"href":"https:\/\/www.europesays.com\/pl\/wp-json\/wp\/v2\/categories?post=667171"},{"taxonomy":"post_tag","embeddable":true,"href":"https:\/\/www.europesays.com\/pl\/wp-json\/wp\/v2\/tags?post=667171"}],"curies":[{"name":"wp","href":"https:\/\/api.w.org\/{rel}","templated":true}]}}