{"id":667189,"date":"2026-09-04T14:40:10","date_gmt":"2026-09-04T14:40:10","guid":{"rendered":"https:\/\/www.europesays.com\/pl\/667189\/"},"modified":"2026-09-04T14:40:10","modified_gmt":"2026-09-04T14:40:10","slug":"nie-zyje-adam-michalski-mial-tylko-38-lat","status":"publish","type":"post","link":"https:\/\/www.europesays.com\/pl\/667189\/","title":{"rendered":"Nie \u017cyje Adam Michalski. Mia\u0142 tylko 38 lat"},"content":{"rendered":"<p>&#8222;Z ogromnym smutkiem informujemy o \u015bmierci Adama Michalskiego, by\u0142ego zawodnika naszego klubu, graj\u0105cego na pozycji \u015brodkowego bloku. Adam reprezentowa\u0142 nasze barwy przez pi\u0119\u0107 sezon\u00f3w: 2005\/2006, 2006\/2007, 2007\/2008, 2008\/2009 oraz 2011\/2012, na poziomie drugiej i pierwszej ligi&#8221; \u2014 czytamy w komunikacie klubu z Jaworzna.<\/p>\n<p>Dalszy ci\u0105g artyku\u0142u pod materia\u0142em wideo<\/p>\n<p>&#8222;By\u0142 sportowcem oddanym dru\u017cynie, cenionym koleg\u0105 i zawodnikiem o wielkim sercu do siatk\u00f3wki. W ostatnich latach pe\u0142ni\u0142 rol\u0119 zawodnika oraz asystenta trenera w drugoligowym klubie MKS IKAR Legnica, nadal z pasj\u0105 anga\u017cuj\u0105c si\u0119 w rozw\u00f3j siatk\u00f3wki&#8221; \u2014 dodano.<\/p>\n<p><a href=\"https:\/\/przegladsportowy.onet.pl\/\" title=\"Strona g\u0142\u00f3wna serwisu\" aria-label=\"Strona g\u0142\u00f3wna serwisu\" data-astro-prefetch=\"tap\" class=\"ods-a-logo-main-desktop\" rel=\"nofollow noopener\" target=\"_blank\"><img src=\"https:\/\/cdn.przegladsportowy.onet.pl\/img\/Logo_desktop_Onet.svg\" class=\"ods-a-logo-main-desktop__image\" alt=\"Logo\" width=\"107\" height=\"60\" fetchpriority=\"high\" decoding=\"sync\" style=\"height:60px\"\/><\/a><\/p>\n<p class=\"ods-m-google-article__text\">Czytaj nas cz\u0119\u015bciej w Google<\/p>\n<p><a href=\"https:\/\/google.com\/preferences\/source?q=przegladsportowy.onet.pl\" target=\"_blank\" rel=\"noopener noreferrer nofollow\" aria-label=\"Dodaj w Google\" title=\"Dodaj w Google\" class=\"ods-a-button ods-a-button__primary ods-a-button__default ods-a-button-l\">Dodaj w Google<\/a><\/p>\n<p>&#8222;Rodzinie, bliskim i przyjacio\u0142om sk\u0142adamy najszczersze wyrazy wsp\u00f3\u0142czucia. \u0141\u0105czymy si\u0119 w b\u00f3lu i pami\u0119ci o cz\u0142owieku, kt\u00f3ry na zawsze pozostanie cz\u0119\u015bci\u0105 historii naszego klubu&#8221; \u2014 podsumowano.<\/p>\n<p>Adam Michalski przez lata wyst\u0119powa\u0142 w PlusLidze<\/p>\n<p>Michalski gra\u0142 jako \u015brodkowy. Najwi\u0119ksze sukcesy odnosi\u0142 w dru\u017cynie Cuprumu Lubin, z kt\u00f3rym wywalczy\u0142 awans do najwy\u017cszej klasy rozgrywkowej. To w\u0142a\u015bnie w barwach tej dru\u017cyny gra\u0142 na parkietach PlusLigi od 2014 do 2018 r.<\/p>\n<p>Wed\u0142ug oficjalnych statystyk w tym okresie wyst\u0105pi\u0142 w 50 meczach, w kt\u00f3rych zdoby\u0142 148 pkt.<\/p>\n<p>Michalski seniorsk\u0105 karier\u0119 rozpocz\u0105\u0142 w 2002 r. w GKS Katowice, nast\u0119pnie reprezentowa\u0142 Energetyka Jaworzno (obecnie MCKiS), Avi\u0119 \u015awidnik i Cuprum. W latach 2018-2021 gra\u0142 w SPS Chrobrym G\u0142og\u00f3w, a p\u00f3\u017aniej zwi\u0105za\u0142 si\u0119 z Che\u0142mcem Wa\u0142brzych i MKS-em Ikar Legnica.<\/p>\n","protected":false},"excerpt":{"rendered":"&#8222;Z ogromnym smutkiem informujemy o \u015bmierci Adama Michalskiego, by\u0142ego zawodnika naszego klubu, graj\u0105cego na pozycji \u015brodkowego bloku. Adam&hellip;\n","protected":false},"author":2,"featured_media":667190,"comment_status":"","ping_status":"","sticky":false,"template":"","format":"standard","meta":{"footnotes":"","_share_on_mastodon":"0"},"categories":[24],"tags":[128177,61195,129571,48,46,42,6242,38,40,39,41,47,131,127,126,130,128178],"class_list":["post-667189","post","type-post","status-publish","format-standard","has-post-thumbnail","category-sport","tag-adshield_tst2","tag-bottomfeed_styl","tag-cuprum_lubin","tag-nat_styl","tag-omp","tag-pl","tag-plusliga","tag-poland","tag-polish","tag-polska","tag-polski","tag-screening_general","tag-siatkowka","tag-sport","tag-sports","tag-wiadomosci_sportowe","tag-wthl_off"],"share_on_mastodon":{"url":"https:\/\/pubeurope.com\/@pl\/117213294678749219","error":""},"_links":{"self":[{"href":"https:\/\/www.europesays.com\/pl\/wp-json\/wp\/v2\/posts\/667189","targetHints":{"allow":["GET"]}}],"collection":[{"href":"https:\/\/www.europesays.com\/pl\/wp-json\/wp\/v2\/posts"}],"about":[{"href":"https:\/\/www.europesays.com\/pl\/wp-json\/wp\/v2\/types\/post"}],"author":[{"embeddable":true,"href":"https:\/\/www.europesays.com\/pl\/wp-json\/wp\/v2\/users\/2"}],"replies":[{"embeddable":true,"href":"https:\/\/www.europesays.com\/pl\/wp-json\/wp\/v2\/comments?post=667189"}],"version-history":[{"count":0,"href":"https:\/\/www.europesays.com\/pl\/wp-json\/wp\/v2\/posts\/667189\/revisions"}],"wp:featuredmedia":[{"embeddable":true,"href":"https:\/\/www.europesays.com\/pl\/wp-json\/wp\/v2\/media\/667190"}],"wp:attachment":[{"href":"https:\/\/www.europesays.com\/pl\/wp-json\/wp\/v2\/media?parent=667189"}],"wp:term":[{"taxonomy":"category","embeddable":true,"href":"https:\/\/www.europesays.com\/pl\/wp-json\/wp\/v2\/categories?post=667189"},{"taxonomy":"post_tag","embeddable":true,"href":"https:\/\/www.europesays.com\/pl\/wp-json\/wp\/v2\/tags?post=667189"}],"curies":[{"name":"wp","href":"https:\/\/api.w.org\/{rel}","templated":true}]}}