{"id":667197,"date":"2026-09-04T14:44:16","date_gmt":"2026-09-04T14:44:16","guid":{"rendered":"https:\/\/www.europesays.com\/pl\/667197\/"},"modified":"2026-09-04T14:44:16","modified_gmt":"2026-09-04T14:44:16","slug":"meghan-markle-odrzucil-oferte-charlesa-spencera-chodzilo-o-swieta-ziemie","status":"publish","type":"post","link":"https:\/\/www.europesays.com\/pl\/667197\/","title":{"rendered":"Meghan Markle odrzuci\u0142 ofert\u0119 Charlesa Spencera. Chodzi\u0142o o &#8222;\u015bwi\u0119t\u0105 ziemi\u0119&#8221;"},"content":{"rendered":"<p><a href=\"https:\/\/plejada.pl\/temat\/rodziny-krolewskie-rody-royalsi\/rgknq1p\" target=\"_blank\" class=\"ods-c-linked-image\" rel=\"nofollow noopener\"><img src=\"https:\/\/www.europesays.com\/pl\/wp-content\/uploads\/2026\/09\/1788533055_526_203k9lBaHR0cHM6Ly9vY2RuLmV1L3B1bHNjbXMvTURBXy9mMTRkOTIyMDcwYjFjMGI2YzQyMTNkNDYwYWYwNTg3Ni5qcGeRlQLNB.jpeg\" height=\"50\" width=\"400\" alt=\"royalsi plejada\" fetchpriority=\"auto\" loading=\"lazy\" decoding=\"async\" class=\"ods-c-image__img ods-c-linked-image__image\"\/><\/a>W \u015brod\u0119 26 sierpnia <a href=\"https:\/\/plejada.pl\/temat\/ksiaze-harry-henryk-ksiaze-sussexu\/4z43csc\" id=\"d70ca7a0-52ee-4d44-9ccd-600f608f330e\" rel=\"nofollow noopener\" target=\"_blank\">ksi\u0105\u017c\u0119 Harry<\/a> i <a href=\"https:\/\/plejada.pl\/temat\/ksiezna-meghan-ksiezna-sussex-meghan-markle\/52km2qm\" id=\"4c124d6d-48c7-4885-a44b-75e21a1ab46f\" rel=\"nofollow noopener\" target=\"_blank\">Meghan Markle<\/a> wr\u00f3cili do Wielkiej Brytanii. Podobno <a href=\"https:\/\/plejada.pl\/newsy\/ksiaze-harry-i-meghan-markle-maja-zamieszkac-w-brytyjskim-raju-dla-celebrytow\/4r3yv0p\" id=\"edb9b86d-e34c-430f-89b6-5f2e2931097e\" rel=\"nofollow noopener\" target=\"_blank\">zatrzymali si\u0119 w Cotswolds <\/a>w rezydencji nale\u017c\u0105cej do ich przyjaciela. Z medialnych doniesie\u0144 wynika, \u017ce <a href=\"https:\/\/plejada.pl\/temat\/sussexowie\/3tqwef0\" id=\"2d3e78d0-5fa7-4b6b-90e4-af723ed5094f\" rel=\"nofollow noopener\" target=\"_blank\">Sussexowie<\/a> szukaj\u0105 sta\u0142ego domu (wed\u0142ug &#8222;The Sun&#8221;: z dziewi\u0119cioma sypialniami), poniewa\u017c planuj\u0105 sp\u0119dza\u0107 w Wielkiej Brytanii &#8222;coraz wi\u0119cej czasu&#8221;.Je\u015bli wierzy\u0107 \u017ar\u00f3d\u0142om Roba Shutera z &#8222;Naughty But Nice&#8221;, Markle mia\u0142a odrzuci\u0107 dom zaoferowany przez wuja ksi\u0119cia Harry\u2019ego, <a href=\"https:\/\/plejada.pl\/temat\/charles-spencer-brat-ksieznej-diany\/f1dxf5z\" id=\"db5691dd-0cd0-4d53-8edb-fd8412884a5b\" rel=\"nofollow noopener\" target=\"_blank\">Charlesa Spencera<\/a>, uznaj\u0105c, \u017ce nie zapewnia on luksusu, jakiego potrzebuj\u0105.<a href=\"https:\/\/www.onet.pl\/\" title=\"Strona G\u0142\u00f3wna\" aria-label=\"Strona G\u0142\u00f3wna\" data-astro-prefetch=\"tap\" class=\"ods-a-logo-main-desktop\" rel=\"nofollow noopener\" target=\"_blank\"><img src=\"https:\/\/cdn.plejada.pl\/img\/Logo_desktop_Onet.svg\" class=\"ods-a-logo-main-desktop__image\" alt=\"Logo\" width=\"107\" height=\"60\" fetchpriority=\"high\" decoding=\"sync\" style=\"height:60px\"\/><\/a><\/p>\n<p class=\"ods-m-google-article__text\">Czytaj nas cz\u0119\u015bciej w Google<\/p>\n<p><a href=\"https:\/\/google.com\/preferences\/source?q=plejada.pl\" target=\"_blank\" rel=\"noopener noreferrer nofollow\" aria-label=\"Dodaj w Google\" title=\"Dodaj w Google\" class=\"ods-a-button ods-a-button__primary ods-a-button__default ods-a-button-l\">Dodaj w Google<\/a>Podobno Sussexowie otrzymali propozycj\u0119 zamieszkania w The Falconry \u2014 domu my\u015bliwskim z pocz\u0105tku XVII w. po\u0142o\u017conym na skraju parku jeleni na terenie posiad\u0142o\u015bci Althorp w Northamptonshire. Spencer (brat <a href=\"https:\/\/plejada.pl\/temat\/ksiezna-diana-ksiezna-walii\/5r4xzy0\" id=\"b5fed6b5-9068-45ce-8a06-e948b495c85b\" rel=\"nofollow noopener\" target=\"_blank\">ksi\u0119\u017cnej Diany<\/a>) mieszka\u0142 tam, zanim w 1992 r. odziedziczy\u0142 g\u0142\u00f3wn\u0105 posiad\u0142o\u015b\u0107.Dalszy ci\u0105g artyku\u0142u pod materia\u0142em wideo<\/p>\n<p>&#8222;Harry by\u0142 naprawd\u0119 poruszony, poniewa\u017c Althorp zawsze b\u0119dzie dla niego \u015bwi\u0119t\u0105 ziemi\u0105. Jednak Meghan wystarczy\u0142o jedno spojrzenie na rzeczywisto\u015b\u0107, by wiedzie\u0107, \u017ce to nie zadzia\u0142a. Wed\u0142ug niej Althrop jest zbyt odosobnione, zbyt daleko od Londynu i, szczerze m\u00f3wi\u0105c, zdecydowanie niewystarczaj\u0105co okaza\u0142e&#8221; \u2014 ujawni\u0142 jeden z informator\u00f3w Roba Shutera.<\/p>\n<p>Wyja\u015bni\u0142, \u017ce Markle &#8222;zale\u017cy na prywatno\u015bci i bezpiecze\u0144stwie, ale jednocze\u015bnie oczekuje prawdziwego luksusu, du\u017cej przestrzeni i \u0142atwego dost\u0119pu do Londynu. To nawet nie by\u0142o blisko spe\u0142nienia tych wymaga\u0144&#8221;. Doda\u0142: &#8222;Meghan nie wraca do Wielkiej Brytanii po to, \u017ceby ukrywa\u0107 si\u0119 w starym domu w Northamptonshire&#8221;. Z tego powodu mia\u0142a odrzuci\u0107 ofert\u0119, uznaj\u0105c, \u017ce nieruchomo\u015b\u0107 nie spe\u0142nia jej oczekiwa\u0144.<\/p>\n<p>Inne \u017ar\u00f3d\u0142o stwierdzi\u0142o: &#8222;Serce Harry\u2019ego pokocha\u0142o ten pomys\u0142, ale rozs\u0105dek Meghan go zabi\u0142. On widzia\u0142 rodzin\u0119 i wspomnienia. Ona widzia\u0142a izolacj\u0119 i kompromisy&#8221;.<\/p>\n<p><img class=\"ods-a-photo ods-a-photo--background\" src=\"https:\/\/www.europesays.com\/pl\/wp-content\/uploads\/2026\/09\/kTrk9lBaHR0cHM6Ly9vY2RuLmV1L3B1bHNjbXMvTURBXy9hZmExMWUxM2NhODE3ZjFjMzExNmE4Mjc2MTg2YWRmZC5qcGeRlQLNA.jpeg\" height=\"300\" width=\"450\" alt=\"Ksi\u0105\u017c\u0119 Harry, Meghan Markle\" loading=\"lazy\" fetchpriority=\"low\" decoding=\"async\"\/>Dzi\u0119kujemy, \u017ce przeczyta\u0142a\u015b\/e\u015b nasz artyku\u0142 do ko\u0144ca. W serwisie Plejada.pl ka\u017cdego dnia piszemy o najwa\u017cniejszych wydarzeniach show-biznesowych. B\u0105d\u017a na bie\u017c\u0105co!<a rel=\"nofollow noopener\" href=\"https:\/\/profile.google.com\/cp\/Cg0vZy8xMWJ6X19wdHBx\" id=\"dcd1573c-15bf-4579-a8b7-ef90d337ce39\" target=\"_blank\"> Obserwuj<\/a> Plejad\u0119 w Google. Odwied\u017a nas tak\u017ce na<a rel=\"nofollow noopener\" href=\"https:\/\/www.facebook.com\/plejadapl\" id=\"fc0ee6ee-2177-44d5-960d-47b498addb85\" target=\"_blank\"> Facebooku<\/a>,<a rel=\"nofollow noopener\" href=\"https:\/\/www.instagram.com\/plejadapl\/\" id=\"64cd2c88-d7dc-40eb-9cdb-f32e60d97e7f\" target=\"_blank\"> Instagramie<\/a>,<a rel=\"nofollow noopener\" href=\"https:\/\/www.youtube.com\/c\/plejada\" id=\"1c9f3dc1-7430-4d2e-a5be-549b54d1b6b6\" target=\"_blank\"> YouTubie<\/a> oraz<a rel=\"nofollow noopener\" href=\"https:\/\/www.tiktok.com\/@plejada_pl\" id=\"07fee4d6-c678-466d-9b86-a1b7c0ad6ca6\" target=\"_blank\"> TikToku<\/a>.Chcesz podzieli\u0107 si\u0119 ciekawym newsem lub zaproponowa\u0107 temat? Skontaktuj si\u0119 z nami, pisz\u0105c maila na adres: <a rel=\"nofollow noopener\" href=\"https:\/\/plejada.pl\/newsy\/meghan-markle-odrzucil-oferte-charlesa-spencera-chodzilo-o-swieta-ziemie\/mailto:plejada@redakcjaonet.pl\" id=\"9768f81f-e050-43c4-9137-a7763570bf72\" target=\"_blank\">plejada@redakcjaonet.pl<\/a>.<script async src=\"\/\/www.instagram.com\/embed.js\"><\/script><script async src=\"\/\/www.tiktok.com\/embed.js\"><\/script><\/p>\n","protected":false},"excerpt":{"rendered":"W \u015brod\u0119 26 sierpnia ksi\u0105\u017c\u0119 Harry i Meghan Markle wr\u00f3cili do Wielkiej Brytanii. Podobno zatrzymali si\u0119 w Cotswolds&hellip;\n","protected":false},"author":2,"featured_media":667198,"comment_status":"","ping_status":"","sticky":false,"template":"","format":"standard","meta":{"footnotes":"","_share_on_mastodon":"0"},"categories":[14],"tags":[61195,32,33,129572,27,3276,9050,3277,34,35,28,31,48,25,125,46,40,41,44330,47,8508,80,29,30,26,79,82,83,84],"class_list":["post-667197","post","type-post","status-publish","format-standard","has-post-thumbnail","category-swiat","tag-bottomfeed_styl","tag-breaking-news","tag-breakingnews","tag-charles_spencer","tag-headlines","tag-ksiaze_harry","tag-ksiezna_diana","tag-ksiezna_meghan","tag-latest-news","tag-latestnews","tag-naglowki","tag-najwazniejsze-artykuly","tag-nat_styl","tag-news","tag-newsy","tag-omp","tag-polish","tag-polski","tag-rodziny_rody_krolewskie","tag-screening_general","tag-sussexowie","tag-swiat","tag-top-stories","tag-topstories","tag-wiadomosci","tag-wielka_brytania","tag-world","tag-world-news","tag-worldnews"],"share_on_mastodon":{"url":"https:\/\/pubeurope.com\/@pl\/117213310789919717","error":""},"_links":{"self":[{"href":"https:\/\/www.europesays.com\/pl\/wp-json\/wp\/v2\/posts\/667197","targetHints":{"allow":["GET"]}}],"collection":[{"href":"https:\/\/www.europesays.com\/pl\/wp-json\/wp\/v2\/posts"}],"about":[{"href":"https:\/\/www.europesays.com\/pl\/wp-json\/wp\/v2\/types\/post"}],"author":[{"embeddable":true,"href":"https:\/\/www.europesays.com\/pl\/wp-json\/wp\/v2\/users\/2"}],"replies":[{"embeddable":true,"href":"https:\/\/www.europesays.com\/pl\/wp-json\/wp\/v2\/comments?post=667197"}],"version-history":[{"count":0,"href":"https:\/\/www.europesays.com\/pl\/wp-json\/wp\/v2\/posts\/667197\/revisions"}],"wp:featuredmedia":[{"embeddable":true,"href":"https:\/\/www.europesays.com\/pl\/wp-json\/wp\/v2\/media\/667198"}],"wp:attachment":[{"href":"https:\/\/www.europesays.com\/pl\/wp-json\/wp\/v2\/media?parent=667197"}],"wp:term":[{"taxonomy":"category","embeddable":true,"href":"https:\/\/www.europesays.com\/pl\/wp-json\/wp\/v2\/categories?post=667197"},{"taxonomy":"post_tag","embeddable":true,"href":"https:\/\/www.europesays.com\/pl\/wp-json\/wp\/v2\/tags?post=667197"}],"curies":[{"name":"wp","href":"https:\/\/api.w.org\/{rel}","templated":true}]}}