{"id":667209,"date":"2026-09-04T14:51:19","date_gmt":"2026-09-04T14:51:19","guid":{"rendered":"https:\/\/www.europesays.com\/pl\/667209\/"},"modified":"2026-09-04T14:51:19","modified_gmt":"2026-09-04T14:51:19","slug":"program-tv-dla-pilka-nozna-pko-bp-ekstraklasa-mecz-wieczysta-krakow-kghm-zaglebie-lubin","status":"publish","type":"post","link":"https:\/\/www.europesays.com\/pl\/667209\/","title":{"rendered":"Program tv dla Pi\u0142ka no\u017cna: PKO BP Ekstraklasa &#8211; mecz: Wieczysta Krak\u00f3w &#8211; KGHM Zag\u0142\u0119bie Lubin"},"content":{"rendered":"<p>Program tv dla Pi\u0142ka no\u017cna: PKO BP Ekstraklasa &#8211; mecz: Wieczysta Krak\u00f3w &#8211; KGHM Zag\u0142\u0119bie Lubin &#8211; TV WP\u00a9 1995-2026 Grupa WP. Dane o programie TV dostarcza AKPA Polska Press<a href=\"https:\/\/pilot.wp.pl\/program-tv\" rel=\"nofollow noopener\" target=\"_blank\"><img decoding=\"async\" alt=\"close\" src=\"https:\/\/v.wpimg.pl\/Y2I3LnN2dlMoUTpdYUl7RmsJbg0-WgZCO1wrHC9fdEY_EWBMOxBjEGZQIAE9VxtHPUcjAGAHaAN7Bi8MeRwqRC4RMQ\" class=\"sc-114q9wu-0 kSJaym tte80h-5 gVPnQg\"\/><\/a><img decoding=\"async\" src=\"https:\/\/www.europesays.com\/pl\/wp-content\/uploads\/2026\/09\/Nzg1ODUuYRsGUzl3eg5sDkULbS08V2JYEhN1ZnpDd0ofAnd2egU6DEpBPSsxWzkKBFUhaiUZYRcCVSYlehQlCgYHe3NtQHZPSVs_.webp\" class=\"sc-1rkazgm-0 iMrpvf sc-1cgefwt-0 iozIXE\" alt=\"Pi&#x142;ka no&#x17C;na: PKO BP Ekstraklasa - mecz: Wieczysta Krak&#xF3;w - KGHM Zag&#x142;&#x119;bie Lubin\"\/><\/p>\n<p>150 min<\/p>\n<p><img decoding=\"async\" alt=\"CANAL+ Sport 4\" class=\"sc-114q9wu-0 kSJaym bq0m2v-0 ijkEdg xe3bsu-5 bqldqG\" src=\"https:\/\/www.europesays.com\/pl\/wp-content\/uploads\/2026\/09\/1788533479_754_NC84NzEuYSJZVjhJag5sNxoObBk1HREzTEJjCTEUKSYaGGwPZ09sbFRbKRVqES8xUxt4TmpNeXIWRCAdZwg.png\"\/> poniedzia\u0142ek, 7 wrze\u015bnia 21:30Sensacyjna pora\u017cka 1:3 w Pucharze Polski z drugoligow\u0105 Avi\u0105 \u015awidnik na pewno na d\u0142ugo pozostanie w g\u0142owach pi\u0142karzy Wieczystej Krak\u00f3w. Beniaminek Ekstraklasy musi jednak wzi\u0105\u0107 si\u0119 w gar\u015b\u0107 i spr\u00f3bowa\u0107 opu\u015bci\u0107 stref\u0119 spadkow\u0105. Przekonamy si\u0119, czy pozwoli mu na to ekipa KGHM Zag\u0142\u0119bia Lubin.<a href=\"https:\/\/pilot.wp.pl\/program-tv\" rel=\"nofollow noopener\" target=\"_blank\"><\/p>\n","protected":false},"excerpt":{"rendered":"Program tv dla Pi\u0142ka no\u017cna: PKO BP Ekstraklasa &#8211; mecz: Wieczysta Krak\u00f3w &#8211; KGHM Zag\u0142\u0119bie Lubin &#8211; TV&hellip;\n","protected":false},"author":2,"featured_media":667210,"comment_status":"","ping_status":"","sticky":false,"template":"","format":"standard","meta":{"footnotes":"","_share_on_mastodon":"0"},"categories":[52220],"tags":[65149,11118,15587,915,3953,52221,65153,42,38,40,263,39,41,8803,25068,65152,224,37743,65147,65150,318,65151,65148,1281,5071,2578,65146,65154],"class_list":["post-667209","post","type-post","status-publish","format-standard","has-post-thumbnail","category-kghm","tag-ale-kino","tag-canal","tag-eurosport","tag-hbo","tag-kghm","tag-kghm-polska-miedz","tag-mtv","tag-pl","tag-poland","tag-polish","tag-polsat","tag-polska","tag-polski","tag-program","tag-program-telewizyjny","tag-romantica","tag-telewizja","tag-tv","tag-tv-4","tag-tv-polonia","tag-tvn","tag-tvn-7","tag-tvn-turbo","tag-tvn24","tag-tvp1","tag-tvp2","tag-tvp3-regionalny","tag-viva"],"share_on_mastodon":{"url":"","error":""},"_links":{"self":[{"href":"https:\/\/www.europesays.com\/pl\/wp-json\/wp\/v2\/posts\/667209","targetHints":{"allow":["GET"]}}],"collection":[{"href":"https:\/\/www.europesays.com\/pl\/wp-json\/wp\/v2\/posts"}],"about":[{"href":"https:\/\/www.europesays.com\/pl\/wp-json\/wp\/v2\/types\/post"}],"author":[{"embeddable":true,"href":"https:\/\/www.europesays.com\/pl\/wp-json\/wp\/v2\/users\/2"}],"replies":[{"embeddable":true,"href":"https:\/\/www.europesays.com\/pl\/wp-json\/wp\/v2\/comments?post=667209"}],"version-history":[{"count":0,"href":"https:\/\/www.europesays.com\/pl\/wp-json\/wp\/v2\/posts\/667209\/revisions"}],"wp:featuredmedia":[{"embeddable":true,"href":"https:\/\/www.europesays.com\/pl\/wp-json\/wp\/v2\/media\/667210"}],"wp:attachment":[{"href":"https:\/\/www.europesays.com\/pl\/wp-json\/wp\/v2\/media?parent=667209"}],"wp:term":[{"taxonomy":"category","embeddable":true,"href":"https:\/\/www.europesays.com\/pl\/wp-json\/wp\/v2\/categories?post=667209"},{"taxonomy":"post_tag","embeddable":true,"href":"https:\/\/www.europesays.com\/pl\/wp-json\/wp\/v2\/tags?post=667209"}],"curies":[{"name":"wp","href":"https:\/\/api.w.org\/{rel}","templated":true}]}}