{"id":667211,"date":"2026-09-04T14:53:16","date_gmt":"2026-09-04T14:53:16","guid":{"rendered":"https:\/\/www.europesays.com\/pl\/667211\/"},"modified":"2026-09-04T14:53:16","modified_gmt":"2026-09-04T14:53:16","slug":"maciej-kuciapa-orlen-oil-motor-lublin-zrobimy-wszystko-by-powalczyc-o-awans-do-finalu","status":"publish","type":"post","link":"https:\/\/www.europesays.com\/pl\/667211\/","title":{"rendered":"Maciej Kuciapa (Orlen Oil Motor Lublin): Zrobimy wszystko by powalczy\u0107 o awans do fina\u0142u"},"content":{"rendered":"<p>Tematem spotkania by\u0142 oczywi\u015bcie niedzielny mecz pomi\u0119dzy Orlen Oli Motorem Lublin, a PRES Grup\u0105 Dewelopersk\u0105 Toru\u0144 i sprawdzenie nastroj\u00f3w w obozie gospodarzy przed starciem wicemistrza z mistrzem Polski<\/p>\n<p>Maciej Kuciapa, trener Orlen Oil Motoru<\/p>\n<p>O ostatnim meczu fazy zasadniczej<\/p>\n<p>\u00a0\u2013 Ostatni mecz wyjazdowy w Grudzi\u0105dzu by\u0142 dla nas bardzo wa\u017cny. Od pocz\u0105tku sezonu mieli\u015bmy plany na znalezienie si\u0119 w strefie medalowej. Chcieli\u015bmy osi\u0105gn\u0105\u0107 awans do fazy play-off wcze\u015bniej, ale kontuzje nieco pokrzy\u017cowa\u0142y nam te plany.<\/p>\n<p>O rywalizacji z PRES Grup\u0105 Dewelopersk\u0105 Toru\u0144<\/p>\n<p>\u00a0\u2013 Faza play-off to bardzo trudne mecze. My\u015bl\u0119, \u017ce nasi zawodnicy wyci\u0105gn\u0105 wnioski po ostatnim meczu w Toruniu, w kt\u00f3rym nie mogli\u015bmy nawi\u0105za\u0107 walki. My\u015bl\u0119, \u017ce teraz ten mecz rewan\u017cowy b\u0119dzie zupe\u0142nie inny.<\/p>\n<p>\u00a0\u2013 Chcieliby\u015bmy zrewan\u017cowa\u0107 si\u0119 rywalom i awansowa\u0107 do fina\u0142u PGE Ekstraligi. Zrobimy wszystko, by skutecznie o to powalczy\u0107. Ka\u017cdy z zawodnik\u00f3w jest mocno zmobilizowany i wierz\u0119, \u017ce nawi\u0105\u017cemy walk\u0119 z tym rywalem.<\/p>\n<p>O zmianach w sk\u0142adzie tu\u017c przed meczem<\/p>\n<p>\u00a0\u2013 Poczekajmy z tym do meczu. Sk\u0142ad zosta\u0142 zg\u0142oszony, a jakie zapadn\u0105 decyzje co do jego ostatecznej obsady to si\u0119 jeszcze oka\u017ce. Planujemy jeszcze jeden trening i jego przebieg wp\u0142ynie na ostateczny sk\u0142ad na niedzielny mecz\u00a0<\/p>\n<p>Mateusz Cierniak<\/p>\n<p>O ostatnim meczu w Grudzi\u0105dzu<\/p>\n<p>\u2013 Jestem zadowolony ze swojej postawy w ostatnim meczu. Pojecha\u0142em na swoim poziomie i sta\u0107 mnie by je\u017adzi\u0107 tak regularnie. Wygrali\u015bmy w Grudzi\u0105dzu w meczu kt\u00f3ry mia\u0142 wi\u0119ksz\u0105 wag\u0119 ni\u017c co niekt\u00f3re mecze w playooffach w ubieg\u0142ych latach.<\/p>\n<p>\u2013 Jazda w Grudzi\u0105dzu by\u0142a moim podsumowaniem pracy od pocz\u0105tku roku. Mo\u017cna powiedzie\u0107, \u017ce zrobi\u0142\u0119m krok w ty\u0142 by zacz\u0105\u0107 i\u015b\u0107 do przodu. Ka\u017cdy mecz i trening pozawla mi na lepsze poznanie sprz\u0119tu, a w trakcie meczu \u0142atwjej jest mi podejmowa\u0107 konkretne decyzje.\u00a0<\/p>\n<p>O meczach przeciwko Torunianom w fazie zasadniczej<\/p>\n<p>\u00a0\u2013 Uwa\u017cam, \u017ce mecze z fazy zasadniczej nie maj\u0105 wi\u0119kszego znaczenia. Zosta\u0142y tylko suche liczby. My jako zawodnicy musimy wyci\u0105ga\u0107 jednak w\u0142a\u015bciwe wnioski. Czeka nas w tym sezonie jeszcze jedna wizyta w Toruniu i musimy pokaza\u0107, \u017ce potrafimy tam je\u017adzi\u0107.<\/p>\n<p>O tym czy istnieje bezpieczna zaliczka przed meczem rewan\u017cowym<\/p>\n<p>\u00a0\u2013 Patrz\u0105c na dwa domowe mecze z Toruniem i Wroc\u0142awiem to chyba bezpieczna zaliczk\u0105 by\u0142oby 75:15, a ten wynik jest nierealny. Dlatego uwa\u017cam, \u017ce nie ma takiej, a \u017cu\u017cel wielokrotnie to udowadnia\u0142.<\/p>\n<p>O do\u015bwiadczeniu w walce o medale<\/p>\n<p>\u00a0\u2013 To m\u00f3j sz\u00f3sty sezon w Lublinie i sz\u00f3ste playoffy. Ka\u017cdy z nas zna smak zwyci\u0119stwa i pora\u017cki w tej fazie i wie jak podchodzi\u0107 do tych spotka\u0144. Trzeba dobrze wychodzi\u0107 z pod ta\u015bmy, bo wtedy biegi uk\u0142adaj\u0105 si\u0119 inaczej. Nie trzeba kombinowa\u0107 jak kogo\u015b wyprzedzi\u0107, a jak wiemy w Lublinie nie jest to \u0142atwe. Czeka nas mecz z ci\u0119\u017ckim rywalem, ale chcemy skutecznie w\u0142\u0105czy\u0107 si\u0119 do walki o z\u0142oto.<\/p>\n<p>Pocz\u0105tek niedzielnego meczu zaplanowano na godzin\u0119 19.30 Transmisja na antenach Canal+ Sport, a na dziennikwschodni.pl relacja tekstowa.<\/p>\n<p>AWIZOWANE SK\u0141ADY<\/p>\n<p>Orlen Oil Motor: 9. Martin Vaculik * 10. Fredrik Lindgren * 11. Kacper Woryna * 12. Mateusz Cierniak * 13. Bartosz Zmarzlik * 14. Bartosz Ba\u0144bor * 15. Micha\u0142 Psiuk.<\/p>\n<p>PRES Grupa Deweloperska: 1. Patryk Dudek * 2. Robert Lambert * 3. Norick Bloedorn * 4. Mikkel Michelsen * 5. Emil Sajfutdinow * 6. Antoni Kawczy\u0144ski * 7. Miko\u0142aj Duchi\u0144ski.<\/p>\n","protected":false},"excerpt":{"rendered":"Tematem spotkania by\u0142 oczywi\u015bcie niedzielny mecz pomi\u0119dzy Orlen Oli Motorem Lublin, a PRES Grup\u0105 Dewelopersk\u0105 Toru\u0144 i sprawdzenie&hellip;\n","protected":false},"author":2,"featured_media":667212,"comment_status":"","ping_status":"","sticky":false,"template":"","format":"standard","meta":{"footnotes":"","_share_on_mastodon":"0"},"categories":[52097],"tags":[100805,774,2164,1334,42,38,40,39,41,2619,174],"class_list":["post-667211","post","type-post","status-publish","format-standard","has-post-thumbnail","category-orlen","tag-lubelski-zuzel","tag-orlen","tag-orlen-oil-motor-lublin","tag-pge-ekstraliga","tag-pl","tag-poland","tag-polish","tag-polska","tag-polski","tag-pres-grupa-deweloperska-torun","tag-zuzel"],"share_on_mastodon":{"url":"https:\/\/pubeurope.com\/@pl\/117213344790382845","error":""},"_links":{"self":[{"href":"https:\/\/www.europesays.com\/pl\/wp-json\/wp\/v2\/posts\/667211","targetHints":{"allow":["GET"]}}],"collection":[{"href":"https:\/\/www.europesays.com\/pl\/wp-json\/wp\/v2\/posts"}],"about":[{"href":"https:\/\/www.europesays.com\/pl\/wp-json\/wp\/v2\/types\/post"}],"author":[{"embeddable":true,"href":"https:\/\/www.europesays.com\/pl\/wp-json\/wp\/v2\/users\/2"}],"replies":[{"embeddable":true,"href":"https:\/\/www.europesays.com\/pl\/wp-json\/wp\/v2\/comments?post=667211"}],"version-history":[{"count":0,"href":"https:\/\/www.europesays.com\/pl\/wp-json\/wp\/v2\/posts\/667211\/revisions"}],"wp:featuredmedia":[{"embeddable":true,"href":"https:\/\/www.europesays.com\/pl\/wp-json\/wp\/v2\/media\/667212"}],"wp:attachment":[{"href":"https:\/\/www.europesays.com\/pl\/wp-json\/wp\/v2\/media?parent=667211"}],"wp:term":[{"taxonomy":"category","embeddable":true,"href":"https:\/\/www.europesays.com\/pl\/wp-json\/wp\/v2\/categories?post=667211"},{"taxonomy":"post_tag","embeddable":true,"href":"https:\/\/www.europesays.com\/pl\/wp-json\/wp\/v2\/tags?post=667211"}],"curies":[{"name":"wp","href":"https:\/\/api.w.org\/{rel}","templated":true}]}}