{"id":667221,"date":"2026-09-04T14:58:09","date_gmt":"2026-09-04T14:58:09","guid":{"rendered":"https:\/\/www.europesays.com\/pl\/667221\/"},"modified":"2026-09-04T14:58:09","modified_gmt":"2026-09-04T14:58:09","slug":"dworzec-w-gdansku-poza-rejestrem-zabytkow","status":"publish","type":"post","link":"https:\/\/www.europesays.com\/pl\/667221\/","title":{"rendered":"Dworzec w Gda\u0144sku poza rejestrem zabytk\u00f3w"},"content":{"rendered":"<p>\t\t\t\t\t\t\t\tPomorski Wojew\u00f3dzki Konserwator Zabytk\u00f3w Dariusz Chmielewski odm\u00f3wi\u0142 wpisania dworca PKS w\u00a0Gda\u0144sku do\u00a0rejestru zabytk\u00f3w \u2013 podaje portal gdansk.pl. Decyzja ma\u00a0zosta\u0107 og\u0142oszona po\u00a0zapoznaniu si\u0119 z\u00a0przez\u00a0zainteresowane strony z\u00a0jej uzasadnieniem.<\/p>\n<p>W\u0142a\u015bcicielem nieruchomo\u015bci jest firma PB\u00a0G\u00f3rski. Inwestor planuje wyburzy\u0107 obecny budynek i\u00a0wznie\u015b\u0107 w\u00a0tym miejscu kompleks handlowo-us\u0142ugowy z\u00a0biurowcami oraz\u00a0hotelem. Dworzec autobusowy ma\u00a0nadal funkcjonowa\u0107, lecz\u00a0w\u00a0zupe\u0142nie nowej formie.<\/p>\n<p>WNIOSEK SPO\u0141ECZNIK\u00d3W I\u00a0WARTO\u015a\u0106 ARCHITEKTURY<\/p>\n<p>Wniosek o\u00a0wpisanie obiektu do\u00a0rejestru zabytk\u00f3w z\u0142o\u017cy\u0142o w\u00a0grudniu ubieg\u0142ego roku Spo\u0142eczne Stowarzyszenie Ochrony Architektury Powojennej w\u00a0Bydgoszczy. Zdaniem wnioskodawc\u00f3w budynek stanowi warto\u015bciowy przyk\u0142ad powojennej architektury modernizmu z\u00a0okresu PRL.<\/p>\n<p>MO\u017bLIWO\u015a\u0106 ODWO\u0141ANIA OD\u00a0DECYZJI<\/p>\n<p>Odmowna decyzja konserwatora nie\u00a0jest ostateczna. Stronom przys\u0142uguje prawo do\u00a0wniesienia odwo\u0142ania do\u00a0Generalnego Konserwatora Zabytk\u00f3w.<\/p>\n<p style=\"text-align: right;\">JS\/SG\/puch<\/p>\n","protected":false},"excerpt":{"rendered":"Pomorski Wojew\u00f3dzki Konserwator Zabytk\u00f3w Dariusz Chmielewski odm\u00f3wi\u0142 wpisania dworca PKS w\u00a0Gda\u0144sku do\u00a0rejestru zabytk\u00f3w \u2013 podaje portal gdansk.pl. Decyzja&hellip;\n","protected":false},"author":2,"featured_media":667222,"comment_status":"","ping_status":"","sticky":false,"template":"","format":"standard","meta":{"footnotes":"","_share_on_mastodon":"0"},"categories":[51610],"tags":[1048,42,38,40,39,41],"class_list":["post-667221","post","type-post","status-publish","format-standard","has-post-thumbnail","category-gdansk","tag-gdansk","tag-pl","tag-poland","tag-polish","tag-polska","tag-polski"],"share_on_mastodon":{"url":"https:\/\/pubeurope.com\/@pl\/117213364744591144","error":""},"_links":{"self":[{"href":"https:\/\/www.europesays.com\/pl\/wp-json\/wp\/v2\/posts\/667221","targetHints":{"allow":["GET"]}}],"collection":[{"href":"https:\/\/www.europesays.com\/pl\/wp-json\/wp\/v2\/posts"}],"about":[{"href":"https:\/\/www.europesays.com\/pl\/wp-json\/wp\/v2\/types\/post"}],"author":[{"embeddable":true,"href":"https:\/\/www.europesays.com\/pl\/wp-json\/wp\/v2\/users\/2"}],"replies":[{"embeddable":true,"href":"https:\/\/www.europesays.com\/pl\/wp-json\/wp\/v2\/comments?post=667221"}],"version-history":[{"count":0,"href":"https:\/\/www.europesays.com\/pl\/wp-json\/wp\/v2\/posts\/667221\/revisions"}],"wp:featuredmedia":[{"embeddable":true,"href":"https:\/\/www.europesays.com\/pl\/wp-json\/wp\/v2\/media\/667222"}],"wp:attachment":[{"href":"https:\/\/www.europesays.com\/pl\/wp-json\/wp\/v2\/media?parent=667221"}],"wp:term":[{"taxonomy":"category","embeddable":true,"href":"https:\/\/www.europesays.com\/pl\/wp-json\/wp\/v2\/categories?post=667221"},{"taxonomy":"post_tag","embeddable":true,"href":"https:\/\/www.europesays.com\/pl\/wp-json\/wp\/v2\/tags?post=667221"}],"curies":[{"name":"wp","href":"https:\/\/api.w.org\/{rel}","templated":true}]}}