{"id":667225,"date":"2026-09-04T15:00:17","date_gmt":"2026-09-04T15:00:17","guid":{"rendered":"https:\/\/www.europesays.com\/pl\/667225\/"},"modified":"2026-09-04T15:00:17","modified_gmt":"2026-09-04T15:00:17","slug":"drogowcy-rozpoczna-budowe-ronda-u-zbiegu-ul-retkinskiej-z-kusocinskiego-roboty-zakoncza-sie-dopiero-w-wakacje","status":"publish","type":"post","link":"https:\/\/www.europesays.com\/pl\/667225\/","title":{"rendered":"Drogowcy rozpoczn\u0105 budow\u0119 ronda u zbiegu ul. Retki\u0144skiej z Kusoci\u0144skiego. Roboty zako\u0144cz\u0105 si\u0119 dopiero w wakacje"},"content":{"rendered":"<p><a class=\"atomsArticleGalleryImage__mainImgLink\" href=\"https:\/\/lodz.naszemiasto.pl\/drogowcy-rozpoczna-budowe-ronda-u-zbiegu-ul-retkinskiej-z-kusocinskiego-roboty-zakoncza-sie-dopiero-w-wakacje\/gh\/c1p2-29325339\" title=\"W drugiej po&#x142;owie wrze&#x15B;nia drogowcy rozpoczn&#x105; budow&#x119; ronda u zbiegu ul. Retki&#x144;skiej z Kusoci&#x144;skiego.\" data-ec=\"atomsArticleGalleryImage\" data-event-position-el=\"mainImage\" aria-label=\"Zobacz galeri&#x119;\" rel=\"nofollow noopener\" target=\"_blank\"><img decoding=\"async\" loading=\"eager\" fetchpriority=\"high\" class=\"atomsArticleGalleryImage__mainImg\" src=\"https:\/\/www.europesays.com\/pl\/wp-content\/uploads\/2026\/09\/2609040479_975394353_medium.jpg\" alt=\"W drugiej po&#x142;owie wrze&#x15B;nia drogowcy rozpoczn&#x105; budow&#x119; ronda u zbiegu ul. Retki&#x144;skiej z Kusoci&#x144;skiego.\" width=\"1200\" height=\"900\"\/><\/a><\/p>\n<p>\n        W drugiej po\u0142owie wrze\u015bnia drogowcy rozpoczn\u0105 budow\u0119 ronda u zbiegu ul. Retki\u0144skiej z Kusoci\u0144skiego.<\/p>\n<p>          fot. Urz\u0105d Miasta \u0141odzi\n        <\/p>\n<p><a class=\"atomsArticleGalleryThumbnails__thumbnailImg--1 atomsArticleGalleryThumbnails__thumbnailLink\" href=\"https:\/\/lodz.naszemiasto.pl\/drogowcy-rozpoczna-budowe-ronda-u-zbiegu-ul-retkinskiej-z-kusocinskiego-roboty-zakoncza-sie-dopiero-w-wakacje\/gh\/c1p2-29325339\" title=\"\" data-ec=\"atomsArticleGalleryThumbnails\" data-event-position-el=\"link\" rel=\"nofollow noopener\" target=\"_blank\"><img decoding=\"async\" loading=\"lazy\" src=\"https:\/\/www.europesays.com\/pl\/wp-content\/uploads\/2026\/09\/2609040464_975394351_small.jpg\" data-image-type=\"articles\" class=\"atomsArticleGalleryThumbnails__thumbnailImg atomsArticleGalleryThumbnails__blurUp\" alt=\"\"\/><\/a><a class=\"atomsArticleGalleryThumbnails__thumbnailImg--2 atomsArticleGalleryThumbnails__thumbnailLink\" href=\"https:\/\/lodz.naszemiasto.pl\/drogowcy-rozpoczna-budowe-ronda-u-zbiegu-ul-retkinskiej-z-kusocinskiego-roboty-zakoncza-sie-dopiero-w-wakacje\/gh\/c1p2-29325339\" title=\"\" data-ec=\"atomsArticleGalleryThumbnails\" data-event-position-el=\"link_more\" rel=\"nofollow noopener\" target=\"_blank\"><\/p>\n<p>\n                              Zobacz galeri\u0119<br \/>\n                (3 zdj\u0119cia)<\/p>\n<p><img decoding=\"async\" loading=\"lazy\" src=\"https:\/\/www.europesays.com\/pl\/wp-content\/uploads\/2026\/09\/26090404fd_975394349_small.jpg\" data-image-type=\"articles\" class=\"atomsArticleGalleryThumbnails__thumbnailImg atomsArticleGalleryThumbnails__blurUp\" alt=\"\"\/><\/a><\/p>\n<p>W drugiej po\u0142owie wrze\u015bnia drogowcy rozpoczn\u0105 budow\u0119 ronda u zbiegu ul. Retki\u0144skiej z Kusoci\u0144skiego. Prace maj\u0105 potrwa\u0107 do przysz\u0142orocznych wakacji. Kierowcy powinni przygotowa\u0107 si\u0119 na utrudnienia, a pasa\u017cerowie MPK na zmian\u0119 trasy autobusu linii 80. <\/p>\n","protected":false},"excerpt":{"rendered":"W drugiej po\u0142owie wrze\u015bnia drogowcy rozpoczn\u0105 budow\u0119 ronda u zbiegu ul. Retki\u0144skiej z Kusoci\u0144skiego. fot. Urz\u0105d Miasta \u0141odzi&hellip;\n","protected":false},"author":2,"featured_media":667226,"comment_status":"","ping_status":"","sticky":false,"template":"","format":"standard","meta":{"footnotes":"","_share_on_mastodon":"0"},"categories":[51608],"tags":[71708,8971,55989,3652,129575,42,38,40,39,41,55700,129576],"class_list":["post-667225","post","type-post","status-publish","format-standard","has-post-thumbnail","category-lodz","tag-budowa-ronda","tag-korki","tag-kusocinskiego","tag-lodz","tag-nowe-rondo","tag-pl","tag-poland","tag-polish","tag-polska","tag-polski","tag-retkinia-lodz","tag-retkinska"],"share_on_mastodon":{"url":"https:\/\/pubeurope.com\/@pl\/117213374232173673","error":""},"_links":{"self":[{"href":"https:\/\/www.europesays.com\/pl\/wp-json\/wp\/v2\/posts\/667225","targetHints":{"allow":["GET"]}}],"collection":[{"href":"https:\/\/www.europesays.com\/pl\/wp-json\/wp\/v2\/posts"}],"about":[{"href":"https:\/\/www.europesays.com\/pl\/wp-json\/wp\/v2\/types\/post"}],"author":[{"embeddable":true,"href":"https:\/\/www.europesays.com\/pl\/wp-json\/wp\/v2\/users\/2"}],"replies":[{"embeddable":true,"href":"https:\/\/www.europesays.com\/pl\/wp-json\/wp\/v2\/comments?post=667225"}],"version-history":[{"count":0,"href":"https:\/\/www.europesays.com\/pl\/wp-json\/wp\/v2\/posts\/667225\/revisions"}],"wp:featuredmedia":[{"embeddable":true,"href":"https:\/\/www.europesays.com\/pl\/wp-json\/wp\/v2\/media\/667226"}],"wp:attachment":[{"href":"https:\/\/www.europesays.com\/pl\/wp-json\/wp\/v2\/media?parent=667225"}],"wp:term":[{"taxonomy":"category","embeddable":true,"href":"https:\/\/www.europesays.com\/pl\/wp-json\/wp\/v2\/categories?post=667225"},{"taxonomy":"post_tag","embeddable":true,"href":"https:\/\/www.europesays.com\/pl\/wp-json\/wp\/v2\/tags?post=667225"}],"curies":[{"name":"wp","href":"https:\/\/api.w.org\/{rel}","templated":true}]}}