{"id":667233,"date":"2026-09-04T15:04:14","date_gmt":"2026-09-04T15:04:14","guid":{"rendered":"https:\/\/www.europesays.com\/pl\/667233\/"},"modified":"2026-09-04T15:04:14","modified_gmt":"2026-09-04T15:04:14","slug":"pzl-mielec-w-planach-mon-u","status":"publish","type":"post","link":"https:\/\/www.europesays.com\/pl\/667233\/","title":{"rendered":"PZL Mielec w planach MON-u"},"content":{"rendered":"<p>&#13;<br \/>\n  Ministerstwo Obrony Narodowej przedstawi\u0142o w Sejmie plany dotycz\u0105ce wsp\u00f3\u0142pracy z Polskimi Zak\u0142adami Lotniczymi Mielec. Wiceszef resortu Pawe\u0142 Bejda poinformowa\u0142 o umowach dotycz\u0105cych modernizacji samolot\u00f3w Bryza i przystosowania ich do zwalczania dron\u00f3w. Zapowiedzia\u0142 te\u017c, \u017ce rz\u0105d rozwa\u017ca zakup \u015bmig\u0142owc\u00f3w S-70 w wersji Firehawk i MedEvac.&#13;\n<\/p>\n<p>&#13;<br \/>\n  <img loading=\"lazy\" decoding=\"async\" style=\"display: block; margin-left: auto; margin-right: auto;\" src=\"https:\/\/www.europesays.com\/pl\/wp-content\/uploads\/2026\/09\/111332.jpeg\" alt=\"\" width=\"800\" height=\"533\"\/>&#13;\n<\/p>\n<p>Podczas pierwszego we wrze\u015bniu posiedzenia Sejmu pose\u0142 Fryderyk Sylwester Kapinos z Klubu Parlamentarnego Rozw\u00f3j Plus zwr\u00f3ci\u0142 si\u0119 do przedstawicieli resortu obrony z pytaniami o przysz\u0142o\u015b\u0107 <a href=\"https:\/\/polska-zbrojna.pl\/home\/articleshow\/44887?t=PZL-Mielec-swietuje-produkcje-700-kabiny-do-smiglowca-Black-Hawk\" target=\"_blank\" rel=\"nofollow noopener\">Polskich Zak\u0142ad\u00f3w Lotniczych Mielec<\/a>, utrzymanie linii produkcyjnej S-70i Black Hawk oraz o modernizacj\u0119 lekkich samolot\u00f3w M28 Bryza. Kapinos wskaza\u0142, \u017ce w odpowiedzi na interpelacj\u0119 grupy pos\u0142\u00f3w MON poinformowa\u0142o o rekomendacji <a href=\"https:\/\/www.polska-zbrojna.pl\/home\/articleshow\/46995?t=Resort-o-przyszlosci-M28-Black-Hawkow-i-i-MiG-ow-29\" target=\"_blank\" rel=\"nofollow noopener\">odst\u0105pienia od modernizacji<\/a> i doposa\u017cenia eksploatowanych przez wojska specjalne \u015bmig\u0142owc\u00f3w <a href=\"https:\/\/polska-zbrojna.pl\/home\/articleshow\/42808?t=Komplet-Black-Hawkow-u-specjalsow-\" target=\"_blank\" rel=\"nofollow noopener\">S-70i Black Hawk<\/a>. Przypomnijmy r\u00f3wnie\u017c, \u017ce w zesz\u0142ym roku Agencja Uzbrojenia uniewa\u017cni\u0142a post\u0119powanie dotycz\u0105ce zakupu 32 kolejnych Black Hawk\u00f3w.<\/p>\n<p>\u2013 Brak nowych kontrakt\u00f3w ze strony MON-u dla mieleckiej fabryki niesie za sob\u0105 bezpo\u015brednie ryzyko zamkni\u0119cia linii produkcyjnej \u015bmig\u0142owc\u00f3w Black Hawk w Polsce \u2013 oceni\u0142 pose\u0142 opozycji. Jednocze\u015bnie domaga\u0142 si\u0119 wyja\u015bnienia, dlaczego resort zrezygnowa\u0142 z planowanej modernizacji S-70i oraz czy oznacza to wykre\u015blenie tego przedsi\u0119wzi\u0119cia z plan\u00f3w dotycz\u0105cych rozwoju si\u0142 zbrojnych i wojskowych zakup\u00f3w.<\/p>\n<p>Drugim podnoszonym tematem by\u0142a przysz\u0142o\u015b\u0107 samolot\u00f3w M28. Kapinos chcia\u0142 wiedzie\u0107, kiedy zako\u0144cz\u0105 si\u0119 analizy dotycz\u0105ce przystosowania ich do zwalczania bezza\u0142ogowych statk\u00f3w powietrznych oraz czy resort zabezpieczy\u0142 na ten cel odpowiednie finansowanie.<\/p>\n<p>&#13;<br \/>\n  &#13;<br \/>\n    Nowe mo\u017cliwo\u015bci Bryzy&#13;<br \/>\n  &#13;\n<\/p>\n<p>Wiceminister Pawe\u0142 Bejda zapewni\u0142, \u017ce <a href=\"https:\/\/polska-zbrojna.pl\/home\/articleshow\/35544?t=Polskie-skrzydla-nad-Morzem-Srodziemnym\" target=\"_blank\" rel=\"nofollow noopener\">samoloty M28 Bryza<\/a> zostan\u0105 zmodernizowane. Poinformowa\u0142, \u017ce zawarto ju\u017c umow\u0119 dotycz\u0105c\u0105 m.in. instalacji systemu anten przeciwzak\u0142\u00f3ceniowych CRPA oraz system\u00f3w umo\u017cliwiaj\u0105cych precyzyjne pozycjonowanie. \u2013 Uzupe\u0142nienie umowy stanowi opracowanie biuletyn\u00f3w technicznych \u2013 konstrukcyjnego oraz eksploatacyjnego \u2013 jak r\u00f3wnie\u017c przeszkolenie wojskowego personelu lataj\u0105cego oraz technicznego \u2013 wyja\u015bnia\u0142 Bejda. Wiceminister poinformowa\u0142 r\u00f3wnie\u017c o zako\u0144czeniu post\u0119powania dotycz\u0105cego modyfikacji samolotu pod k\u0105tem zwalczania dron\u00f3w. Wykonawc\u0105 tego zadania b\u0119dzie PZL Mielec. \u2013 Zadanie b\u0119dzie finansowane w ramach planu modernizacji technicznej \u2013 doda\u0142 wiceszef resortu obrony. Zastrzeg\u0142 jednocze\u015bnie, \u017ce szczeg\u00f3\u0142owy zakres zmian jest obj\u0119ty ochron\u0105 informacji niejawnych.<\/p>\n<p>MON planuje r\u00f3wnie\u017c kontynuowanie wsp\u00f3\u0142pracy serwisowej z PZL Mielec. Wiceszef resortu poinformowa\u0142, \u017ce obecna umowa dotycz\u0105ca obs\u0142ugi kilkudziesi\u0119ciu samolot\u00f3w AN-28 i M28 obowi\u0105zuje do ko\u0144ca tego roku, a resort zamierza zawrze\u0107 kolejn\u0105, obejmuj\u0105c\u0105 lata 2027\u20132030.<\/p>\n<p>&#13;<br \/>\n  &#13;<br \/>\n    \u015amig\u0142owce dla stra\u017cak\u00f3w i medyk\u00f3w&#13;<br \/>\n  &#13;\n<\/p>\n<p>\u2013 PZL Mielec jest sprawdzonym partnerem. Gwarantuje dostarczenie oraz utrzymanie nowoczesnego sprz\u0119tu dla \u017co\u0142nierzy, ale r\u00f3wnie\u017c utrzymanie tysi\u0119cy wyspecjalizowanych miejsc pracy \u2013 m\u00f3wi\u0142 Pawe\u0142 Bejda. Jednocze\u015bnie wyja\u015bni\u0142, \u017ce decyzje dotycz\u0105ce zakup\u00f3w \u015bmig\u0142owc\u00f3w wynikaj\u0105 ze zmiany priorytet\u00f3w Sztabu Generalnego Wojska Polskiego. Obecnie w\u015br\u00f3d wskazywanych potrzeb znajduj\u0105 si\u0119 m.in. \u015bmig\u0142owce szkolno-bojowe, wielozadaniowe morskie \u015bmig\u0142owce pok\u0142adowe, ci\u0119\u017ckie \u015bmig\u0142owce transportowe oraz maszyny poszukiwawczo-ratownicze.<\/p>\n<p>Cho\u0107 obecnie MON nie planuje zakupu kolejnych Black Hawk\u00f3w dla wojska, to wiceminister Bejda poinformowa\u0142 o mo\u017cliwych nowych zastosowaniach konstrukcji S-70. Jednym z rozwa\u017canych kierunk\u00f3w jest wykorzystanie maszyn w wersji Firehawk do gaszenia po\u017car\u00f3w. MON chce w tej sprawie prowadzi\u0107 rozmowy z resortami: spraw wewn\u0119trznych i administracji, rolnictwa oraz infrastruktury. \u2013 Takie \u015bmig\u0142owce z pewno\u015bci\u0105 wzmocni\u0142yby zdolno\u015bci Stra\u017cy Po\u017carnej i Las\u00f3w Pa\u0144stwowych, ale te\u017c mo\u017cliwe, \u017ce trafi\u0105 do polskiej armii. To samo dotyczy \u015bmig\u0142owc\u00f3w Black Hawk w wersji MedEvac, czyli do ewakuacji medycznej \u2013 m\u00f3wi\u0142 wiceminister Bejda. \u2013 Je\u015bli wojsko uzna, \u017ce zar\u00f3wno S-70 Firehawk, jak i S-70 MedEvac s\u0105 wojsku potrzebne, b\u0119dziemy poszukiwa\u0107 sposob\u00f3w, aby je jak najszybciej pozyska\u0107 od PZL Mielec \u2013 doda\u0142. Zaznaczy\u0142, \u017ce ewentualne pozyskanie takich maszyn dla armii b\u0119dzie zale\u017ca\u0142o od potrzeb okre\u015blonych przez Sztab Generalny.<\/p>\n<p>W kontek\u015bcie przysz\u0142o\u015bci najwi\u0119kszych zak\u0142ad\u00f3w lotniczych w Polsce, nale\u017c\u0105cych do koncernu Lockheed Martin, Pawe\u0142 Bejda zapewni\u0142, \u017ce resort chce budowa\u0107 silny, nowoczesny i stabilny przemys\u0142 obronny w Polsce. A PZL Mielec to w oczach MON-u jedno z kluczowych ogniw systemu wsparcia logistycznego i serwisowego platform lotniczych polskich si\u0142 zbrojnych. \u2013 Zak\u0142ad w Mielcu to nie tylko montownia, to pe\u0142noprawny zak\u0142ad produkcyjny, kt\u00f3rego model biznesowy nie by\u0142 tworzony z my\u015bl\u0105 o potrzebach wy\u0142\u0105cznie polskich si\u0142 zbrojnych, dlatego jego produkty s\u0105 eksportowane na ca\u0142y \u015bwiat, a Polska jest jednym z beneficjent\u00f3w \u2013 zaznaczy\u0142 wiceszef resortu obrony.<\/p>\n<p>Przypomnia\u0142, \u017ce \u015bmig\u0142owce S-70i Black Hawk produkowane w Polsce zosta\u0142y wyeksportowane m.in. do Filipin, Rumunii, Kolumbii, Meksyku, Arabii Saudyjskiej, Turcji oraz innych pa\u0144stw. Polskie wojsko kupi\u0142o osiem takich \u015bmig\u0142owc\u00f3w. S-70i Black Hawk s\u0105 wykorzystywane r\u00f3wnie\u017c przez polsk\u0105 Policj\u0119.<\/p>\n","protected":false},"excerpt":{"rendered":"&#13; Ministerstwo Obrony Narodowej przedstawi\u0142o w Sejmie plany dotycz\u0105ce wsp\u00f3\u0142pracy z Polskimi Zak\u0142adami Lotniczymi Mielec. Wiceszef resortu Pawe\u0142&hellip;\n","protected":false},"author":2,"featured_media":667234,"comment_status":"","ping_status":"","sticky":false,"template":"","format":"standard","meta":{"footnotes":"","_share_on_mastodon":"0"},"categories":[12],"tags":[2891,425,129578,114945,129577,8660,443,52570,18211,23902,42,38,2279,40,39,50002,52571,41,120342,120195,1030,16864,22721,16379,28760,161,5041,52569,6573],"class_list":["post-667233","post","type-post","status-publish","format-standard","has-post-thumbnail","category-polska","tag-armia","tag-bezpieczenstwo","tag-firehawk","tag-m28-bryza","tag-medevac","tag-ministerstwo-obrony-narodowej","tag-modyfikacja","tag-obrona-narodowa","tag-oficer","tag-pawel-bejda","tag-pl","tag-poland","tag-poligon","tag-polish","tag-polska","tag-polska-zbrojna","tag-polska-zbrojna-pl","tag-polski","tag-pzl-mielec","tag-s-70i-black-hawk","tag-samolot","tag-sily-powietrzne","tag-sluzba-wojskowa","tag-smiglowiec","tag-wojska-ladowe","tag-wojsko","tag-wojsko-polskie","tag-zawodowy","tag-zolnierz"],"share_on_mastodon":{"url":"https:\/\/pubeurope.com\/@pl\/117213388552858562","error":""},"_links":{"self":[{"href":"https:\/\/www.europesays.com\/pl\/wp-json\/wp\/v2\/posts\/667233","targetHints":{"allow":["GET"]}}],"collection":[{"href":"https:\/\/www.europesays.com\/pl\/wp-json\/wp\/v2\/posts"}],"about":[{"href":"https:\/\/www.europesays.com\/pl\/wp-json\/wp\/v2\/types\/post"}],"author":[{"embeddable":true,"href":"https:\/\/www.europesays.com\/pl\/wp-json\/wp\/v2\/users\/2"}],"replies":[{"embeddable":true,"href":"https:\/\/www.europesays.com\/pl\/wp-json\/wp\/v2\/comments?post=667233"}],"version-history":[{"count":0,"href":"https:\/\/www.europesays.com\/pl\/wp-json\/wp\/v2\/posts\/667233\/revisions"}],"wp:featuredmedia":[{"embeddable":true,"href":"https:\/\/www.europesays.com\/pl\/wp-json\/wp\/v2\/media\/667234"}],"wp:attachment":[{"href":"https:\/\/www.europesays.com\/pl\/wp-json\/wp\/v2\/media?parent=667233"}],"wp:term":[{"taxonomy":"category","embeddable":true,"href":"https:\/\/www.europesays.com\/pl\/wp-json\/wp\/v2\/categories?post=667233"},{"taxonomy":"post_tag","embeddable":true,"href":"https:\/\/www.europesays.com\/pl\/wp-json\/wp\/v2\/tags?post=667233"}],"curies":[{"name":"wp","href":"https:\/\/api.w.org\/{rel}","templated":true}]}}