{"id":667257,"date":"2026-09-04T15:16:17","date_gmt":"2026-09-04T15:16:17","guid":{"rendered":"https:\/\/www.europesays.com\/pl\/667257\/"},"modified":"2026-09-04T15:16:17","modified_gmt":"2026-09-04T15:16:17","slug":"produkuja-dla-lidla-i-dino-inwestuja-78-mln-zl-w-nowy-magazyn","status":"publish","type":"post","link":"https:\/\/www.europesays.com\/pl\/667257\/","title":{"rendered":"Produkuj\u0105 dla Lidla i Dino. Inwestuj\u0105 78 mln z\u0142 w nowy magazyn"},"content":{"rendered":"<p>\t\t\t\t\t\t\t\t\t\t\t\t\t\t\t\t\t\t\t\t\t&#13;<br \/>\nChemipack wraz z Commercecon ruszaj\u0105 z rozbudow\u0105 zak\u0142adu w \u0141owiczu, by zwi\u0119kszy\u0107 moce produkcyjne i usprawni\u0107 logistyk\u0119&#13;<br \/>\nPierwszy etap to hala magazynowa ok. 4 tys. mkw., a docelowo powstan\u0105 te\u017c m.in. hala produkcyjna i zaplecze biurowe za 78 mln z\u0142 brutto.\u00a0Uruchomienie nowej inwestycji to\u00a0ponad 40 nowych miejsc pracy&#13;<br \/>\nProjekt wspiera dotacja UE z Europejskiego Funduszu Rozwoju Regionalnego, a Chemipack produkuje m.in. dla Lidla i Dino\u00a0&#13;<\/p>\n<p>78 mln z\u0142 na rozbudow\u0119 w \u0141owiczu: magazyn, produkcja i logistyka<\/p>\n<p>Rozbudowa zak\u0142adu w \u0141owiczu to strategiczny krok w rozwoju firmy Chemipack, maj\u0105cy na celu zwi\u0119kszenie zdolno\u015bci produkcyjnych oraz usprawnienie operacji logistycznych. Inwestycj\u0119 producenta chemii samochodowej i gospodarczej realizuje Commercecon, generalny wykonawca specjalizuj\u0105cy si\u0119 w budowie obiekt\u00f3w przemys\u0142owych.<\/p>\n<p>        <a href=\"https:\/\/www.dlahandlu.pl\/e-commerce\/rhenus-uruchamia-system-autostore-w-magazynie-dla-e-commerce,174842.html\" class=\"read-more-box-img-cnt\" rel=\"nofollow noopener\" target=\"_blank\"><br \/>\n        \t            <img decoding=\"async\" loading=\"lazy\" src=\"https:\/\/www.europesays.com\/pl\/wp-content\/uploads\/2026\/09\/104582_r0_300.jpg\" alt=\"Rhenus uruchamia system AutoStore w magazynie dla e-commerce\" class=\"read-more-box-img\"\/><br \/>\n                    <\/a><\/p>\n<p>        <a href=\"https:\/\/www.dlahandlu.pl\/detal-hurt\/dino-ujawnia-zarobki-tyle-dostaja-kasjerzy-i-kierownicy-po-podwyzkach,174746.html\" class=\"read-more-box-img-cnt\" rel=\"nofollow noopener\" target=\"_blank\"><br \/>\n        \t            <img decoding=\"async\" loading=\"lazy\" src=\"https:\/\/www.europesays.com\/pl\/wp-content\/uploads\/2026\/09\/104079_r0_300.jpg\" alt=\"Dino ujawnia zarobki. Tyle dostaj\u0105 kasjerzy i kierownicy po podwy\u017ckach\" class=\"read-more-box-img\"\/><br \/>\n                    <\/a><\/p>\n<p>Pierwszy etap wsp\u00f3\u0142pracy, przypadaj\u0105cy na ten rok, obejmuje budow\u0119 nowoczesnej hali magazynowej o powierzchni blisko 4 000 mkw. Docelowo przedsi\u0119wzi\u0119cie stworzy kompleksow\u0105 infrastruktur\u0119, w kt\u00f3rej na powierzchni kolejnych 8 tys. mkw. powstan\u0105: hala produkcyjna z zapleczem technicznym, magazyn surowc\u00f3w oraz nowoczesny budynek biurowy. Warto\u015b\u0107 inwestycji, kt\u00f3ra obejmuje tak\u017ce wdro\u017cenie innowacyjnego procesu produkcyjnego, szacowana jest na 78 mln z\u0142 brutto.<\/p>\n<p>Inwestycja finansowana ze \u015brodk\u00f3w UE<\/p>\n<p>\u00a0<\/p>\n<p>Jej realizacj\u0119 wspiera dotacja z Unii Europejskiej pozyskana ze \u015brodk\u00f3w Europejskiego Funduszu Rozwoju Regionalnego z programu Fundusze Europejskie dla Nowoczesnej Gospodarki na projekt pn. \u201eWdro\u017cenie wynik\u00f3w prac badawczo-rozwojowych w zakresie innowacyjnego procesu w przedsi\u0119biorstwie Chemipack\u201d.<\/p>\n<p>&#13;<\/p>\n<p>&#8211; Rozbudowa zak\u0142adu w \u0141owiczu zapewni nam przestrze\u0144 do dalszego dynamicznego rozwoju, a wdro\u017cenie kolejnych innowacyjnych rozwi\u0105za\u0144 technologicznych otworzy przed nami nowe mo\u017cliwo\u015bci ekspansji rynkowej \u2013 m\u00f3wi Robert Serafi\u0144ski, prezes zarz\u0105du Chemipack.<\/p>\n<p>&#13;<\/p>\n<p>Zako\u0144czenie pierwszego etapu inwestycji, w ramach kt\u00f3rego powstanie hala magazynowa wyrob\u00f3w gotowych o powierzchni 4 tys. mkw., planowane jest na IV kwarta\u0142 2026 roku. Realizacja kolejnych obiekt\u00f3w \u2013 w tym hali produkcyjnej, w kt\u00f3rej produkowane b\u0119d\u0105 p\u0142yny chemii motoryzacyjnej oraz p\u0142yny gospodarstwa domowego przy zastosowaniu innowacyjnego procesu mieszania \u201ein-line\u201d \u2013 przewidziana jest do czerwca przysz\u0142ego roku.<\/p>\n<p>Chemipack jest producentem wysokiej jako\u015bci chemii samochodowej, gospodarczej i chusteczek nawil\u017canych. Firma obs\u0142uguje najwi\u0119ksze sieci handlowe i partner\u00f3w biznesowych w Polsce i za granic\u0105 (m.in. Biedronka, Lidl, Dino, Circle K).\u00a0<\/p>\n","protected":false},"excerpt":{"rendered":"&#13; Chemipack wraz z Commercecon ruszaj\u0105 z rozbudow\u0105 zak\u0142adu w \u0141owiczu, by zwi\u0119kszy\u0107 moce produkcyjne i usprawni\u0107 logistyk\u0119&#13;&hellip;\n","protected":false},"author":2,"featured_media":667258,"comment_status":"","ping_status":"","sticky":false,"template":"","format":"standard","meta":{"footnotes":"","_share_on_mastodon":"0"},"categories":[52249],"tags":[857,41997,42,38,40,39,41],"class_list":["post-667257","post","type-post","status-publish","format-standard","has-post-thumbnail","category-dino-polska","tag-dino","tag-dino-polska","tag-pl","tag-poland","tag-polish","tag-polska","tag-polski"],"share_on_mastodon":{"url":"https:\/\/pubeurope.com\/@pl\/117213436556762533","error":""},"_links":{"self":[{"href":"https:\/\/www.europesays.com\/pl\/wp-json\/wp\/v2\/posts\/667257","targetHints":{"allow":["GET"]}}],"collection":[{"href":"https:\/\/www.europesays.com\/pl\/wp-json\/wp\/v2\/posts"}],"about":[{"href":"https:\/\/www.europesays.com\/pl\/wp-json\/wp\/v2\/types\/post"}],"author":[{"embeddable":true,"href":"https:\/\/www.europesays.com\/pl\/wp-json\/wp\/v2\/users\/2"}],"replies":[{"embeddable":true,"href":"https:\/\/www.europesays.com\/pl\/wp-json\/wp\/v2\/comments?post=667257"}],"version-history":[{"count":0,"href":"https:\/\/www.europesays.com\/pl\/wp-json\/wp\/v2\/posts\/667257\/revisions"}],"wp:featuredmedia":[{"embeddable":true,"href":"https:\/\/www.europesays.com\/pl\/wp-json\/wp\/v2\/media\/667258"}],"wp:attachment":[{"href":"https:\/\/www.europesays.com\/pl\/wp-json\/wp\/v2\/media?parent=667257"}],"wp:term":[{"taxonomy":"category","embeddable":true,"href":"https:\/\/www.europesays.com\/pl\/wp-json\/wp\/v2\/categories?post=667257"},{"taxonomy":"post_tag","embeddable":true,"href":"https:\/\/www.europesays.com\/pl\/wp-json\/wp\/v2\/tags?post=667257"}],"curies":[{"name":"wp","href":"https:\/\/api.w.org\/{rel}","templated":true}]}}