{"id":667259,"date":"2026-09-04T15:21:26","date_gmt":"2026-09-04T15:21:26","guid":{"rendered":"https:\/\/www.europesays.com\/pl\/667259\/"},"modified":"2026-09-04T15:21:26","modified_gmt":"2026-09-04T15:21:26","slug":"program-tv-dla-pilka-nozna-pko-bp-ekstraklasa-mecz-pogon-szczecin-wisla-plock","status":"publish","type":"post","link":"https:\/\/www.europesays.com\/pl\/667259\/","title":{"rendered":"Program tv dla Pi\u0142ka no\u017cna: PKO BP Ekstraklasa &#8211; mecz: Pogo\u0144 Szczecin &#8211; Wis\u0142a P\u0142ock"},"content":{"rendered":"<p>Program tv dla Pi\u0142ka no\u017cna: PKO BP Ekstraklasa &#8211; mecz: Pogo\u0144 Szczecin &#8211; Wis\u0142a P\u0142ock &#8211; TV WP\u00a9 1995-2026 Grupa WP. Dane o programie TV dostarcza AKPA Polska Press<a href=\"https:\/\/pilot.wp.pl\/program-tv\" rel=\"nofollow noopener\" target=\"_blank\"><img decoding=\"async\" alt=\"close\" src=\"https:\/\/v.wpimg.pl\/Y2I3LnN2dlMoUTpdYUl7RmsJbg0-WgZCO1wrHC9fdEY_EWBMOxBjEGZQIAE9VxtHPUcjAGAHaAN7Bi8MeRwqRC4RMQ\" class=\"sc-114q9wu-0 kSJaym tte80h-5 gVPnQg\"\/><\/a><img decoding=\"async\" src=\"https:\/\/www.europesays.com\/pl\/wp-content\/uploads\/2026\/09\/MTM3OTEuYjUsUTlnag5vIG8JbT0sV2F2OBF1dmpDdGQ1AHdmagU5ImBDPTshWzokLlchejUZYjkoVyY1ahQmJCwFeWV2QnRlY1k_.jpeg\" class=\"sc-1rkazgm-0 iMrpvf sc-1cgefwt-0 iozIXE\" alt=\"Pi&#x142;ka no&#x17C;na: PKO BP Ekstraklasa - mecz: Pogo&#x144; Szczecin - Wis&#x142;a P&#x142;ock\"\/><\/p>\n<p>150 min<\/p>\n<p><img decoding=\"async\" alt=\"CANAL+ Sport 4\" class=\"sc-114q9wu-0 kSJaym bq0m2v-0 ijkEdg xe3bsu-5 bqldqG\" src=\"https:\/\/www.europesays.com\/pl\/wp-content\/uploads\/2026\/09\/1788535286_599_NC84NzEuYSJZVjhJag5sNxoObBk1HREzTEJjCTEUKSYaGGwPZ09sbFRbKRVqES8xUxt4TmpNeXIWRCAdZwg.png\"\/> wtorek, 8 wrze\u015bnia 00:30Si\u00f3dm\u0105 kolejk\u0119 PKO BP Ekstraklasy zako\u0144czy spotkanie w Szczecinie, gdzie miejscowa Pogo\u0144 podejmie Wis\u0142\u0119 P\u0142ock. Portowcy chc\u0105 potwierdzi\u0107 dobr\u0105 dyspozycj\u0119 z pierwszych mecz\u00f3w sezonu. Nafciarzy z pewno\u015bci\u0105 czeka trudna przeprawa.<a href=\"https:\/\/pilot.wp.pl\/program-tv\" rel=\"nofollow noopener\" target=\"_blank\"><\/p>\n","protected":false},"excerpt":{"rendered":"Program tv dla Pi\u0142ka no\u017cna: PKO BP Ekstraklasa &#8211; mecz: Pogo\u0144 Szczecin &#8211; Wis\u0142a P\u0142ock &#8211; TV WP\u00a9&hellip;\n","protected":false},"author":2,"featured_media":667260,"comment_status":"","ping_status":"","sticky":false,"template":"","format":"standard","meta":{"footnotes":"","_share_on_mastodon":"0"},"categories":[52122],"tags":[65149,11118,15587,915,65153,6010,752,42,38,40,263,39,41,8803,25068,65152,224,37743,65147,65150,318,65151,65148,1281,5071,2578,65146,65154],"class_list":["post-667259","post","type-post","status-publish","format-standard","has-post-thumbnail","category-pko-bank-polski","tag-ale-kino","tag-canal","tag-eurosport","tag-hbo","tag-mtv","tag-pko-bank-polski","tag-pko-bp","tag-pl","tag-poland","tag-polish","tag-polsat","tag-polska","tag-polski","tag-program","tag-program-telewizyjny","tag-romantica","tag-telewizja","tag-tv","tag-tv-4","tag-tv-polonia","tag-tvn","tag-tvn-7","tag-tvn-turbo","tag-tvn24","tag-tvp1","tag-tvp2","tag-tvp3-regionalny","tag-viva"],"share_on_mastodon":{"url":"https:\/\/pubeurope.com\/@pl\/117213455755356891","error":""},"_links":{"self":[{"href":"https:\/\/www.europesays.com\/pl\/wp-json\/wp\/v2\/posts\/667259","targetHints":{"allow":["GET"]}}],"collection":[{"href":"https:\/\/www.europesays.com\/pl\/wp-json\/wp\/v2\/posts"}],"about":[{"href":"https:\/\/www.europesays.com\/pl\/wp-json\/wp\/v2\/types\/post"}],"author":[{"embeddable":true,"href":"https:\/\/www.europesays.com\/pl\/wp-json\/wp\/v2\/users\/2"}],"replies":[{"embeddable":true,"href":"https:\/\/www.europesays.com\/pl\/wp-json\/wp\/v2\/comments?post=667259"}],"version-history":[{"count":0,"href":"https:\/\/www.europesays.com\/pl\/wp-json\/wp\/v2\/posts\/667259\/revisions"}],"wp:featuredmedia":[{"embeddable":true,"href":"https:\/\/www.europesays.com\/pl\/wp-json\/wp\/v2\/media\/667260"}],"wp:attachment":[{"href":"https:\/\/www.europesays.com\/pl\/wp-json\/wp\/v2\/media?parent=667259"}],"wp:term":[{"taxonomy":"category","embeddable":true,"href":"https:\/\/www.europesays.com\/pl\/wp-json\/wp\/v2\/categories?post=667259"},{"taxonomy":"post_tag","embeddable":true,"href":"https:\/\/www.europesays.com\/pl\/wp-json\/wp\/v2\/tags?post=667259"}],"curies":[{"name":"wp","href":"https:\/\/api.w.org\/{rel}","templated":true}]}}