{"id":667271,"date":"2026-09-04T15:28:14","date_gmt":"2026-09-04T15:28:14","guid":{"rendered":"https:\/\/www.europesays.com\/pl\/667271\/"},"modified":"2026-09-04T15:28:14","modified_gmt":"2026-09-04T15:28:14","slug":"gdansk-kierowca-ciezarowki-ktory-wjechal-pod-pociag-uslyszal-zarzuty","status":"publish","type":"post","link":"https:\/\/www.europesays.com\/pl\/667271\/","title":{"rendered":"Gda\u0144sk: Kierowca ci\u0119\u017car\u00f3wki, kt\u00f3ry wjecha\u0142 pod poci\u0105g, us\u0142ysza\u0142 zarzuty"},"content":{"rendered":"<p>        <a href=\"https:\/\/www.energydays.pl\/2026\/pl\/rejestracja,3787.html?utm_source=wnp.pl&amp;utm_medium=display&amp;utm_campaign=energydays2026\" target=\"_blank\" class=\"f26-box-post\" slot=\"banner-2\" rel=\"nofollow noopener\"><\/p>\n<p>                <img decoding=\"async\" src=\"https:\/\/pliki.wnp.pl\/d\/57\/05\/17\/570517.svg\" alt=\"ligth futureminingexpo logo\"\/><br \/>\n                <img decoding=\"async\" src=\"https:\/\/pliki.wnp.pl\/d\/57\/05\/17\/570517.svg\" alt=\"dark futureminingexpo logo\"\/><\/p>\n<p>                Kluczowe wydarzenie dla sektora energii w Polsce<\/p>\n<p>30 wrze\u015bnia &#8211; 1 pa\u017adziernika 2026 \u2022 Katowice \u2022 Mi\u0119dzynarodowe Centrum Kongresowe<\/p>\n<p>\n                Zarejestruj si\u0119\n            <\/p>\n<p>        <\/a><\/p>\n<p>        <a href=\"https:\/\/www.futureminingexpo.pl\/2026\/pl\/rejestracja,3454.html?utm_source=wnp.pl&amp;utm_medium=display&amp;utm_campaign=futureminingexpo2026\" target=\"_blank\" class=\"f26-box-post\" slot=\"banner-1\" rel=\"nofollow noopener\"><\/p>\n<p>                <img decoding=\"async\" src=\"https:\/\/pliki.wnp.pl\/d\/56\/77\/49\/567749.svg\" alt=\"ligth futureminingexpo logo\"\/><br \/>\n                <img decoding=\"async\" src=\"https:\/\/pliki.wnp.pl\/d\/56\/77\/49\/567749.svg\" alt=\"dark futureminingexpo logo\"\/><\/p>\n<p>                Targi g\u00f3rnictwa przysz\u0142o\u015bci \u2022 Nowy rozdzia\u0142 dla sektora wydobywczego<\/p>\n<p>\n                  09-11 wrze\u015bnia 2026 \u2022 Katowice \u2022 Mi\u0119dzynarodowe Centrum Kongresowe\n                <\/p>\n<p>\n                Zarejestruj si\u0119\n            <\/p>\n<p>        <\/a><\/p>\n<p>W pi\u0105tek prokurator Wioleta Noch z Prokuratury Okr\u0119gowej w Gda\u0144sku poinformowa\u0142a PAP, \u017ce kierowca us\u0142ysza\u0142 zarzut sprowadzenia bezpo\u015bredniego niebezpiecze\u0144stwa katastrofy w ruchu l\u0105dowym (art. 174 \u00a7 2 kk). Obywatelowi Bo\u015bni i Hercegowiny grozi za to do 3 lat wi\u0119zienia.<\/p>\n<p>Jak przekaza\u0142a prokurator, po zako\u0144czeniu czynno\u015bci procesowych wobec podejrzanego zastosowano \u015brodki zapobiegawcze o charakterze wolno\u015bciowym. M\u0119\u017cczyzna nie przyzna\u0142 si\u0119 do winy, ale z\u0142o\u017cy\u0142 wyja\u015bnienia.<\/p>\n<p>Do wypadku dosz\u0142o w czwartek przed godz. 14, gdy 42-latek prowadz\u0105c ci\u0105gnik siod\u0142owy z naczep\u0105 wjecha\u0142 na przejazd kolejowy przy ulicy Niegowskiej w momencie opuszczania si\u0119 rogatek. Pojazd utkn\u0105\u0142 mi\u0119dzy szlabanami i zosta\u0142 uderzony przez nadje\u017cd\u017caj\u0105cy poci\u0105g relacji Gdynia G\u0142\u00f3wna &#8211; Zielona G\u00f3ra, kt\u00f3rym podr\u00f3\u017cowa\u0142o oko\u0142o 250-300 pasa\u017cer\u00f3w.<\/p>\n<p>W czwartek Anna Znajewska-Pawluk z zespo\u0142u prasowego PKP Polskich Linii Kolejowych przekaza\u0142a, \u017ce \u015bwiadkowie zdarzenia sygnalizowali kierowcy ci\u0119\u017car\u00f3wki, aby wy\u0142ama\u0142 rogatk\u0119 i opu\u015bci\u0142 przejazd, jednak ten nie podj\u0105\u0142 takiej pr\u00f3by.<\/p>\n<p>W wyniku wypadku do szpitala przetransportowano kierowc\u0119 pojazdu (w celu pobrania krwi) oraz maszynist\u0119 sk\u0142adu. Maszynista po przej\u015bciu bada\u0144 lekarskich zosta\u0142 zwolniony do domu. \u017baden z pasa\u017cer\u00f3w poci\u0105gu nie odni\u00f3s\u0142 obra\u017ce\u0144. Obaj kieruj\u0105cy byli trze\u017awi.<\/p>\n<p>Wypadek doprowadzi\u0142 do parali\u017cu ruchu na linii kolejowej \u0142\u0105cz\u0105cej Tczew z Gda\u0144skiem, b\u0119d\u0105cej cz\u0119\u015bci\u0105 magistral Warszawa &#8211; Tr\u00f3jmiasto oraz Pozna\u0144 &#8211; Bydgoszcz &#8211; Tr\u00f3jmiasto. Uszkodzeniu uleg\u0142 tor nr 1.<\/p>\n<p>W pi\u0105tek Przemys\u0142aw Zieli\u0144ski z zespo\u0142u prasowego PKP PLK poinformowa\u0142, \u017ce cz\u0119\u015b\u0107 poci\u0105g\u00f3w skierowano tras\u0105 zmienion\u0105 przez stacj\u0119 Gda\u0144sk Olszynka. Dopiero w czwartek przed p\u00f3\u0142noc\u0105, po naprawie uszkodzonej infrastruktury kolejowej, przywr\u00f3cona zosta\u0142a rozk\u0142adowa organizacja jazdy poci\u0105g\u00f3w.<\/p>\n<p>Poda\u0142, \u017ce w efekcie zdarzenia op\u00f3\u017anionych zosta\u0142o 279 poci\u0105g\u00f3w na \u0142\u0105cznie ponad 17,5 tys. minut. Na cz\u0119\u015bci trasy odwo\u0142ano 30 poci\u0105g\u00f3w, a 45 skierowano na tras\u0119 zmienion\u0105.<\/p>\n<p>Wskaza\u0142, \u017ce uszkodzone zosta\u0142y lokomotywa oraz infrastruktura kolejowa. Doda\u0142, \u017ce koszty naprawy obu tor\u00f3w, ogrodzenia doj\u015bcia do peron\u00f3w s\u0105siedniego przystanku oraz uszkodzonych urz\u0105dze\u0144 przejazdowych szacowane s\u0105 na ok. 140 tys. z\u0142. Podkre\u015bli\u0142, \u017ce PKP PLK b\u0119dzie dochodzi\u0107 zwrotu tych koszt\u00f3w od sprawcy zdarzenia na drodze s\u0105dowej.<\/p>\n<p>Do sprawy odni\u00f3s\u0142 si\u0119 w czwartek na platformie X wiceminister infrastruktury Piotr Malepszak. &#8222;Kolejny z prawem jazdy za czapk\u0119 gruszek kierowca TIRa zlekcewa\u017cy\u0142 sygnalizacj\u0119 informuj\u0105c\u0105 o zbli\u017ceniu si\u0119 poci\u0105gu i spanikowa\u0142 zatrzymuj\u0105c si\u0119 przed rogatk\u0105 na przeje\u017adzie kolejowym. Brak s\u0142\u00f3w na skrajn\u0105 bezmy\u015blno\u015b\u0107 w tym przypadku&#8221; &#8211; napisa\u0142 wiceminister, dodaj\u0105c, \u017ce na szcz\u0119\u015bcie oby\u0142o si\u0119 bez ofiar.<\/p>\n<p>Zieli\u0144ski z PKP PLK zaapelowa\u0142 w pi\u0105tek, by w podobnych sytuacjach wy\u0142ama\u0107 rogatk\u0119 i opu\u015bci\u0107 przejazd. &#8222;Rogatka nie jest barier\u0105, za kt\u00f3r\u0105 nale\u017cy czeka\u0107 na zderzenie&#8221; &#8211; zaznaczy\u0142.<\/p>\n<p>Podkre\u015bli\u0142, \u017ce poci\u0105g wa\u017cy setki ton i nigdy nie zatrzyma si\u0119 w miejscu. Natomiast kierowca, kt\u00f3ry pozostaje na torach, nara\u017ca na niebezpiecze\u0144stwo nie tylko siebie, ale r\u00f3wnie\u017c za\u0142og\u0119 poci\u0105gu i wszystkich podr\u00f3\u017cnych.<\/p>\n<p>W pi\u0105tek na tym samym przeje\u017adzie przy ul. Niegowskiej dosz\u0142o do kolejnego gro\u017anego incydentu. Jak poinformowa\u0142y PKP PLK, kieruj\u0105ca samochodem osobowym wjecha\u0142a na torowisko przy opuszczaj\u0105cych si\u0119 rogatkach i utkn\u0119\u0142a mi\u0119dzy szlabanami. Do zderzenia nie dosz\u0142o dzi\u0119ki pomocy \u015bwiadk\u00f3w, kt\u00f3rzy wy\u0142amali rogatk\u0119.<\/p>\n<p><img decoding=\"async\" loading=\"lazy\" style=\"max-width: 80px;\" src=\"https:\/\/www.europesays.com\/pl\/wp-content\/uploads\/2026\/09\/1788535694_436_081834.png\"\/><\/p>\n","protected":false},"excerpt":{"rendered":"Kluczowe wydarzenie dla sektora energii w Polsce 30 wrze\u015bnia &#8211; 1 pa\u017adziernika 2026 \u2022 Katowice \u2022 Mi\u0119dzynarodowe Centrum&hellip;\n","protected":false},"author":2,"featured_media":667272,"comment_status":"","ping_status":"","sticky":false,"template":"","format":"standard","meta":{"footnotes":"","_share_on_mastodon":"0"},"categories":[51610],"tags":[1048,42,38,40,39,41],"class_list":["post-667271","post","type-post","status-publish","format-standard","has-post-thumbnail","category-gdansk","tag-gdansk","tag-pl","tag-poland","tag-polish","tag-polska","tag-polski"],"share_on_mastodon":{"url":"https:\/\/pubeurope.com\/@pl\/117213484088362125","error":""},"_links":{"self":[{"href":"https:\/\/www.europesays.com\/pl\/wp-json\/wp\/v2\/posts\/667271","targetHints":{"allow":["GET"]}}],"collection":[{"href":"https:\/\/www.europesays.com\/pl\/wp-json\/wp\/v2\/posts"}],"about":[{"href":"https:\/\/www.europesays.com\/pl\/wp-json\/wp\/v2\/types\/post"}],"author":[{"embeddable":true,"href":"https:\/\/www.europesays.com\/pl\/wp-json\/wp\/v2\/users\/2"}],"replies":[{"embeddable":true,"href":"https:\/\/www.europesays.com\/pl\/wp-json\/wp\/v2\/comments?post=667271"}],"version-history":[{"count":0,"href":"https:\/\/www.europesays.com\/pl\/wp-json\/wp\/v2\/posts\/667271\/revisions"}],"wp:featuredmedia":[{"embeddable":true,"href":"https:\/\/www.europesays.com\/pl\/wp-json\/wp\/v2\/media\/667272"}],"wp:attachment":[{"href":"https:\/\/www.europesays.com\/pl\/wp-json\/wp\/v2\/media?parent=667271"}],"wp:term":[{"taxonomy":"category","embeddable":true,"href":"https:\/\/www.europesays.com\/pl\/wp-json\/wp\/v2\/categories?post=667271"},{"taxonomy":"post_tag","embeddable":true,"href":"https:\/\/www.europesays.com\/pl\/wp-json\/wp\/v2\/tags?post=667271"}],"curies":[{"name":"wp","href":"https:\/\/api.w.org\/{rel}","templated":true}]}}