{"id":667273,"date":"2026-09-04T15:29:13","date_gmt":"2026-09-04T15:29:13","guid":{"rendered":"https:\/\/www.europesays.com\/pl\/667273\/"},"modified":"2026-09-04T15:29:13","modified_gmt":"2026-09-04T15:29:13","slug":"taki-widok-w-pociagu-relacji-poznan-wolsztyn-niedobrze-sie-robi-widzac-i-czujac-to","status":"publish","type":"post","link":"https:\/\/www.europesays.com\/pl\/667273\/","title":{"rendered":"Taki widok w poci\u0105gu relacji Pozna\u0144-Wolsztyn. &#8222;Niedobrze si\u0119 robi widz\u0105c i czuj\u0105c to&#8221;"},"content":{"rendered":"<p>    W tej sprawie w pi\u0105tek napisa\u0142 Czytelnik epoznan.pl.<\/p>\n<p>&#8211; Droga redakcjo, poka\u017ccie ludziom jakimi widokami racz\u0105 nas niekt\u00f3rzy pasa\u017cerowie nieznaj\u0105cy kultury. Niedobrze si\u0119 robi, widz\u0105c i czuj\u0105c, a\u017c strach zwr\u00f3ci\u0107 uwag\u0119. Poci\u0105g relacji Pozna\u0144-Wolsztyn. Szkoda, \u017ce obs\u0142uga poci\u0105gu nie reaguje. To chyba do nich nale\u017cy zapewnienie odpowiedniego komfortu podr\u00f3\u017cy. Zdj\u0119cie zrobione na stacji Pozna\u0144 G\u0142\u00f3wny &#8211; brzmia\u0142a tre\u015b\u0107 wiadomo\u015bci od Czytelnika.<\/p>\n<p>PKP od d\u0142u\u017cszego czasu publikuje komunikaty, w kt\u00f3rych mi\u0119dzy innymi przypomina pasa\u017cerom, jakie zachowania w poci\u0105gu s\u0105 niedopuszczalne. <\/p>\n<p>&#8211;  Nie rozk\u0142adaj r\u0105k ani n\u00f3g poza granic\u0119 swojego fotela. Nie zdejmuj but\u00f3w. Trzymaj buty na nogach. K\u0142adzenie bosych st\u00f3p lub skarpet na naprzeciwleg\u0142e fotele jest uznawane za bardzo niekulturalne. Oparcie fotela: Zanim mocno odchylisz oparcie, upewnij si\u0119, \u017ce osoba za Tob\u0105 nie ma roz\u0142o\u017conego stolika z laptopem lub gor\u0105c\u0105 kaw\u0105.- upomina PKP. <\/p>\n<p style=\"margin-bottom: 6px;\">Autor: <a href=\"https:\/\/epoznan.pl\/newsListAuthor-Paula Zych\" rel=\"nofollow noopener\" target=\"_blank\">Paula Zych<\/a><\/p>\n<p>Dodano: 04 wrze\u015bnia 2026 r. godz. 16:55<\/p>\n","protected":false},"excerpt":{"rendered":"W tej sprawie w pi\u0105tek napisa\u0142 Czytelnik epoznan.pl. &#8211; Droga redakcjo, poka\u017ccie ludziom jakimi widokami racz\u0105 nas niekt\u00f3rzy&hellip;\n","protected":false},"author":2,"featured_media":667274,"comment_status":"","ping_status":"","sticky":false,"template":"","format":"standard","meta":{"footnotes":"","_share_on_mastodon":"0"},"categories":[51609],"tags":[129583,129584,42,1811,38,40,39,41,1817],"class_list":["post-667273","post","type-post","status-publish","format-standard","has-post-thumbnail","category-poznan","tag-niekulturalne-zachowanie","tag-nogi-na-fotelu","tag-pl","tag-pociag","tag-poland","tag-polish","tag-polska","tag-polski","tag-poznan"],"share_on_mastodon":{"url":"https:\/\/pubeurope.com\/@pl\/117213486453457452","error":""},"_links":{"self":[{"href":"https:\/\/www.europesays.com\/pl\/wp-json\/wp\/v2\/posts\/667273","targetHints":{"allow":["GET"]}}],"collection":[{"href":"https:\/\/www.europesays.com\/pl\/wp-json\/wp\/v2\/posts"}],"about":[{"href":"https:\/\/www.europesays.com\/pl\/wp-json\/wp\/v2\/types\/post"}],"author":[{"embeddable":true,"href":"https:\/\/www.europesays.com\/pl\/wp-json\/wp\/v2\/users\/2"}],"replies":[{"embeddable":true,"href":"https:\/\/www.europesays.com\/pl\/wp-json\/wp\/v2\/comments?post=667273"}],"version-history":[{"count":0,"href":"https:\/\/www.europesays.com\/pl\/wp-json\/wp\/v2\/posts\/667273\/revisions"}],"wp:featuredmedia":[{"embeddable":true,"href":"https:\/\/www.europesays.com\/pl\/wp-json\/wp\/v2\/media\/667274"}],"wp:attachment":[{"href":"https:\/\/www.europesays.com\/pl\/wp-json\/wp\/v2\/media?parent=667273"}],"wp:term":[{"taxonomy":"category","embeddable":true,"href":"https:\/\/www.europesays.com\/pl\/wp-json\/wp\/v2\/categories?post=667273"},{"taxonomy":"post_tag","embeddable":true,"href":"https:\/\/www.europesays.com\/pl\/wp-json\/wp\/v2\/tags?post=667273"}],"curies":[{"name":"wp","href":"https:\/\/api.w.org\/{rel}","templated":true}]}}