{"id":667285,"date":"2026-09-04T15:35:16","date_gmt":"2026-09-04T15:35:16","guid":{"rendered":"https:\/\/www.europesays.com\/pl\/667285\/"},"modified":"2026-09-04T15:35:16","modified_gmt":"2026-09-04T15:35:16","slug":"warszawa-specjalne-pokazy-filmu-lalka-w-operze-narodowej-w-pazdzierniku","status":"publish","type":"post","link":"https:\/\/www.europesays.com\/pl\/667285\/","title":{"rendered":"Warszawa. Specjalne pokazy filmu \u201eLalka\u201d w Operze Narodowej &#8211; w pa\u017adzierniku"},"content":{"rendered":"<p>Teatr Wielki &#8211; Opera Narodowa zaprasza na specjalne pokazy filmu Lalka z muzyk\u0105 na \u017cywo 15 oraz 21 pa\u017adziernika 2026 roku.<\/p>\n<p>            <a data-lightbox=\"article-gallery\" href=\"https:\/\/e-teatr.pl\/files\/multimedias\/182658\/lalka2.jpg\" rel=\"nofollow noopener\" target=\"_blank\">&#13;<br \/>\n        <img loading=\"lazy\" decoding=\"async\" src=\"https:\/\/www.europesays.com\/pl\/wp-content\/uploads\/2026\/09\/thumb_lalka2.jpg\" alt=\"\" title=\"\" width=\"1100\" height=\"733\"\/>      <\/a><\/p>\n<p>fot. mat. prasowe<\/p>\n<p>Teatr Wielki &#8211; Opera Narodowa zaprasza na wyj\u0105tkowe filmowe wydarzenie, pokazy filmowe <a href=\"https:\/\/teatrwielki.pl\/kalendarium\/2026-2027\/lalka-pokaz-filmu-z-muzyka-na-zywo\/termin\/2026-10-15_19-00\/\" target=\"_blank\" rel=\"nofollow noopener\">Lalki,<\/a> nowej ekranizacji jednej z najwa\u017cniejszych i najbardziej znanych powie\u015bci w historii polskiej literatury. Arcydzie\u0142o Boles\u0142awa Prusa od blisko 140 lat rozpala emocje i wyobra\u017ani\u0119 kolejnych pokole\u0144. Teraz ta ponadczasowa historia powraca na wielki ekran w nowej, spektakularnej ods\u0142onie.<\/p>\n<p>Na naszych widz\u00f3w czekaj\u0105 dwa wyj\u0105tkowe pokazy specjalne: 15 i 21 pa\u017adziernika. Tym dw\u00f3m projekcjom filmu towarzyszy\u0107 b\u0119dzie Chopin University Chamber Orchestra pod batut\u0105 Jacka Tarkowskiego, kt\u00f3ra wykona na \u017cywo muzyk\u0119, skomponowan\u0105 do filmu przez\u00a0 \u0141ukasza Targosza. B\u0119dzie to niezwyk\u0142e po\u0142\u0105czenie do\u015bwiadczenia filmowego i koncertowego. Znana historia, obecna w polskiej kulturze od blisko p\u00f3\u0142tora wieku, zyska dodatkowy wymiar dzi\u0119ki muzyce wykonywanej na \u017cywo i wyj\u0105tkowej przestrzeni Teatru Wielkiego &#8211; Opery Narodowej.<\/p>\n<p>Nowa ekranizacja Lalki adaptuje powie\u015b\u0107 ze wsp\u00f3\u0142czesn\u0105 wra\u017cliwo\u015bci\u0105. To przejmuj\u0105ca i uniwersalna historia o mi\u0142o\u015bci i niespe\u0142nieniu, o aspiracjach i przemianie, o \u015bwiecie, kt\u00f3ry w\u0142a\u015bnie si\u0119 ko\u0144czy. To koleje losu cz\u0142owieka rozdartego mi\u0119dzy marzeniami a rzeczywisto\u015bci\u0105, uczuciem a rozs\u0105dkiem oraz indywidualnymi ambicjami a spo\u0142ecznymi ograniczeniami. Opowie\u015b\u0107 ta wci\u0105\u017c nie traci swojej si\u0142y i pozostaje aktualna.<\/p>\n<p>Lalka to zrealizowana z ogromnym rozmachem superprodukcja i jeden z najbardziej gwiazdorskich film\u00f3w w historii polskiego kina. W rolach g\u0142\u00f3wnych wyst\u0119puj\u0105 Marcin Doroci\u0144ski jako Stanis\u0142aw Wokulski, Kamila Urz\u0119dowska jako Izabela \u0141\u0119cka oraz powracaj\u0105cy na wielki ekran Marek Kondrat w roli Ignacego Rzeckiego.<\/p>\n<p>Za kamer\u0105 stan\u0105\u0142 Maciej Kawalski, re\u017cyser znany m.in. z filmu Niebezpieczni d\u017centelmeni. Tw\u00f3rcy nowej ekranizacji si\u0119gaj\u0105 po monumentalny \u015bwiat powie\u015bci Prusa, opowiadaj\u0105c go jednak j\u0119zykiem wsp\u00f3\u0142czesnego kina. Film zachwyca imponuj\u0105c\u0105 scenografi\u0105, dopracowanymi w najdrobniejszych szczeg\u00f3\u0142ach kostiumami i charakteryzacj\u0105 oraz znakomit\u0105 obsad\u0105.<\/p>\n<p>Podczas pokaz\u00f3w widzowie b\u0119d\u0105 mogli z bliska zobaczy\u0107 wybrane kostiumy wykorzystane w produkcji. To wyj\u0105tkowa okazja, by przyjrze\u0107 si\u0119 detalom, tkaninom i kunsztowi pracy artyst\u00f3w, kt\u00f3rzy wsp\u00f3\u0142tworz\u0105 wizualny \u015bwiat filmowej adaptacji.<\/p>\n<p>            <a data-lightbox=\"article-gallery\" href=\"https:\/\/e-teatr.pl\/files\/multimedias\/182660\/lalka1.jpg\" rel=\"nofollow noopener\" target=\"_blank\">&#13;<br \/>\n        <img loading=\"lazy\" decoding=\"async\" src=\"https:\/\/www.europesays.com\/pl\/wp-content\/uploads\/2026\/09\/thumb_lalka1.jpg\" alt=\"\" title=\"\" width=\"1100\" height=\"733\"\/>      <\/a><\/p>\n<p>fot. mat. prasowe<\/p>\n<p>Autorami kostium\u00f3w s\u0105 Katarzyna Lewi\u0144ska oraz Tomasz Ossoli\u0144ski, kt\u00f3rych projekty mogli\u015bmy ogl\u0105da\u0107 w spektaklach Teatru Wielkiego &#8211; Opery Narodowej.\u00a0\u00a0<\/p>\n<p>Prezentacja kostium\u00f3w pozwoli widzom jeszcze pe\u0142niej zanurzy\u0107 si\u0119 w atmosfer\u0119 Lalki i odkry\u0107 jeden z najwa\u017cniejszych element\u00f3w buduj\u0105cych \u015bwiat tej wyj\u0105tkowej produkcji. To wydarzenie skierowane jest zar\u00f3wno do mi\u0142o\u015bnik\u00f3w kina i literatury, jak i do wszystkich, kt\u00f3rzy chc\u0105 na nowo odkry\u0107 jedn\u0105 z najwa\u017cniejszych polskich historii w niezwyk\u0142ej, artystycznej oprawie.<\/p>\n<p>Pokazy specjalne z muzyk\u0105 na \u017cywo\u00a0 w wykonaniu Chopin University Chamber Orchestra pod dyrekcj\u0105 Jacka Tarkowskiego<\/p>\n<p><a href=\"https:\/\/teatrwielki.pl\/kalendarium\/2026-2027\/lalka-pokaz-filmu-z-muzyka-na-zywo\/termin\/2026-10-15_19-00\/\" target=\"_blank\" rel=\"nofollow noopener\">15 pa\u017adziernika 2026 roku\u00a0\u00a0<\/a><br \/><a href=\"https:\/\/teatrwielki.pl\/kalendarium\/2026-2027\/lalka-pokaz-filmu-z-muzyka-na-zywo\/termin\/2026-10-15_19-00\/\" target=\"_blank\" rel=\"nofollow noopener\">21 pa\u017adziernika 2026 roku\u00a0\u00a0<\/a><\/p>\n<p>Sprzeda\u017c bilet\u00f3w od 4 wrze\u015bnia 2026 roku na stronie <a href=\"https:\/\/teatrwielki.pl\/kalendarium\/2026-2027\/lalka-pokaz-filmu-z-muzyka-na-zywo\/termin\/2026-10-15_19-00\/\" target=\"_blank\" rel=\"nofollow noopener\">www <\/a>oraz w kasach Teatru Wielkiego &#8211; Opery Narodowej.<\/p>\n<p>W rolach g\u0142\u00f3wnych:<br \/>Marcin Doroci\u0144ski \u2013 Stanis\u0142aw Wokulski<br \/>Kamila Urz\u0119dowska \u2013 Izabela \u0141\u0119cka<br \/>Marek Kondrat \u2013 Ignacy Rzecki<\/p>\n<p>Re\u017cyseria: Maciej Kawalski<\/p>\n<p>Dystrybucja kinowa: Kino \u015awiat<br \/>Producent: Rados\u0142aw Drabik \u2013 Gigant Films\u00a0<br \/>Koproducenci: TVN S.A., Wytw\u00f3rnia Film\u00f3w Fabularnych we Wroc\u0142awiu, S2 Holding\u00a0<br \/>Sponsor strategiczny: ING Bank \u015al\u0105ski\u00a0<\/p>\n<p>Partnerzy: Miasto Sto\u0142eczne Warszawa, Samorz\u0105d Wojew\u00f3dztwa Mazowieckiego, Ministerstwo Kultury i Dziedzictwa Narodowego, \u0141azienki Kr\u00f3lewskie<br \/>Patronat honorowy: Ministerstwo Edukacji Narodowej\u00a0<br \/>Partnerem pokazu 15 pa\u017adziernika w Teatrze Wielkim jest Harper&#8217;s Bazaar<\/p>\n","protected":false},"excerpt":{"rendered":"Teatr Wielki &#8211; Opera Narodowa zaprasza na specjalne pokazy filmu Lalka z muzyk\u0105 na \u017cywo 15 oraz 21&hellip;\n","protected":false},"author":2,"featured_media":667286,"comment_status":"","ping_status":"","sticky":false,"template":"","format":"standard","meta":{"footnotes":"","_share_on_mastodon":"0"},"categories":[51605],"tags":[2434,8588,6588,17490,16331,51630,42,38,40,39,41,649,650,11541,51629,8815,51631,8767,51628,800,8816,435],"class_list":["post-667285","post","type-post","status-publish","format-standard","has-post-thumbnail","category-warszawa","tag-aktor","tag-aktorzy","tag-festiwal","tag-festiwale","tag-kariera","tag-kariery","tag-pl","tag-poland","tag-polish","tag-polska","tag-polski","tag-premiera","tag-premiery","tag-realizacja","tag-realizacje","tag-repertuar","tag-ruch-teatralny","tag-sztuka","tag-sztuki","tag-teatr","tag-teatry","tag-warszawa"],"share_on_mastodon":{"url":"","error":""},"_links":{"self":[{"href":"https:\/\/www.europesays.com\/pl\/wp-json\/wp\/v2\/posts\/667285","targetHints":{"allow":["GET"]}}],"collection":[{"href":"https:\/\/www.europesays.com\/pl\/wp-json\/wp\/v2\/posts"}],"about":[{"href":"https:\/\/www.europesays.com\/pl\/wp-json\/wp\/v2\/types\/post"}],"author":[{"embeddable":true,"href":"https:\/\/www.europesays.com\/pl\/wp-json\/wp\/v2\/users\/2"}],"replies":[{"embeddable":true,"href":"https:\/\/www.europesays.com\/pl\/wp-json\/wp\/v2\/comments?post=667285"}],"version-history":[{"count":0,"href":"https:\/\/www.europesays.com\/pl\/wp-json\/wp\/v2\/posts\/667285\/revisions"}],"wp:featuredmedia":[{"embeddable":true,"href":"https:\/\/www.europesays.com\/pl\/wp-json\/wp\/v2\/media\/667286"}],"wp:attachment":[{"href":"https:\/\/www.europesays.com\/pl\/wp-json\/wp\/v2\/media?parent=667285"}],"wp:term":[{"taxonomy":"category","embeddable":true,"href":"https:\/\/www.europesays.com\/pl\/wp-json\/wp\/v2\/categories?post=667285"},{"taxonomy":"post_tag","embeddable":true,"href":"https:\/\/www.europesays.com\/pl\/wp-json\/wp\/v2\/tags?post=667285"}],"curies":[{"name":"wp","href":"https:\/\/api.w.org\/{rel}","templated":true}]}}