{"id":667319,"date":"2026-09-04T15:56:10","date_gmt":"2026-09-04T15:56:10","guid":{"rendered":"https:\/\/www.europesays.com\/pl\/667319\/"},"modified":"2026-09-04T15:56:10","modified_gmt":"2026-09-04T15:56:10","slug":"w-sobote-narodowe-czytanie-tym-razem-dziady","status":"publish","type":"post","link":"https:\/\/www.europesays.com\/pl\/667319\/","title":{"rendered":"W sobot\u0119 Narodowe Czytanie. Tym razem &#8222;Dziady&#8221;"},"content":{"rendered":"<p>\t\t\t\t\t\t\t\tW\u00a0sobot\u0119 w\u00a0ca\u0142ej Polsce odb\u0119dzie si\u0119 Narodowe Czytanie. W\u00a0tym roku wybrano \u201eDziady\u201d Adama Mickiewicza. To\u00a0arcydzie\u0142o polskiej literatury romantycznej, kt\u00f3re znamy z\u00a0lektur szkolnych. <\/p>\n<p style=\"font-weight: 400;\">Jednak jak zapewnia re\u017cyserka czytania w\u00a0Gda\u0144sku Katarzyna Micha\u0142owska, dopiero w\u00a0dojrza\u0142ym wieku odkrywamy bogactwo znacze\u0144 i\u00a0symboli tej\u00a0lektury.<\/p>\n<p style=\"font-weight: 400;\">W\u00a0Gda\u0144sku b\u0119dzie mo\u017cna pos\u0142ucha\u0107 czytania \u201eDziad\u00f3w\u201d przy ulicy Mariackiej \u2013 w\u00a0filii Wojew\u00f3dzkiej i\u00a0Miejskiej Biblioteki Publicznej. O\u00a0akcji opowiedzia\u0142y Marzenie Bakowskiej: re\u017cyserka Katarzyna Micha\u0142owska i\u00a0organizatorka Marzena \u015awita\u0142a z\u00a0Wojew\u00f3dzkiej i\u00a0Miejskiej Biblioteki Publicznej.<\/p>\n<p>Pos\u0142uchaj:<\/p>\n<p><a href=\"https:\/\/radiogdansk.pl\/wp-content\/uploads\/2026\/09\/DZIADY.mp3\" rel=\"nofollow noopener\" target=\"_blank\">https:\/\/radiogdansk.pl\/wp-content\/uploads\/2026\/09\/DZIADY.mp3<\/a><\/p>\n<p style=\"text-align: right;\">Marzena Bakowska\/kkk<\/p>\n","protected":false},"excerpt":{"rendered":"W\u00a0sobot\u0119 w\u00a0ca\u0142ej Polsce odb\u0119dzie si\u0119 Narodowe Czytanie. W\u00a0tym roku wybrano \u201eDziady\u201d Adama Mickiewicza. To\u00a0arcydzie\u0142o polskiej literatury romantycznej, kt\u00f3re&hellip;\n","protected":false},"author":2,"featured_media":667320,"comment_status":"","ping_status":"","sticky":false,"template":"","format":"standard","meta":{"footnotes":"","_share_on_mastodon":"0"},"categories":[51610],"tags":[1048,42,38,40,39,41],"class_list":["post-667319","post","type-post","status-publish","format-standard","has-post-thumbnail","category-gdansk","tag-gdansk","tag-pl","tag-poland","tag-polish","tag-polska","tag-polski"],"share_on_mastodon":{"url":"https:\/\/pubeurope.com\/@pl\/117213592759518700","error":""},"_links":{"self":[{"href":"https:\/\/www.europesays.com\/pl\/wp-json\/wp\/v2\/posts\/667319","targetHints":{"allow":["GET"]}}],"collection":[{"href":"https:\/\/www.europesays.com\/pl\/wp-json\/wp\/v2\/posts"}],"about":[{"href":"https:\/\/www.europesays.com\/pl\/wp-json\/wp\/v2\/types\/post"}],"author":[{"embeddable":true,"href":"https:\/\/www.europesays.com\/pl\/wp-json\/wp\/v2\/users\/2"}],"replies":[{"embeddable":true,"href":"https:\/\/www.europesays.com\/pl\/wp-json\/wp\/v2\/comments?post=667319"}],"version-history":[{"count":0,"href":"https:\/\/www.europesays.com\/pl\/wp-json\/wp\/v2\/posts\/667319\/revisions"}],"wp:featuredmedia":[{"embeddable":true,"href":"https:\/\/www.europesays.com\/pl\/wp-json\/wp\/v2\/media\/667320"}],"wp:attachment":[{"href":"https:\/\/www.europesays.com\/pl\/wp-json\/wp\/v2\/media?parent=667319"}],"wp:term":[{"taxonomy":"category","embeddable":true,"href":"https:\/\/www.europesays.com\/pl\/wp-json\/wp\/v2\/categories?post=667319"},{"taxonomy":"post_tag","embeddable":true,"href":"https:\/\/www.europesays.com\/pl\/wp-json\/wp\/v2\/tags?post=667319"}],"curies":[{"name":"wp","href":"https:\/\/api.w.org\/{rel}","templated":true}]}}