{"id":667325,"date":"2026-09-04T15:59:13","date_gmt":"2026-09-04T15:59:13","guid":{"rendered":"https:\/\/www.europesays.com\/pl\/667325\/"},"modified":"2026-09-04T15:59:13","modified_gmt":"2026-09-04T15:59:13","slug":"deus-sex-machina-premiera-we-wspolczesnym","status":"publish","type":"post","link":"https:\/\/www.europesays.com\/pl\/667325\/","title":{"rendered":"Deus Sex Machina &#8211; premiera we Wsp\u00f3\u0142czesnym"},"content":{"rendered":"\n<p>                <a target=\"_blank\" href=\"http:\/\/www.wykop.pl\/dodaj\/link\/?url=https%3A%2F%2Fwww.radiowroclaw.pl%2Farticles%2Fview%2F163670%2FDeus-Sex-Machina&amp;title=Deus+Sex+Machina+-+premiera+we+Wsp%C3%B3%C5%82czesnym&amp;desc=Radio+Wroc%C5%82aw+Kultura+DAB%2B+Teatr%2C+Muzyka%2C+wtorek+o+godz.+16%3A00+%28powt%C3%B3rka+w+%C5%9Brod%C4%99+o+8%3A00%29.+Prowadzi+Grzegorz+Chojnowski\" rel=\"nofollow noopener\"><img decoding=\"async\" alt=\"Dodaj do Wykop.pl\" src=\"https:\/\/www.radiowroclaw.pl\/nlayout\/layout\/wykop-social.svg\"\/><\/a><\/p>\n<p>    <img decoding=\"async\" src=\"https:\/\/www.europesays.com\/pl\/wp-content\/uploads\/2026\/09\/pHigl4ck21.jpg\" class=\"w-100\" alt=\"Deus Sex Machina - premiera we Wsp\u00f3\u0142czesnym - foto RWK\"\/><\/p>\n<p>Radio Wroc\u0142aw Kultura DAB+ Teatr, Muzyka, wtorek o godz. 16:00 (powt\u00f3rka w \u015brod\u0119 o 8:00). Prowadzi Grzegorz Chojnowski<\/p>\n<p>Agnieszka Jakimiak, re\u017cyserka (wraz z Mateuszem Atmanem) premiery we Wroc\u0142awskim Teatrze Wsp\u00f3\u0142czesnym. DEUS SEX MACHINA opowie o relacjach (tak\u017ce tych tytu\u0142owych) cz\u0142owieka z robotem\/robotk\u0105.<\/p>\n<p>Do us\u0142yszenia i zobaczenia w odbiornikach z DAB+, aplikacjach mobilnych, na <a href=\"http:\/\/www.radiowroclawkultura.pl\" rel=\"nofollow noopener\" target=\"_blank\">www.radiowroclawkultura.pl<\/a>\u00a0\u00a0<\/p>\n<p><img decoding=\"async\" style=\"margin: 5px 0px 5px 0px; width: 100%; float: none;\" src=\"https:\/\/www.europesays.com\/pl\/wp-content\/uploads\/2026\/09\/Deus-Sex-Machina-premiera-we-Wspolczesnym-1-6a9ade95e5e1f-dp.jpg\" alt=\"\"\/><\/p>\n<p>        <a name=\"Comments\"\/><br \/>\n    \ufeff<\/p>\n<p>\t\t\t\t<a name=\"Comments\"\/><\/p>\n<p>\t\t\t\t\tDodaj\u0105c komentarz do artyku\u0142u akceptujesz<br \/>\n\t\t\t\t\t<a class=\"fw-bold\" href=\"https:\/\/www.radiowroclaw.pl\/articles\/view\/97405\" title=\"regulamin strony\" rel=\"nofollow noopener\" target=\"_blank\">regulamin strony<\/a>.<br \/>\n\t\t\t\t\tRadio Wroc\u0142aw nie odpowiada za tre\u015b\u0107 komentarzy.<\/p>\n","protected":false},"excerpt":{"rendered":"Radio Wroc\u0142aw Kultura DAB+ Teatr, Muzyka, wtorek o godz. 16:00 (powt\u00f3rka w \u015brod\u0119 o 8:00). Prowadzi Grzegorz Chojnowski&hellip;\n","protected":false},"author":2,"featured_media":667326,"comment_status":"","ping_status":"","sticky":false,"template":"","format":"standard","meta":{"footnotes":"","_share_on_mastodon":"0"},"categories":[51607],"tags":[129587,129589,25,42,38,40,39,41,649,129588,55110,1853,58237],"class_list":["post-667325","post","type-post","status-publish","format-standard","has-post-thumbnail","category-wroclaw","tag-deus","tag-machina","tag-news","tag-pl","tag-poland","tag-polish","tag-polska","tag-polski","tag-premiera","tag-sex","tag-we","tag-wroclaw","tag-wspolczesnym"],"share_on_mastodon":{"url":"https:\/\/pubeurope.com\/@pl\/117213605168259004","error":""},"_links":{"self":[{"href":"https:\/\/www.europesays.com\/pl\/wp-json\/wp\/v2\/posts\/667325","targetHints":{"allow":["GET"]}}],"collection":[{"href":"https:\/\/www.europesays.com\/pl\/wp-json\/wp\/v2\/posts"}],"about":[{"href":"https:\/\/www.europesays.com\/pl\/wp-json\/wp\/v2\/types\/post"}],"author":[{"embeddable":true,"href":"https:\/\/www.europesays.com\/pl\/wp-json\/wp\/v2\/users\/2"}],"replies":[{"embeddable":true,"href":"https:\/\/www.europesays.com\/pl\/wp-json\/wp\/v2\/comments?post=667325"}],"version-history":[{"count":0,"href":"https:\/\/www.europesays.com\/pl\/wp-json\/wp\/v2\/posts\/667325\/revisions"}],"wp:featuredmedia":[{"embeddable":true,"href":"https:\/\/www.europesays.com\/pl\/wp-json\/wp\/v2\/media\/667326"}],"wp:attachment":[{"href":"https:\/\/www.europesays.com\/pl\/wp-json\/wp\/v2\/media?parent=667325"}],"wp:term":[{"taxonomy":"category","embeddable":true,"href":"https:\/\/www.europesays.com\/pl\/wp-json\/wp\/v2\/categories?post=667325"},{"taxonomy":"post_tag","embeddable":true,"href":"https:\/\/www.europesays.com\/pl\/wp-json\/wp\/v2\/tags?post=667325"}],"curies":[{"name":"wp","href":"https:\/\/api.w.org\/{rel}","templated":true}]}}