{"id":667365,"date":"2026-09-04T16:23:14","date_gmt":"2026-09-04T16:23:14","guid":{"rendered":"https:\/\/www.europesays.com\/pl\/667365\/"},"modified":"2026-09-04T16:23:14","modified_gmt":"2026-09-04T16:23:14","slug":"geblewicz-wygral-w-sadzie-z-mateckim-hejterow-trzeba-scigac","status":"publish","type":"post","link":"https:\/\/www.europesays.com\/pl\/667365\/","title":{"rendered":"Geblewicz wygra\u0142 w s\u0105dzie z Mateckim. \u201eHejter\u00f3w trzeba \u015bciga\u0107\u201d"},"content":{"rendered":"<p>\n                        Marsza\u0142ek Wojew\u00f3dztwa Zachodniopomorskiego Olgierd Geblewicz poinformowa\u0142 w swoich mediach spo\u0142eczno\u015bciowych, \u017ce wygra\u0142 w s\u0105dzie spraw\u0119, kt\u00f3r\u0105 wytoczy\u0142 pos\u0142owi PiS Dariuszowi Mateckiemu. Chodzi o oskar\u017cenia o znies\u0142awienie. Pose\u0142 mia\u0142 sugerowa\u0107 relacje polityka KO ze skazanym za pedofili\u0119 Krzysztofem F.\n                    <\/p>\n<p>Marsza\u0142ek wojew\u00f3dztwa pozwa\u0142 Mateckiego za wpisy \u0142\u0105cz\u0105ce polityka KO i Krzysztofa F. M\u0119\u017cczyzna by\u0142 niegdy\u015b zwi\u0105zany z urz\u0119dem marsza\u0142kowskim, gdzie pracowa\u0142 jako pe\u0142nomocnik ds. uzale\u017cnie\u0144.<\/p>\n<p>\u201eHejter\u00f3w trzeba \u015bciga\u0107! Dla sprawiedliwo\u015bci i dobra! Pan Matecki przegra\u0142 ze mn\u0105 proces o znies\u0142awienie. Wymierzon\u0105 przez s\u0105d nawi\u0105zk\u0119 przeznaczam na cel charytatywny \u2013 10 tys. z\u0142 trafi do Zachodniopomorskiego Hospicjum dla Dzieci i Doros\u0142ych. Walka ze z\u0142em hejtu, to czynienie dobra\u201d \u2013 napisa\u0142 marsza\u0142ek.<\/p>\n<p>Trwa posiedzenie Sejmu, pose\u0142 Matecki jest aktywny w mediach spo\u0142eczno\u015bciowych, ale wyroku s\u0105du jeszcze nie skomentowa\u0142.<\/p>\n<p>Wyrok jest prawomocny.<\/p>\n","protected":false},"excerpt":{"rendered":"Marsza\u0142ek Wojew\u00f3dztwa Zachodniopomorskiego Olgierd Geblewicz poinformowa\u0142 w swoich mediach spo\u0142eczno\u015bciowych, \u017ce wygra\u0142 w s\u0105dzie spraw\u0119, kt\u00f3r\u0105 wytoczy\u0142 pos\u0142owi&hellip;\n","protected":false},"author":2,"featured_media":667366,"comment_status":"","ping_status":"","sticky":false,"template":"","format":"standard","meta":{"footnotes":"","_share_on_mastodon":"0"},"categories":[51611],"tags":[291,1089,3839,3511,261,3840,42,38,40,907,39,41,123,2307,26,1092],"class_list":["post-667365","post","type-post","status-publish","format-standard","has-post-thumbnail","category-szczecin","tag-historia","tag-imprezy","tag-interwencje","tag-inwestycje","tag-kultura","tag-lokale","tag-pl","tag-poland","tag-polish","tag-polityka","tag-polska","tag-polski","tag-rozrywka","tag-szczecin","tag-wiadomosci","tag-wydarzenia"],"share_on_mastodon":{"url":"https:\/\/pubeurope.com\/@pl\/117213698731505095","error":""},"_links":{"self":[{"href":"https:\/\/www.europesays.com\/pl\/wp-json\/wp\/v2\/posts\/667365","targetHints":{"allow":["GET"]}}],"collection":[{"href":"https:\/\/www.europesays.com\/pl\/wp-json\/wp\/v2\/posts"}],"about":[{"href":"https:\/\/www.europesays.com\/pl\/wp-json\/wp\/v2\/types\/post"}],"author":[{"embeddable":true,"href":"https:\/\/www.europesays.com\/pl\/wp-json\/wp\/v2\/users\/2"}],"replies":[{"embeddable":true,"href":"https:\/\/www.europesays.com\/pl\/wp-json\/wp\/v2\/comments?post=667365"}],"version-history":[{"count":0,"href":"https:\/\/www.europesays.com\/pl\/wp-json\/wp\/v2\/posts\/667365\/revisions"}],"wp:featuredmedia":[{"embeddable":true,"href":"https:\/\/www.europesays.com\/pl\/wp-json\/wp\/v2\/media\/667366"}],"wp:attachment":[{"href":"https:\/\/www.europesays.com\/pl\/wp-json\/wp\/v2\/media?parent=667365"}],"wp:term":[{"taxonomy":"category","embeddable":true,"href":"https:\/\/www.europesays.com\/pl\/wp-json\/wp\/v2\/categories?post=667365"},{"taxonomy":"post_tag","embeddable":true,"href":"https:\/\/www.europesays.com\/pl\/wp-json\/wp\/v2\/tags?post=667365"}],"curies":[{"name":"wp","href":"https:\/\/api.w.org\/{rel}","templated":true}]}}