{"id":667373,"date":"2026-09-04T16:27:25","date_gmt":"2026-09-04T16:27:25","guid":{"rendered":"https:\/\/www.europesays.com\/pl\/667373\/"},"modified":"2026-09-04T16:27:25","modified_gmt":"2026-09-04T16:27:25","slug":"sylwester-polsatu-zmienia-miejsce-stacja-postawila-na-wroclaw","status":"publish","type":"post","link":"https:\/\/www.europesays.com\/pl\/667373\/","title":{"rendered":"Sylwester Polsatu zmienia miejsce. Stacja postawi\u0142a na Wroc\u0142aw"},"content":{"rendered":"\n<p>&#13;<br \/>\nW mediach zacz\u0119\u0142y si\u0119 pojawia\u0107 pierwsze doniesienia dotycz\u0105ce tegorocznych koncert\u00f3w sylwestrowych. W\u00a0sierpniu bran\u017cowy portal Press.pl poda\u0142, \u017ce\u00a0Toru\u0144 nie\u00a0planuje w\u00a0tym roku organizowania imprezy plenerowej wsp\u00f3lnie z\u00a0Polsatem. &#13;\n<\/p>\n<p>&#13;<br \/>\nStacja od\u00a02015\u00a0r. realizowa\u0142a koncerty sylwestrowe na\u00a0\u015al\u0105sku. By\u0142y to\u00a0r\u00f3\u017cne lokalizacje: teren przed katowickim Spodkiem, Park \u015al\u0105ski b\u0105d\u017a Stadion \u015al\u0105ski w\u00a0Chorzowie. W\u00a02024\u00a0r. przetarg na\u00a0organizacj\u0119 sylwestra na\u00a0Stadionie \u015al\u0105skim wygra\u0142a Telewizja Polska. Polsat przeni\u00f3s\u0142 swoj\u0105 imprez\u0119 do\u00a0Torunia. Zar\u00f3wno w\u00a02024, jak i\u00a02025\u00a0r. koncert odby\u0142 si\u0119 na\u00a0Rynku Staromiejskim. Scena zosta\u0142a wkomponowana w\u00a0otoczenie zabytkowych kamienic w\u00a0samym sercu miasta. &#13;\n<\/p>\n<p>&#13;<br \/>\n\u2013 W\u00a0tym roku <a href=\"https:\/\/rozrywka.dorzeczy.pl\/film-i-telewizja\/928318\/sylwester-polsatu-juz-nie-w-tym-miescie-torun-zdecydowal.html\" rel=\"nofollow noopener\" target=\"_blank\">nie planujemy<\/a> realizacji koncertu sylwestrowego we\u00a0wsp\u00f3\u0142pracy z\u00a0Polsatem \u2013\u00a0poinformowa\u0142 serwis Press.pl Marcin Centkowski, rzecznik prasowy prezydenta Torunia. \u2013\u00a0Po\u00a0sukcesie &#8222;Sylwestrowej Mocy Przeboj\u00f3w&#8221; podj\u0119li\u015bmy wsp\u00f3lnie z\u00a0samorz\u0105dem wojew\u00f3dztwa kujawsko-pomorskiego decyzj\u0119 o\u00a0organizacji wydarzenia w\u00a02025\u00a0r. By\u0142a to\u00a0jednak ostatnia ods\u0142ona wsp\u00f3\u0142pracy z\u00a0Polsatem w\u00a0tym obszarze. Nie\u00a0by\u0142o r\u00f3wnie\u017c mowy o\u00a0wieloletniej umowie na\u00a0realizacj\u0119 przedsi\u0119wzi\u0119cia \u2013\u00a0wyja\u015bni\u0142. &#13;\n<\/p>\n<p>Polsat zorganizuje sylwestra we\u00a0Wroc\u0142awiu<\/p>\n<p>&#13;<br \/>\nOkazuje si\u0119, \u017ce\u00a0Polsat zorganizuje w\u00a0tym roku koncert sylwestrowy we\u00a0Wroc\u0142awiu. Tak\u0105 informacj\u0119 przekaza\u0142 portal Press.pl. Stacja dotychczas nie\u00a0potwierdzi\u0142a tych doniesie\u0144. &#13;\n<\/p>\n<p>&#13;<br \/>\nW latach 2005-2008 oraz\u00a02010-2015 koncerty sylwestrowe z\u00a0Wroc\u0142awia pokazywa\u0142a Telewizja Polska, kt\u00f3ra po\u00a0tym, jak prezesem TVP zosta\u0142 Jacek Kurski, zdecydowa\u0142a si\u0119 przenie\u015b\u0107 imprez\u0119 do\u00a0Zakopanego. W\u00a02016\u00a0r. sylwestra ze\u00a0stolicy Dolnego \u015al\u0105ska mo\u017cna by\u0142o ogl\u0105da\u0107 w\u00a0Telewizji WP. Oznacza to, \u017ce\u00a0telewizyjny koncert sylwestrowy wr\u00f3ci do\u00a0Wroc\u0142awia po\u00a010 latach. &#13;\n<\/p>\n<p>&#13;<br \/>\nPolsat w\u00a0przesz\u0142o\u015bci organizowa\u0142 imprezy w\u00a0ostatni dzie\u0144 roku w\u00a0Krakowie (2006, 2007), Warszawie (2008-2012) oraz\u00a0Gdyni (2013, 2014). &#13;\n<\/p>\n<p>&#13;<br \/>\n   Czytaj te\u017c:<br \/><a href=\"https:\/\/dorzeczy.pl\/kraj\/937693\/zaskakujace-wiesci-ws-bylej-szefowej-panstwa-w-panstwie.html\" rel=\"follow nofollow noopener\" data-schema=\"DORZECZY\" data-image=\"https:\/\/img.dorzeczy.pl\/_thumb\/9b\/dc\/377dd8d34898ced2486ed2787261.jpeg\" target=\"_blank\">Polsat zlikwidowa\u0142 jej program. Zaskakuj\u0105ce wie\u015bci ws. dziennikarki<\/a>&#13;<\/p>\n","protected":false},"excerpt":{"rendered":"&#13; W mediach zacz\u0119\u0142y si\u0119 pojawia\u0107 pierwsze doniesienia dotycz\u0105ce tegorocznych koncert\u00f3w sylwestrowych. W\u00a0sierpniu bran\u017cowy portal Press.pl poda\u0142, \u017ce\u00a0Toru\u0144&hellip;\n","protected":false},"author":2,"featured_media":667374,"comment_status":"","ping_status":"","sticky":false,"template":"","format":"standard","meta":{"footnotes":"","_share_on_mastodon":"0"},"categories":[51607],"tags":[662,98,288,291,1252,42,38,40,263,39,41,12357,33424,1853],"class_list":["post-667373","post","type-post","status-publish","format-standard","has-post-thumbnail","category-wroclaw","tag-dawid-sienkowski","tag-dorzeczy","tag-film-i-telewizja","tag-historia","tag-muzyka","tag-pl","tag-poland","tag-polish","tag-polsat","tag-polska","tag-polski","tag-sylwester","tag-sylwestrowa-moc-przebojow","tag-wroclaw"],"share_on_mastodon":{"url":"https:\/\/pubeurope.com\/@pl\/117213714450436900","error":""},"_links":{"self":[{"href":"https:\/\/www.europesays.com\/pl\/wp-json\/wp\/v2\/posts\/667373","targetHints":{"allow":["GET"]}}],"collection":[{"href":"https:\/\/www.europesays.com\/pl\/wp-json\/wp\/v2\/posts"}],"about":[{"href":"https:\/\/www.europesays.com\/pl\/wp-json\/wp\/v2\/types\/post"}],"author":[{"embeddable":true,"href":"https:\/\/www.europesays.com\/pl\/wp-json\/wp\/v2\/users\/2"}],"replies":[{"embeddable":true,"href":"https:\/\/www.europesays.com\/pl\/wp-json\/wp\/v2\/comments?post=667373"}],"version-history":[{"count":0,"href":"https:\/\/www.europesays.com\/pl\/wp-json\/wp\/v2\/posts\/667373\/revisions"}],"wp:featuredmedia":[{"embeddable":true,"href":"https:\/\/www.europesays.com\/pl\/wp-json\/wp\/v2\/media\/667374"}],"wp:attachment":[{"href":"https:\/\/www.europesays.com\/pl\/wp-json\/wp\/v2\/media?parent=667373"}],"wp:term":[{"taxonomy":"category","embeddable":true,"href":"https:\/\/www.europesays.com\/pl\/wp-json\/wp\/v2\/categories?post=667373"},{"taxonomy":"post_tag","embeddable":true,"href":"https:\/\/www.europesays.com\/pl\/wp-json\/wp\/v2\/tags?post=667373"}],"curies":[{"name":"wp","href":"https:\/\/api.w.org\/{rel}","templated":true}]}}