{"id":667385,"date":"2026-09-04T16:33:15","date_gmt":"2026-09-04T16:33:15","guid":{"rendered":"https:\/\/www.europesays.com\/pl\/667385\/"},"modified":"2026-09-04T16:33:15","modified_gmt":"2026-09-04T16:33:15","slug":"media-rakow-czestochowa-wybral-trenera-wiadomo-kiedy-zacznie-prace","status":"publish","type":"post","link":"https:\/\/www.europesays.com\/pl\/667385\/","title":{"rendered":"Media: Rak\u00f3w Cz\u0119stochowa wybra\u0142 trenera. Wiadomo, kiedy zacznie prac\u0119"},"content":{"rendered":"<p>W czwartek, 3 wrze\u015bnia pojawi\u0142y si\u0119 informacje, \u017ce by\u0142y opiekun m.in. Motoru Lublin, Legii Warszawa czy Radomiaka Radom jest ju\u017c w drodze do Polski. W\u0142odarczyk przekonywa\u0142 jednak, \u017ce decyzja o jego zatrudnieniu wci\u0105\u017c nie zapad\u0142a. \u2014 Ma mie\u0107 finaln\u0105 rozmow\u0119 w cztery oczy z w\u0142a\u015bcicielem Micha\u0142em \u015awierczewskim i to on podejmie decyzj\u0119 \u2014 zdradzi\u0142.<\/p>\n<p>Dalszy ci\u0105g artyku\u0142u pod materia\u0142em wideo<\/p>\n<p>Wed\u0142ug najnowszych wie\u015bci obie strony ostatecznie dosz\u0142y do porozumienia i 36-latek zasi\u0105dzie na \u0142awce trenerskiej Medalik\u00f3w. &#8222;Portugalczyk zacznie prac\u0119 w przysz\u0142ym tygodniu&#8221; \u2014 napisa\u0142 W\u0142odarczyk na platformie X. I stanie przed arcytrudnym zadaniem wyci\u0105gni\u0119cia Rakowa z kryzysu, kt\u00f3ry w czwartek przegra\u0142 pi\u0105ty ligowy mecz z pi\u0119ciu rozegranych w tym sezonie.<\/p>\n<p><a href=\"https:\/\/przegladsportowy.onet.pl\/\" title=\"Strona g\u0142\u00f3wna serwisu\" aria-label=\"Strona g\u0142\u00f3wna serwisu\" data-astro-prefetch=\"tap\" class=\"ods-a-logo-main-desktop\" rel=\"nofollow noopener\" target=\"_blank\"><img src=\"https:\/\/cdn.przegladsportowy.onet.pl\/img\/Logo_desktop_Onet.svg\" class=\"ods-a-logo-main-desktop__image\" alt=\"Logo\" width=\"107\" height=\"60\" fetchpriority=\"high\" decoding=\"sync\" style=\"height:60px\"\/><\/a><\/p>\n<p class=\"ods-m-google-article__text\">Czytaj nas cz\u0119\u015bciej w Google<\/p>\n<p><a href=\"https:\/\/google.com\/preferences\/source?q=przegladsportowy.onet.pl\" target=\"_blank\" rel=\"noopener noreferrer nofollow\" aria-label=\"Dodaj w Google\" title=\"Dodaj w Google\" class=\"ods-a-button ods-a-button__primary ods-a-button__default ods-a-button-l\">Dodaj w Google<\/a><\/p>\n<p>Tym samym potwierdzaj\u0105 si\u0119 informacje, jakie pojawi\u0142y si\u0119 m.in. w podca\u015bcie &#8222;Ofensywni&#8221; emitowanym w Przegl\u0105dzie Sportowym Onet.<\/p>\n<p>Przypomnijmy, \u017ce pocz\u0105tek sezonu przyni\u00f3s\u0142 Rakowowi wyniki dalekie od oczekiwanych. Po rozegraniu pi\u0119ciu mecz\u00f3w dru\u017cyna zajmuje ostatnie miejsce w tabeli i jak dot\u0105d nie zdoby\u0142a \u017cadnego punktu. Po\u017cegna\u0142a si\u0119 r\u00f3wnie\u017c z eliminacjami Ligi Konferencji.<\/p>\n<p>Pot\u0119\u017cny kryzys Rakowa Cz\u0119stochowa. Dawid Kroczek zwolniony<\/p>\n<p>Taki bieg wydarze\u0144 poskutkowa\u0142 zwolnieniem kilka dni temu Dawida Kroczka, kt\u00f3ry funkcj\u0119 pierwszego trenera obj\u0105\u0142 dopiero w maju tego roku. W czwartkowym meczu PKO BP Ekstraklasy, przegranym z G\u00f3rnikiem Zabrze 1:2, dru\u017cyn\u0119 poprowadzi\u0142 ju\u017c Dawid Szulczek.<\/p>\n<p>Od pocz\u0105tku by\u0142o jednak jasne, \u017ce to rozwi\u0105zanie tymczasowe. \u015awierczewski najch\u0119tniej widzia\u0142by w swoim klubie Jerzego Brz\u0119czka, ale ten wariant okaza\u0142 si\u0119 niemo\u017cliwy do zrealizowania. W grze pozostali wi\u0119c Dawid Szwarga i Feio. Wszystko wskazuje na to, \u017ce ostatecznie wyb\u00f3r pad\u0142 na kontrowersyjnego Portugalczyka.<\/p>\n<p><img class=\"ods-a-photo ods-a-photo--background\" src=\"https:\/\/www.europesays.com\/pl\/wp-content\/uploads\/2026\/09\/WJPk9lBaHR0cHM6Ly9vY2RuLmV1L3B1bHNjbXMvTURBXy84MDZmMTQ0NTQ0YmEzZDY1NzVkMjRmNDc3MWU2Y2JlMS5qcGeSlQPMg.jpeg\" height=\"571\" width=\"940\" alt=\"Goncalo Feio\" loading=\"lazy\" fetchpriority=\"auto\" decoding=\"auto\" url=\"https:\/\/ocdn.eu\/pulscms\/MDA_\/806f144544ba3d6575d24f4771e6cbe1.jpg\" description=\"Goncalo Feio\" author=\"SOPA Images \/ Contributor \/ Getty Images\" source=\"\" link=\"\"\/><\/p>\n<p>SOPA Images \/ Contributor \/ Getty Images<\/p>\n<p>Goncalo Feio<\/p>\n<p>Co ciekawe, dla nie b\u0119dzie to jego pierwsza wsp\u00f3\u0142praca z cz\u0119stochowskim klubem. W latach 2020-2022 by\u0142 bowiem asystentem Marka Papszuna, \u00f3wczesnego pierwszego trenera Rakowa. P\u00f3\u017aniej zacz\u0105\u0142 prac\u0119 na w\u0142asny rachunek \u2014 g\u0142\u00f3wnie w polskich klubach.<\/p>\n","protected":false},"excerpt":{"rendered":"W czwartek, 3 wrze\u015bnia pojawi\u0142y si\u0119 informacje, \u017ce by\u0142y opiekun m.in. Motoru Lublin, Legii Warszawa czy Radomiaka Radom&hellip;\n","protected":false},"author":2,"featured_media":667386,"comment_status":"","ping_status":"","sticky":false,"template":"","format":"standard","meta":{"footnotes":"","_share_on_mastodon":"0"},"categories":[24],"tags":[128237,61195,274,13674,48,46,948,42,38,40,39,41,2562,47,127,126,130],"class_list":["post-667385","post","type-post","status-publish","format-standard","has-post-thumbnail","category-sport","tag-adshield_tst1","tag-bottomfeed_styl","tag-ekstraklasa","tag-goncalo_feio","tag-nat_styl","tag-omp","tag-pilka_nozna","tag-pl","tag-poland","tag-polish","tag-polska","tag-polski","tag-rakow_czestochowa","tag-screening_general","tag-sport","tag-sports","tag-wiadomosci_sportowe"],"share_on_mastodon":{"url":"https:\/\/pubeurope.com\/@pl\/117213739137858520","error":""},"_links":{"self":[{"href":"https:\/\/www.europesays.com\/pl\/wp-json\/wp\/v2\/posts\/667385","targetHints":{"allow":["GET"]}}],"collection":[{"href":"https:\/\/www.europesays.com\/pl\/wp-json\/wp\/v2\/posts"}],"about":[{"href":"https:\/\/www.europesays.com\/pl\/wp-json\/wp\/v2\/types\/post"}],"author":[{"embeddable":true,"href":"https:\/\/www.europesays.com\/pl\/wp-json\/wp\/v2\/users\/2"}],"replies":[{"embeddable":true,"href":"https:\/\/www.europesays.com\/pl\/wp-json\/wp\/v2\/comments?post=667385"}],"version-history":[{"count":0,"href":"https:\/\/www.europesays.com\/pl\/wp-json\/wp\/v2\/posts\/667385\/revisions"}],"wp:featuredmedia":[{"embeddable":true,"href":"https:\/\/www.europesays.com\/pl\/wp-json\/wp\/v2\/media\/667386"}],"wp:attachment":[{"href":"https:\/\/www.europesays.com\/pl\/wp-json\/wp\/v2\/media?parent=667385"}],"wp:term":[{"taxonomy":"category","embeddable":true,"href":"https:\/\/www.europesays.com\/pl\/wp-json\/wp\/v2\/categories?post=667385"},{"taxonomy":"post_tag","embeddable":true,"href":"https:\/\/www.europesays.com\/pl\/wp-json\/wp\/v2\/tags?post=667385"}],"curies":[{"name":"wp","href":"https:\/\/api.w.org\/{rel}","templated":true}]}}