{"id":667401,"date":"2026-09-04T16:41:16","date_gmt":"2026-09-04T16:41:16","guid":{"rendered":"https:\/\/www.europesays.com\/pl\/667401\/"},"modified":"2026-09-04T16:41:16","modified_gmt":"2026-09-04T16:41:16","slug":"prezydent-nawrocki-pogratulowal-meloni-cenie-nasza-przyjazn","status":"publish","type":"post","link":"https:\/\/www.europesays.com\/pl\/667401\/","title":{"rendered":"Prezydent Nawrocki pogratulowa\u0142 Meloni. &#8222;Ceni\u0119 nasz\u0105 przyja\u017a\u0144&#8221;"},"content":{"rendered":"<p data-v-01d4021f=\"\">Prezydent Karol Nawrocki pogratulowa\u0142 w pi\u0105tek premier W\u0142och Giorgii Meloni kierowania rz\u0105dem o najd\u0142u\u017cszym sta\u017cu w historii Republiki W\u0142oskiej. Prezydent podkre\u015bli\u0142, \u017ce Polska, i on osobi\u015bcie, niezwykle ceni blisk\u0105 przyja\u017a\u0144 z W\u0142ochami.<\/p>\n<p data-v-01d4021f=\"\">Od pi\u0105tku rz\u0105d Giorgii Meloni\u00a0jest najd\u0142u\u017cej nieprzerwanie pracuj\u0105cym gabinetem w historii Republiki W\u0142oskiej: dzia\u0142a od 1413 dni. O jeden dzie\u0144 wyprzedzi\u0142 drugi rz\u0105d Silvio Berlusconiego z lat 2001-2005.<\/p>\n<p data-v-01d4021f=\"\">Prezydent Nawrocki, we wpisie na platformie X, z\u0142o\u017cy\u0142 Meloni\u00a0serdeczne gratulacje z okazji wyj\u0105tkowego osi\u0105gni\u0119cia &#8211; kierowania rz\u0105dem o najd\u0142u\u017cszym sta\u017cu w historii Republiki W\u0142oskiej.<\/p>\n<p data-v-01d4021f=\"\">Osi\u0105gni\u0119cie to \u015bwiadczy nie tylko o jej zaanga\u017cowaniu i zdolno\u015bciach przyw\u00f3dczych, ale przede wszystkim o trwa\u0142ym zaufaniu, jakim darz\u0105 j\u0105 W\u0142osi. Polska \u2013 a tak\u017ce ja osobi\u015bcie \u2013 niezwykle cenimy nasz\u0105 blisk\u0105 przyja\u017a\u0144 z W\u0142ochami. Z niecierpliwo\u015bci\u0105 oczekuj\u0119 kontynuacji naszej silnej wsp\u00f3\u0142pracy, opartej na wsp\u00f3lnych warto\u015bciach oraz wsp\u00f3lnej wizji bezpiecznej i dostatniej Europy<\/p>\n<p data-v-01d4021f=\"\">&#8211; napisa\u0142 prezydent.<\/p>\n<p>Premier od 2022 roku<\/p>\n<p data-v-01d4021f=\"\">Meloni\u00a0przechodzi do historii nie tylko jako pierwsza we W\u0142oszech kobieta na stanowisku premiera, ale tak\u017ce jako szefowa rekordowo d\u0142ugo dzia\u0142aj\u0105cego rz\u0105du. Zosta\u0142 on zaprzysi\u0119\u017cony 22 pa\u017adziernika 2022 roku, a utworzy\u0142a go koalicja ugrupowa\u0144 centroprawicy: Braci W\u0142och\u00f3w, Forza Italia wicepremiera Antonio Tajaniego i Ligi Matteo Salviniego.<\/p>\n<p data-v-01d4021f=\"\">Rz\u0105d, jak podkre\u015bla w\u0142oska prasa w zwi\u0105zku z rekordem jego pracy, zdo\u0142a\u0142 przetrwa\u0107 zar\u00f3wno wewn\u0119trzne turbulencje na tle podzia\u0142\u00f3w i polemiki w\u015br\u00f3d ugrupowa\u0144 koalicyjnych oraz w relacjach mi\u0119dzynarodowych, przede wszystkim w zwi\u0105zku z kryzysami na \u015bwiecie i ich konsekwencjami dla gospodarki i pogarszaj\u0105cymi si\u0119 relacjami z administracj\u0105 prezydenta USA Donalda Trumpa.\u00a0<\/p>\n<p data-v-01d4021f=\"\">kh\/PAP<\/p>\n","protected":false},"excerpt":{"rendered":"Prezydent Karol Nawrocki pogratulowa\u0142 w pi\u0105tek premier W\u0142och Giorgii Meloni kierowania rz\u0105dem o najd\u0142u\u017cszym sta\u017cu w historii Republiki&hellip;\n","protected":false},"author":2,"featured_media":667402,"comment_status":"","ping_status":"","sticky":false,"template":"","format":"standard","meta":{"footnotes":"","_share_on_mastodon":"0"},"categories":[62712],"tags":[121116,690,88380,127822,13347,72917,907,99789,4362,2462,1005,380,423,231,127821,123474,3654],"class_list":["post-667401","post","type-post","status-publish","format-standard","has-post-thumbnail","category-karol-nawrocki","tag-analizy-polityczne","tag-karol-nawrocki","tag-komentarze-polityczne","tag-kulisy-polityki","tag-opozycja","tag-partie-polityczne","tag-polityka","tag-polityka-krajowa","tag-polityka-zagraniczna","tag-polska-polityka","tag-prezydent","tag-rzad","tag-sejm","tag-sondaze","tag-wiadomosci-polityczne","tag-wpolityce-pl","tag-wybory"],"share_on_mastodon":{"url":"https:\/\/pubeurope.com\/@pl\/117213769636619754","error":""},"_links":{"self":[{"href":"https:\/\/www.europesays.com\/pl\/wp-json\/wp\/v2\/posts\/667401","targetHints":{"allow":["GET"]}}],"collection":[{"href":"https:\/\/www.europesays.com\/pl\/wp-json\/wp\/v2\/posts"}],"about":[{"href":"https:\/\/www.europesays.com\/pl\/wp-json\/wp\/v2\/types\/post"}],"author":[{"embeddable":true,"href":"https:\/\/www.europesays.com\/pl\/wp-json\/wp\/v2\/users\/2"}],"replies":[{"embeddable":true,"href":"https:\/\/www.europesays.com\/pl\/wp-json\/wp\/v2\/comments?post=667401"}],"version-history":[{"count":0,"href":"https:\/\/www.europesays.com\/pl\/wp-json\/wp\/v2\/posts\/667401\/revisions"}],"wp:featuredmedia":[{"embeddable":true,"href":"https:\/\/www.europesays.com\/pl\/wp-json\/wp\/v2\/media\/667402"}],"wp:attachment":[{"href":"https:\/\/www.europesays.com\/pl\/wp-json\/wp\/v2\/media?parent=667401"}],"wp:term":[{"taxonomy":"category","embeddable":true,"href":"https:\/\/www.europesays.com\/pl\/wp-json\/wp\/v2\/categories?post=667401"},{"taxonomy":"post_tag","embeddable":true,"href":"https:\/\/www.europesays.com\/pl\/wp-json\/wp\/v2\/tags?post=667401"}],"curies":[{"name":"wp","href":"https:\/\/api.w.org\/{rel}","templated":true}]}}