{"id":667413,"date":"2026-09-04T16:51:09","date_gmt":"2026-09-04T16:51:09","guid":{"rendered":"https:\/\/www.europesays.com\/pl\/667413\/"},"modified":"2026-09-04T16:51:09","modified_gmt":"2026-09-04T16:51:09","slug":"zderzenie-na-torach-kierowca-tir-a-z-zarzutami","status":"publish","type":"post","link":"https:\/\/www.europesays.com\/pl\/667413\/","title":{"rendered":"Zderzenie na torach. Kierowca TIR-a z zarzutami"},"content":{"rendered":"<p>\t\t\t\t\t\t\t\tKierowca ci\u0119\u017car\u00f3wki, 42-letni obywatel Bo\u015bni i\u00a0Hercegowiny, us\u0142ysza\u0142 zarzuty sprowadzenia niebezpiecze\u0144stwa katastrofy w\u00a0ruchu l\u0105dowym. W\u00a0czwartek w\u00a0Gda\u0144sku na\u00a0ul.\u00a0Niegowskiej wjecha\u0142 na\u00a0torowisko w\u00a0momencie, gdy\u00a0zapory zacz\u0119\u0142y si\u0119 opuszcza\u0107. Chwil\u0119 p\u00f3\u017aniej w\u00a0naczep\u0119 jego pojazdu uderzy\u0142 poci\u0105g.<\/p>\n<p>W\u00a0pi\u0105tek prokurator Wioleta Noch z\u00a0Prokuratury Okr\u0119gowej w\u00a0Gda\u0144sku poinformowa\u0142a, \u017ce\u00a0kierowca us\u0142ysza\u0142 zarzut sprowadzenia bezpo\u015bredniego niebezpiecze\u0144stwa katastrofy w\u00a0ruchu l\u0105dowym (art. 174 \u00a7 2 kk). Obywatelowi Bo\u015bni i\u00a0Hercegowiny grozi za\u00a0to\u00a0do\u00a03 lat wi\u0119zienia.<\/p>\n<p>NIE\u00a0PRZYZNA\u0141 SI\u0118 DO\u00a0WINY<\/p>\n<p>Jak przekaza\u0142a prokurator, po\u00a0zako\u0144czeniu czynno\u015bci procesowych wobec podejrzanego zastosowano \u015brodki zapobiegawcze o\u00a0charakterze wolno\u015bciowym. M\u0119\u017cczyzna nie\u00a0przyzna\u0142 si\u0119 do\u00a0winy, ale\u00a0z\u0142o\u017cy\u0142 wyja\u015bnienia.<\/p>\n<p>ZAGRO\u017bENIE DLA SETEK PASA\u017bER\u00d3W<\/p>\n<p>Do\u00a0wypadku dosz\u0142o w\u00a0czwartek przed\u00a0godz.\u00a014:00, gdy\u00a042-latek prowadz\u0105c ci\u0105gnik siod\u0142owy z\u00a0naczep\u0105 wjecha\u0142 na\u00a0przejazd kolejowy przy ul.\u00a0Niegowskiej w\u00a0momencie opuszczania si\u0119 rogatek. Pojazd utkn\u0105\u0142 mi\u0119dzy szlabanami i\u00a0zosta\u0142 uderzony przez\u00a0nadje\u017cd\u017caj\u0105cy poci\u0105g relacji Gdynia G\u0142\u00f3wna\u00a0 \u2013 Zielona G\u00f3ra, kt\u00f3rym\u00a0podr\u00f3\u017cowa\u0142o oko\u0142o 250-300 pasa\u017cer\u00f3w.<\/p>\n<p>KOLEJNY GRO\u0179NY INCYDENT<\/p>\n<p>W\u00a0pi\u0105tek na\u00a0tym samym przeje\u017adzie przy ul.\u00a0Niegowskiej dosz\u0142o do\u00a0kolejnego gro\u017anego incydentu. Jak poinformowa\u0142y PKP PLK, kieruj\u0105ca samochodem osobowym wjecha\u0142a na\u00a0torowisko przy opuszczaj\u0105cych si\u0119 rogatkach i\u00a0utkn\u0119\u0142a mi\u0119dzy szlabanami. Do\u00a0zderzenia nie\u00a0dosz\u0142o dzi\u0119ki pomocy \u015bwiadk\u00f3w, kt\u00f3rzy\u00a0wy\u0142amali rogatk\u0119.<\/p>\n<p>Czytaj te\u017c:<\/p>\n<p style=\"text-align: right;\">PAP\/SG<\/p>\n","protected":false},"excerpt":{"rendered":"Kierowca ci\u0119\u017car\u00f3wki, 42-letni obywatel Bo\u015bni i\u00a0Hercegowiny, us\u0142ysza\u0142 zarzuty sprowadzenia niebezpiecze\u0144stwa katastrofy w\u00a0ruchu l\u0105dowym. W\u00a0czwartek w\u00a0Gda\u0144sku na\u00a0ul.\u00a0Niegowskiej wjecha\u0142 na\u00a0torowisko&hellip;\n","protected":false},"author":2,"featured_media":667414,"comment_status":"","ping_status":"","sticky":false,"template":"","format":"standard","meta":{"footnotes":"","_share_on_mastodon":"0"},"categories":[51610],"tags":[1048,42,38,40,39,41],"class_list":["post-667413","post","type-post","status-publish","format-standard","has-post-thumbnail","category-gdansk","tag-gdansk","tag-pl","tag-poland","tag-polish","tag-polska","tag-polski"],"share_on_mastodon":{"url":"https:\/\/pubeurope.com\/@pl\/117213808960536197","error":""},"_links":{"self":[{"href":"https:\/\/www.europesays.com\/pl\/wp-json\/wp\/v2\/posts\/667413","targetHints":{"allow":["GET"]}}],"collection":[{"href":"https:\/\/www.europesays.com\/pl\/wp-json\/wp\/v2\/posts"}],"about":[{"href":"https:\/\/www.europesays.com\/pl\/wp-json\/wp\/v2\/types\/post"}],"author":[{"embeddable":true,"href":"https:\/\/www.europesays.com\/pl\/wp-json\/wp\/v2\/users\/2"}],"replies":[{"embeddable":true,"href":"https:\/\/www.europesays.com\/pl\/wp-json\/wp\/v2\/comments?post=667413"}],"version-history":[{"count":0,"href":"https:\/\/www.europesays.com\/pl\/wp-json\/wp\/v2\/posts\/667413\/revisions"}],"wp:featuredmedia":[{"embeddable":true,"href":"https:\/\/www.europesays.com\/pl\/wp-json\/wp\/v2\/media\/667414"}],"wp:attachment":[{"href":"https:\/\/www.europesays.com\/pl\/wp-json\/wp\/v2\/media?parent=667413"}],"wp:term":[{"taxonomy":"category","embeddable":true,"href":"https:\/\/www.europesays.com\/pl\/wp-json\/wp\/v2\/categories?post=667413"},{"taxonomy":"post_tag","embeddable":true,"href":"https:\/\/www.europesays.com\/pl\/wp-json\/wp\/v2\/tags?post=667413"}],"curies":[{"name":"wp","href":"https:\/\/api.w.org\/{rel}","templated":true}]}}