{"id":667419,"date":"2026-09-04T16:54:11","date_gmt":"2026-09-04T16:54:11","guid":{"rendered":"https:\/\/www.europesays.com\/pl\/667419\/"},"modified":"2026-09-04T16:54:11","modified_gmt":"2026-09-04T16:54:11","slug":"slask-wroclaw-ma-nowa-dziewiatke-pokazal-ze-strzelac-potrafi","status":"publish","type":"post","link":"https:\/\/www.europesays.com\/pl\/667419\/","title":{"rendered":"\u015al\u0105sk Wroc\u0142aw ma now\u0105 \u201edziewi\u0105tk\u0119\u201d. Pokaza\u0142, \u017ce strzela\u0107 potrafi"},"content":{"rendered":"<p>\u015al\u0105sk Wroc\u0142aw pokazuje, \u017ce stale jest aktywny na rynku i nie domkn\u0105\u0142 jeszcze kadry przed zako\u0144czeniem okienka transferowego. Do Wroc\u0142awia na zasadzie rocznego wypo\u017cyczenia trafi\u0142 Ielstin Camoes, napastnik norweskiego Troms\u00f8 IL. 27-latek nie b\u0119dzie najpewniej ostatnim pozyskanym przez WKS zawodnikiem tego lata. Do dru\u017cyny przymierzany jest r\u00f3wnie\u017c nowy prawy obro\u0144ca, po tym jak klub opu\u015bci\u0142 Micha\u0142 Rosiak.<\/p>\n<p>W ramach kampanii transferowej poprzedzaj\u0105cej sezon 2026\/2027, do \u015al\u0105ska Wroc\u0142aw trafi\u0142 dotychczas jeden \u015brodkowy napastnik. W stolicy woj. dolno\u015bl\u0105skiego najprawdopodobniej licz\u0105 si\u0119 z tym, \u017ce Papis Malaly Dembele, Luka Marjanac czy Przemys\u0142aw Banaszak nie zagwarantuj\u0105 odpowiedniej jako\u015bci pod bramk\u0105 rywala. To spowodowa\u0142o, \u017ce dzia\u0142acze WKS-u postanowili wzmocni\u0107 nieco si\u0142\u0119 ra\u017cenia nowo pozyskanym napastnikiem, przynajmniej tak\u0105 maj\u0105 nadziej\u0119.<\/p>\n<p>Nowy \u201egoleador\u201d w \u015al\u0105sku Wroc\u0142aw<\/p>\n<p>W trakcie dnia norweskie media informowa\u0142y, \u017ce Ielstin Camoes uda\u0142 si\u0119 w podr\u00f3\u017c do Polski, gdzie b\u0119dzie uczestniczy\u0142 w testach medycznych poprzedzaj\u0105cych finalizacj\u0119 transferu. Klubem, kt\u00f3ry okaza\u0142 si\u0119 pozyska\u0107 Kabowerde\u0144czyka jest \u015al\u0105sk Wroc\u0142aw, kt\u00f3ry poszukiwa\u0142 nowego atakuj\u0105cego. 27-latek do\u0142\u0105czy\u0142 do \u201eWojskowych\u201d na zasadzie rocznego wypo\u017cyczenia. Nie oznacza to jednak, \u017ce wraz z ko\u0144cem wa\u017cno\u015bci transferu czasowego powr\u00f3ci do Norwegii, \u015al\u0105sk posiada bowiem opcj\u0119 jego wykupu.<\/p>\n<p>Sprowadzenie Camoesa sprawi\u0142o, \u017ce s\u0142owe\u0144ski szkoleniowiec, Ante Simundza, dysponuje aktualnie czterema napastnikami. Urodzona w Angoli \u201edziewi\u0105tka\u201d z pewno\u015bci\u0105 wzmocni rywalizacj\u0119 o miejsce w \u201epierwszym garniturze\u201d, a we Wroc\u0142awiu z pewno\u015bci\u0105 licz\u0105 r\u00f3wnie\u017c, \u017ce jego nazwisko cz\u0119sto kibice skandowali b\u0119d\u0105 po zdobytej przez 27-latka bramce. W swojej dotychczasowej karierze niejednokrotnie pokazywa\u0142, \u017ce te strzela\u0107 potrafi.<\/p>\n<p>Kim jest Ielstin Camoes?<\/p>\n<p>Kabowerde\u0144czyk mierzy 188 cm wzrostu, lecz mimo to cechuje si\u0119 du\u017c\u0105 szybko\u015bci\u0105 oraz dynamik\u0105. 27-latek jest bardzo skuteczny pod bramk\u0105 rywala, co jasno sugeruj\u0105 liczby z poprzednich kampanii. Potrafi gra\u0107 obiema nogami, a dzi\u0119ki warunkom fizycznym potrafi by\u0107 r\u00f3wnie\u017c nieprzyjemny w powietrzu.<\/p>\n<p>Ielstin Camoes to gracz, kt\u00f3ry prowadzi dot\u0105d do\u015b\u0107 nieszablonow\u0105 karier\u0119. Urodzi\u0142 si\u0119 16 kwietnia 1999 roku w stolicy Angoli, Luandzie. Swoje pi\u0142karskie umiej\u0119tno\u015bci za m\u0142odzie\u0144czych lat szlifowa\u0142 w Portugalii, gdzie rozwija\u0142 si\u0119 m.in. w akademii Sportingu Lizbona. Nast\u0119pnie wyst\u0119powa\u0142 w CD Nacional czy Martitimo, lecz w kraju z p\u00f3\u0142wyspu Iberyjskiego nie przebi\u0142 si\u0119 do profesjonalnego futbolu. Jego kariera rozp\u0119du nabra\u0142a po przeprowadzce do Szwecji, gdzie pocz\u0105tkowo gra\u0142 dla czwartoligowego zespo\u0142u. Bardzo dobre wyst\u0119py w trykocie Skelleftea FF zaowocowa\u0142y transferem do IK Brage partycypuj\u0105cego w\u00f3wczas na zapleczu Allsvenskan.<\/p>\n<p>W Superettan w barwach wy\u017cej wymienionej dru\u017cyny sz\u0142o mu r\u00f3wnie dobrze \u2013 cz\u0119sto trafia\u0142 do siatki i by\u0142 podstawowym graczem zespo\u0142u. W 2025 roku przeni\u00f3s\u0142 si\u0119 za zachodni\u0105 granic\u0119 \u2013 do norweskiego Troms\u00f8 IL. Tam r\u00f3wnie\u017c niejednokrotnie pokazywa\u0142 sw\u00f3j kunszt strzelecki zdobywaj\u0105c 14 bramek oraz notuj\u0105c 7 decyduj\u0105cych poda\u0144 w debiutanckim sezonie. Pod koniec stycznia bie\u017c\u0105cego roku uda\u0142 si\u0119 na wypo\u017cyczenie do\u2026 egipskiego Al Ahly. Przygody z afryka\u0144skim zespo\u0142em z pewno\u015bci\u0105 nie b\u0119dzie wspomina\u0142 z rozrzewnieniem, a z pocz\u0105tkiem lipca powr\u00f3ci\u0142 do Skandynawii. W obecnym sezonie rozegra\u0142 10 spotka\u0144, w kt\u00f3rych dwukrotnie posy\u0142a\u0142 futbol\u00f3wk\u0119 do bramki rywala oraz zaliczy\u0142 r\u00f3wnorz\u0119dn\u0105 ilo\u015b\u0107 asyst.<\/p>\n<p>\u00a0<\/p>\n<p>\u00a0<\/p>\n<p class=\"entry-tags\">\n                  <a href=\"https:\/\/igol.pl\/temat\/ante-simundza\/\" rel=\"nofollow noopener\" target=\"_blank\">ante simundza<\/a><br \/>\n                  <a href=\"https:\/\/igol.pl\/temat\/ielstin-camoes\/\" rel=\"nofollow noopener\" target=\"_blank\">Ielstin Camoes<\/a><br \/>\n                  <a href=\"https:\/\/igol.pl\/temat\/luka-marjanac\/\" rel=\"nofollow noopener\" target=\"_blank\">Luka Marjanac<\/a><br \/>\n                  <a href=\"https:\/\/igol.pl\/temat\/malaly-dembele\/\" rel=\"nofollow noopener\" target=\"_blank\">Malaly Dembele<\/a><br \/>\n                  <a href=\"https:\/\/igol.pl\/temat\/przemyslaw-banaszak\/\" rel=\"nofollow noopener\" target=\"_blank\">Przemys\u0142aw Banaszak<\/a><br \/>\n                  <a href=\"https:\/\/igol.pl\/temat\/slask-wroclaw\/\" rel=\"nofollow noopener\" target=\"_blank\">\u015al\u0105sk Wroc\u0142aw<\/a><br \/>\n                  <a href=\"https:\/\/igol.pl\/temat\/tromso-il\/\" rel=\"nofollow noopener\" target=\"_blank\">Troms\u00f8 IL<\/a>\n                <\/p>\n","protected":false},"excerpt":{"rendered":"\u015al\u0105sk Wroc\u0142aw pokazuje, \u017ce stale jest aktywny na rynku i nie domkn\u0105\u0142 jeszcze kadry przed zako\u0144czeniem okienka transferowego.&hellip;\n","protected":false},"author":2,"featured_media":667420,"comment_status":"","ping_status":"","sticky":false,"template":"","format":"standard","meta":{"footnotes":"","_share_on_mastodon":"0"},"categories":[51607],"tags":[22070,129608,129609,94322,42,38,40,39,41,129610,697,129611,1853],"class_list":["post-667419","post","type-post","status-publish","format-standard","has-post-thumbnail","category-wroclaw","tag-ante-simundza","tag-ielstin-camoes","tag-luka-marjanac","tag-malaly-dembele","tag-pl","tag-poland","tag-polish","tag-polska","tag-polski","tag-przemyslaw-banaszak","tag-slask-wroclaw","tag-tromso-il","tag-wroclaw"],"share_on_mastodon":{"url":"https:\/\/pubeurope.com\/@pl\/117213820633480202","error":""},"_links":{"self":[{"href":"https:\/\/www.europesays.com\/pl\/wp-json\/wp\/v2\/posts\/667419","targetHints":{"allow":["GET"]}}],"collection":[{"href":"https:\/\/www.europesays.com\/pl\/wp-json\/wp\/v2\/posts"}],"about":[{"href":"https:\/\/www.europesays.com\/pl\/wp-json\/wp\/v2\/types\/post"}],"author":[{"embeddable":true,"href":"https:\/\/www.europesays.com\/pl\/wp-json\/wp\/v2\/users\/2"}],"replies":[{"embeddable":true,"href":"https:\/\/www.europesays.com\/pl\/wp-json\/wp\/v2\/comments?post=667419"}],"version-history":[{"count":0,"href":"https:\/\/www.europesays.com\/pl\/wp-json\/wp\/v2\/posts\/667419\/revisions"}],"wp:featuredmedia":[{"embeddable":true,"href":"https:\/\/www.europesays.com\/pl\/wp-json\/wp\/v2\/media\/667420"}],"wp:attachment":[{"href":"https:\/\/www.europesays.com\/pl\/wp-json\/wp\/v2\/media?parent=667419"}],"wp:term":[{"taxonomy":"category","embeddable":true,"href":"https:\/\/www.europesays.com\/pl\/wp-json\/wp\/v2\/categories?post=667419"},{"taxonomy":"post_tag","embeddable":true,"href":"https:\/\/www.europesays.com\/pl\/wp-json\/wp\/v2\/tags?post=667419"}],"curies":[{"name":"wp","href":"https:\/\/api.w.org\/{rel}","templated":true}]}}