{"id":667449,"date":"2026-09-04T17:09:17","date_gmt":"2026-09-04T17:09:17","guid":{"rendered":"https:\/\/www.europesays.com\/pl\/667449\/"},"modified":"2026-09-04T17:09:17","modified_gmt":"2026-09-04T17:09:17","slug":"nowe-zebry-w-ozorkowie-jedna-z-nich-przy-dino-reporter-ntr","status":"publish","type":"post","link":"https:\/\/www.europesays.com\/pl\/667449\/","title":{"rendered":"Nowe zebry w Ozorkowie. Jedna z nich przy Dino \u2013 Reporter NTR"},"content":{"rendered":"<p> <img loading=\"lazy\" width=\"1170\" height=\"749\" src=\"https:\/\/www.europesays.com\/pl\/wp-content\/uploads\/2026\/09\/zeba-dino.png\" class=\"lazyload attachment-1400x0 size-1400x0 wp-post-image webpexpress-processed\" alt=\"przej\u015bcie\" decoding=\"async\"  data-\/><\/p>\n<p class=\"wp-block-paragraph\">Jeszcze w tym roku \u2013 jak informuje urz\u0105d miasta \u2013 planowane jest utworzenie dw\u00f3ch nowych przej\u015b\u0107 dla pieszych: na ul. \u0141\u0119czyckiej w rejonie sklepu Dino oraz na ul. Pi\u0142sudskiego przy skrzy\u017cowaniu z ul. 2 Pu\u0142ku Szwole\u017cer\u00f3w Rokitnia\u0144skich.<\/p>\n<p class=\"wp-block-paragraph\">Nowe przej\u015bcia powstan\u0105 w odpowiedzi na oczekiwania mieszka\u0144c\u00f3w. Ich utworzenie ma przede wszystkim poprawi\u0107 bezpiecze\u0144stwo pieszych.<\/p>\n<p class=\"wp-block-paragraph\">Realizacja obu zada\u0144 wpisuje si\u0119 w prowadzone od lat dzia\u0142ania zmierzaj\u0105ce do poprawy bezpiecze\u0144stwa ruchu drogowego w Ozorkowie.<\/p>\n<p class=\"wp-block-paragraph\">UM Ozork\u00f3w<\/p>\n<p><a href=\"https:\/\/reporter-ntr.pl\/wp-content\/uploads\/2026\/09\/nowe-przejscia2.jpg\" rel=\"nofollow noopener\" target=\"_blank\"><img loading=\"lazy\" decoding=\"async\" width=\"1024\" height=\"658\" src=\"https:\/\/www.europesays.com\/pl\/wp-content\/uploads\/2026\/09\/nowe-przejscia2-1024x658.jpg\" alt=\"\" class=\"lazyload wp-image-104130 webpexpress-processed\"  data-\/><\/a><\/p>\n","protected":false},"excerpt":{"rendered":"Jeszcze w tym roku \u2013 jak informuje urz\u0105d miasta \u2013 planowane jest utworzenie dw\u00f3ch nowych przej\u015b\u0107 dla pieszych:&hellip;\n","protected":false},"author":2,"featured_media":667450,"comment_status":"","ping_status":"","sticky":false,"template":"","format":"standard","meta":{"footnotes":"","_share_on_mastodon":"0"},"categories":[52249],"tags":[857,41997,42,38,40,39,41],"class_list":["post-667449","post","type-post","status-publish","format-standard","has-post-thumbnail","category-dino-polska","tag-dino","tag-dino-polska","tag-pl","tag-poland","tag-polish","tag-polska","tag-polski"],"share_on_mastodon":{"url":"","error":""},"_links":{"self":[{"href":"https:\/\/www.europesays.com\/pl\/wp-json\/wp\/v2\/posts\/667449","targetHints":{"allow":["GET"]}}],"collection":[{"href":"https:\/\/www.europesays.com\/pl\/wp-json\/wp\/v2\/posts"}],"about":[{"href":"https:\/\/www.europesays.com\/pl\/wp-json\/wp\/v2\/types\/post"}],"author":[{"embeddable":true,"href":"https:\/\/www.europesays.com\/pl\/wp-json\/wp\/v2\/users\/2"}],"replies":[{"embeddable":true,"href":"https:\/\/www.europesays.com\/pl\/wp-json\/wp\/v2\/comments?post=667449"}],"version-history":[{"count":0,"href":"https:\/\/www.europesays.com\/pl\/wp-json\/wp\/v2\/posts\/667449\/revisions"}],"wp:featuredmedia":[{"embeddable":true,"href":"https:\/\/www.europesays.com\/pl\/wp-json\/wp\/v2\/media\/667450"}],"wp:attachment":[{"href":"https:\/\/www.europesays.com\/pl\/wp-json\/wp\/v2\/media?parent=667449"}],"wp:term":[{"taxonomy":"category","embeddable":true,"href":"https:\/\/www.europesays.com\/pl\/wp-json\/wp\/v2\/categories?post=667449"},{"taxonomy":"post_tag","embeddable":true,"href":"https:\/\/www.europesays.com\/pl\/wp-json\/wp\/v2\/tags?post=667449"}],"curies":[{"name":"wp","href":"https:\/\/api.w.org\/{rel}","templated":true}]}}