{"id":667465,"date":"2026-09-04T17:20:17","date_gmt":"2026-09-04T17:20:17","guid":{"rendered":"https:\/\/www.europesays.com\/pl\/667465\/"},"modified":"2026-09-04T17:20:17","modified_gmt":"2026-09-04T17:20:17","slug":"czolgi-k2-silniki-beda-serwisowane-w-poznaniu-to-przelom","status":"publish","type":"post","link":"https:\/\/www.europesays.com\/pl\/667465\/","title":{"rendered":"Czo\u0142gi K2: silniki b\u0119d\u0105 serwisowane w Poznaniu? &#8222;To prze\u0142om&#8221;"},"content":{"rendered":"<p>Czo\u0142gi K2. Walka o serwisowanie<\/p>\n<p class=\"font-primary mb-8 text-lg leading-[1.55] [&amp;_a]:text-[#23437D] [&amp;_a]:underline [&amp;_a]:font-bold\">Jak dowiedzia\u0142o si\u0119 Polskie Radio, w Wojskowych Zak\u0142adach Motoryzacyjnych w Poznaniu odby\u0142o si\u0119 spotkanie przedstawicieli armii, Polskiej Grupy Zbrojeniowej i korea\u0144skiego producenta Hyundai Rotem.\u00a0To prze\u0142om, poniewa\u017c wcze\u015bniej strona korea\u0144ska oczekiwa\u0142a ulokowania serwisu silnik\u00f3w w zak\u0142adach Bumar-\u0141ab\u0119dy na \u015al\u0105sku.<\/p>\n<p class=\"font-primary mb-8 text-lg leading-[1.55] [&amp;_a]:text-[#23437D] [&amp;_a]:underline [&amp;_a]:font-bold\">Korea\u0144czycy wr\u00f3cili jednak do rozm\u00f3w z Wojskowymi Zak\u0142adami Motoryzacyjnymi w Poznaniu i wszystko wskazuje na to, \u017ce ostatecznie zgodz\u0105 si\u0119 na serwisowanie silnik\u00f3w w stolicy Wielkopolski.\u00a0Dotychczas strona korea\u0144ska mia\u0142a zastrze\u017cenia m.in. do faktu, \u017ce pozna\u0144ska sp\u00f3\u0142ka zajmuje si\u0119 r\u00f3wnie\u017c serwisem konkurencyjnego sprz\u0119tu &#8211; niemieckich Leopard\u00f3w oraz ameryka\u0144skich Abrams\u00f3w.<\/p>\n<p>Prze\u0142om w sprawie K2? Korea\u0144czycy wr\u00f3cili do rozm\u00f3w z WZM<\/p>\n<p class=\"font-primary mb-8 text-lg leading-[1.55] [&amp;_a]:text-[#23437D] [&amp;_a]:underline [&amp;_a]:font-bold\">Wed\u0142ug informacji Polskiego Radia negocjacje w tej sprawie nadal trwaj\u0105, jednak zarz\u0105d WZM jest przekonany, \u017ce zako\u0144cz\u0105 si\u0119 one pomy\u015blnie.\u00a0Porozumienie dotycz\u0105ce konserwacji i serwisowania silnik\u00f3w ma kluczowe znaczenie dla realizacji ca\u0142ego zam\u00f3wienia.<\/p>\n<p class=\"font-primary mb-8 text-lg leading-[1.55] [&amp;_a]:text-[#23437D] [&amp;_a]:underline [&amp;_a]:font-bold\">Podpisany w ubieg\u0142ym roku kontrakt zak\u0142ada, \u017ce 61 czo\u0142g\u00f3w K2 zostanie zmontowanych w zak\u0142adach Bumar-\u0141ab\u0119dy. Produkcja spolonizowanej wersji &#8222;Czarnych Panter&#8221; ma rozpocz\u0105\u0107 si\u0119 w 2028 roku.<\/p>\n<p>Redakcja poleca<\/p>\n","protected":false},"excerpt":{"rendered":"Czo\u0142gi K2. Walka o serwisowanie Jak dowiedzia\u0142o si\u0119 Polskie Radio, w Wojskowych Zak\u0142adach Motoryzacyjnych w Poznaniu odby\u0142o si\u0119&hellip;\n","protected":false},"author":2,"featured_media":667466,"comment_status":"","ping_status":"","sticky":false,"template":"","format":"standard","meta":{"footnotes":"","_share_on_mastodon":"0"},"categories":[51609],"tags":[42,38,40,39,41,1817,161],"class_list":["post-667465","post","type-post","status-publish","format-standard","has-post-thumbnail","category-poznan","tag-pl","tag-poland","tag-polish","tag-polska","tag-polski","tag-poznan","tag-wojsko"],"share_on_mastodon":{"url":"https:\/\/pubeurope.com\/@pl\/117213922967272434","error":""},"_links":{"self":[{"href":"https:\/\/www.europesays.com\/pl\/wp-json\/wp\/v2\/posts\/667465","targetHints":{"allow":["GET"]}}],"collection":[{"href":"https:\/\/www.europesays.com\/pl\/wp-json\/wp\/v2\/posts"}],"about":[{"href":"https:\/\/www.europesays.com\/pl\/wp-json\/wp\/v2\/types\/post"}],"author":[{"embeddable":true,"href":"https:\/\/www.europesays.com\/pl\/wp-json\/wp\/v2\/users\/2"}],"replies":[{"embeddable":true,"href":"https:\/\/www.europesays.com\/pl\/wp-json\/wp\/v2\/comments?post=667465"}],"version-history":[{"count":0,"href":"https:\/\/www.europesays.com\/pl\/wp-json\/wp\/v2\/posts\/667465\/revisions"}],"wp:featuredmedia":[{"embeddable":true,"href":"https:\/\/www.europesays.com\/pl\/wp-json\/wp\/v2\/media\/667466"}],"wp:attachment":[{"href":"https:\/\/www.europesays.com\/pl\/wp-json\/wp\/v2\/media?parent=667465"}],"wp:term":[{"taxonomy":"category","embeddable":true,"href":"https:\/\/www.europesays.com\/pl\/wp-json\/wp\/v2\/categories?post=667465"},{"taxonomy":"post_tag","embeddable":true,"href":"https:\/\/www.europesays.com\/pl\/wp-json\/wp\/v2\/tags?post=667465"}],"curies":[{"name":"wp","href":"https:\/\/api.w.org\/{rel}","templated":true}]}}