{"id":667467,"date":"2026-09-04T17:21:12","date_gmt":"2026-09-04T17:21:12","guid":{"rendered":"https:\/\/www.europesays.com\/pl\/667467\/"},"modified":"2026-09-04T17:21:12","modified_gmt":"2026-09-04T17:21:12","slug":"lodz-uroczystosci-pogrzebowe-sp-por-jozefa-przedpelskiego","status":"publish","type":"post","link":"https:\/\/www.europesays.com\/pl\/667467\/","title":{"rendered":"\u0141\u00f3d\u017a: Uroczysto\u015bci pogrzebowe \u015bp. por. J\u00f3zefa Przedpe\u0142skiego"},"content":{"rendered":"<p>Uroczysto\u015b\u0107 pogrzebowa mia\u0142a charakter pa\u0144stwowy. &#8211; Obecno\u015b\u0107 wojskowej asysty honorowej, poczt\u00f3w sztandarowych oraz reprezentant\u00f3w Rzeczypospolitej jest czytelnym znakiem, \u017ce \u017cegnamy dzi\u015b nie tylko bliskiego nam cz\u0142owieka, ale te\u017c wielkiego patriot\u0119 i obro\u0144c\u0119 Ojczyzny. \u017begnamy dzi\u015b \u017co\u0142nierza, kt\u00f3ry swoj\u0105 m\u0142odo\u015b\u0107 i doros\u0142e \u017cycie odda\u0142 na s\u0142u\u017cb\u0119 wolnej Polsce, wierny do ko\u0144ca \u017co\u0142nierskiej przysi\u0119dze oraz warto\u015bciom wpisanym w polski mundur. Rzeczpospolita sk\u0142ada mu dzi\u015b zas\u0142u\u017cony ho\u0142d &#8211; powiedzia\u0142 ks. pp\u0142k Tomasz Krawczyk, proboszcz parafii wojskowej w \u0141odzi.<\/p>\n<p>W wyg\u0142oszonej homilii pogrzebowej ks. Krawczyk powiedzia\u0142, \u017ce \u015bp. por. J\u00f3zef by\u0142 przedstawicielem generacji, kt\u00f3ra uczy\u0142a, czym jest bezinteresowna s\u0142u\u017cba i odpowiedzialno\u015b\u0107 za drugiego cz\u0142owieka. Przetrwa\u0142 burze XX wieku, widzia\u0142 upadki i odrodzenie wolnej Polski, a w swoim sercu zawsze nosi\u0142 niez\u0142omn\u0105 nadziej\u0119. Ta nadzieja mia\u0142a swoje najg\u0142\u0119bsze \u017ar\u00f3d\u0142o w wierze. To w\u0142a\u015bnie wiara w Boga pozwala\u0142a mu przetrwa\u0107 najtrudniejsze chwile i dawa\u0142a si\u0142\u0119 do budowania lepszego jutra w powojennej rzeczywisto\u015bci. Od m\u0142odzie\u0144czych lat w Zgierzu i \u0141odzi, przez tragiczny wrzesie\u0144 1939 roku i heroiczn\u0105 obron\u0119 Warszawy, a\u017c po mroczne dni konspiracji w Zwi\u0105zku Walki Zbrojnej i Armii Krajowej &#8211; jego \u017cycie by\u0142o drog\u0105 krzy\u017cow\u0105 Polaka XX wieku. <\/p>\n<p class=\"font-weight-bold color-light pb-1\">Pom\u00f3\u017c w rozwoju naszego portalu<\/p>\n<p><a href=\"https:\/\/www.niedziela.pl\/wsparcie\" class=\"btn btn-light\" data-clicksmap=\"site:artykul - RedBtnWsparcieArticle - \/wsparcie\" rel=\"nofollow noopener\" target=\"_blank\">&#13;<br \/>\n         &#13;<br \/>\n     &#13;<br \/>\n         &#13;<br \/>\n         &#13;<br \/>\n     &#13;<br \/>\n     Wspieram<\/a>&#13;\n        <\/p>\n<p>Pod koniec sierpnia 1939 roku zg\u0142osi\u0142 si\u0119 do Batalionu Obrony Narodowej \u0141\u00f3d\u017a. W nocy z 5 na 6 wrze\u015bnia batalion otrzyma\u0142 rozkaz ewakuacji do Warszawy w zwi\u0105zku ze zbli\u017caj\u0105cymi si\u0119 Niemcami pod Pabianicami. Dow\u00f3dc\u0105 1. kompanii zosta\u0142 w\u00f3wczas plutonowy Strykier, a \u201eS\u0142awek\u201d jego zast\u0119pc\u0105. Po dezercji dow\u00f3dcy kompanii to on przej\u0105\u0142 dow\u00f3dztwo i poprowadzi\u0142 oddzia\u0142 przez \u0141owicz do Warszawy \u2013 marsz zaj\u0105\u0142 dwa dni i trzy noce. Zapami\u0119ta\u0142 unosz\u0105ce si\u0119 nad zbombardowan\u0105 przez Luftwaffe stolic\u0105 \u0142uny po\u017car\u00f3w.<\/p>\n<p>&#8211; Ryzykowa\u0142 wszystko: buduj\u0105c kom\u00f3rki wywiadowcze pod okiem hitlerowskiego terroru, walcz\u0105c w Powstaniu Warszawskim na ulicach zranionej stolicy, a\u017c po niewolnicz\u0105 prac\u0119 przymusow\u0105 w Berlinie. Po upadku powstania zosta\u0142 wraz z \u017con\u0105 Ann\u0105 wywieziony przez Niemc\u00f3w na roboty przymusowe do Berlina. Skierowany do pracy w zak\u0142adach naprawczych taboru kolejowego Deutsche Reichsbahn w Sch\u00f6neweide. Gdy po wojnie wr\u00f3ci\u0142 do ukochanej \u0141odzi, na osiedlu Widzew &#8211; Wsch\u00f3d, musia\u0142 znosi\u0107 trudne lata milczenia w realiach Polski Ludowej, jako by\u0142y \u017co\u0142nierz podziemia niepodleg\u0142o\u015bciowego, musia\u0142 przez lata zachowywa\u0107 ostro\u017cno\u015b\u0107 i nie eksponowa\u0107 swojej wojennej przesz\u0142o\u015bci. Najwa\u017cniejsze sta\u0142o si\u0119 dla niego odbudowanie \u017cycia rodzinnego i zawodowego. Mimo to, wraz z \u017con\u0105 Ann\u0105, z cierpliwo\u015bci\u0105 budowa\u0142 codzienno\u015b\u0107, chroni\u0105c w sercu naj\u015bwi\u0119tsze warto\u015bci. Dopiero wolna Polska po 1989 roku pozwoli\u0142a mu w pe\u0142ni sta\u0107 si\u0119 tym, kim by\u0142 w g\u0142\u0119bi duszy &#8211; nauczycielem patriotyzmu &#8211; powiedzia\u0142 ks. pp\u0142k Tomasz Krawczyk.<\/p>\n<p>&#8211; Wszyscy w \u0141odzi pami\u0119tamy go z uroczysto\u015bci, ze spotka\u0144 z m\u0142odzie\u017c\u0105, z projekt\u00f3w dokumentalnych. Dzieli\u0142 si\u0119 pami\u0119ci\u0105, bo wiedzia\u0142, \u017ce nar\u00f3d, kt\u00f3ry zapomina o swojej przesz\u0142o\u015bci, traci swoj\u0105 to\u017csamo\u015b\u0107. \u015ap. por. J\u00f3zef by\u0142 r\u00f3wnie\u017c najstarszym polskim Youtuberem: sw\u00f3j kana\u0142 za\u0142o\u017cy\u0142 w 2016 roku w wieku 95 lat. Krzy\u017c Kawalerski Orderu Odrodzenia Polski, Krzy\u017c Armii Krajowej czy Warszawski Krzy\u017c Powsta\u0144czy na jego piersi by\u0142y tylko widzialnym znakiem tego, co nosi\u0142 w sercu \u2013 kocha\u0142 Polsk\u0119, kocha\u0142 \u0141\u00f3d\u017a, by\u0142 m\u0119\u017cem niez\u0142omno\u015bci i honoru &#8211; doda\u0142 ks. Krawczyk.<\/p>\n<p>Na zako\u0144czenie \u017cegnaj\u0105c zmar\u0142ego ks. kapelan powiedzia\u0142: &#8211; Panie por. J\u00f3zefie, twoja ziemska warta dobieg\u0142a ko\u0144ca. Za chwil\u0119, przy d\u017awi\u0119kach wojskowego werbla i salwy honorowej, twoje cia\u0142o spocznie w polskiej ziemi, kt\u00f3r\u0105 tak bardzo kocha\u0142e\u015b i kt\u00f3rej wiernie s\u0142u\u017cy\u0142e\u015b. Wierzymy jednak, \u017ce twoja dusza melduje si\u0119 ju\u017c w niebieskich szeregach, gdzie nie ma ju\u017c b\u00f3lu, trudu ani \u0142ez, a jest tylko wieczna \u015bwiat\u0142o\u015b\u0107. Ufamy, \u017ce do Kr\u00f3lestwa naszego Ojca Niebieskiego zaprowadzi ci\u0119 Matka naszego zawierzenia \u2013 Hetmanka \u017bo\u0142nierza Polskiego. Ufamy, \u017ce Mi\u0142osierny B\u00f3g ofiaruje Ci wieniec sprawiedliwo\u015bci za Twoje prawe \u017cycie w s\u0142u\u017cbie Ojczyzny, Wojsku Polskiemu i Ko\u015bcio\u0142owi, za wierno\u015b\u0107 warto\u015bciom narodowym, chrze\u015bcija\u0144skim i honorowi \u017co\u0142nierskiemu. \u015ap. por. J\u00f3zefie &#8211; spoczywaj w Bo\u017cym pokoju i pozosta\u0144 w ludzkiej pami\u0119ci.<\/p>\n<p>Uroczysto\u015bci pogrzebowe por. J\u00f3zefa Przedpe\u0142skiego odby\u0142y si\u0119 na Cmentarzu Komunalnym \u201eDO\u0141Y\u201d przy ulicy Smutnej 1 w \u0141odzi.<\/p>\n","protected":false},"excerpt":{"rendered":"Uroczysto\u015b\u0107 pogrzebowa mia\u0142a charakter pa\u0144stwowy. &#8211; Obecno\u015b\u0107 wojskowej asysty honorowej, poczt\u00f3w sztandarowych oraz reprezentant\u00f3w Rzeczypospolitej jest czytelnym znakiem,&hellip;\n","protected":false},"author":2,"featured_media":667468,"comment_status":"","ping_status":"","sticky":false,"template":"","format":"standard","meta":{"footnotes":"","_share_on_mastodon":"0"},"categories":[51608],"tags":[57389,3652,3750,42,38,40,39,41,9378],"class_list":["post-667467","post","type-post","status-publish","format-standard","has-post-thumbnail","category-lodz","tag-archidiecezja-lodzka","tag-lodz","tag-niedziela","tag-pl","tag-poland","tag-polish","tag-polska","tag-polski","tag-tygodnik-katolicki"],"share_on_mastodon":{"url":"https:\/\/pubeurope.com\/@pl\/117213927103609509","error":""},"_links":{"self":[{"href":"https:\/\/www.europesays.com\/pl\/wp-json\/wp\/v2\/posts\/667467","targetHints":{"allow":["GET"]}}],"collection":[{"href":"https:\/\/www.europesays.com\/pl\/wp-json\/wp\/v2\/posts"}],"about":[{"href":"https:\/\/www.europesays.com\/pl\/wp-json\/wp\/v2\/types\/post"}],"author":[{"embeddable":true,"href":"https:\/\/www.europesays.com\/pl\/wp-json\/wp\/v2\/users\/2"}],"replies":[{"embeddable":true,"href":"https:\/\/www.europesays.com\/pl\/wp-json\/wp\/v2\/comments?post=667467"}],"version-history":[{"count":0,"href":"https:\/\/www.europesays.com\/pl\/wp-json\/wp\/v2\/posts\/667467\/revisions"}],"wp:featuredmedia":[{"embeddable":true,"href":"https:\/\/www.europesays.com\/pl\/wp-json\/wp\/v2\/media\/667468"}],"wp:attachment":[{"href":"https:\/\/www.europesays.com\/pl\/wp-json\/wp\/v2\/media?parent=667467"}],"wp:term":[{"taxonomy":"category","embeddable":true,"href":"https:\/\/www.europesays.com\/pl\/wp-json\/wp\/v2\/categories?post=667467"},{"taxonomy":"post_tag","embeddable":true,"href":"https:\/\/www.europesays.com\/pl\/wp-json\/wp\/v2\/tags?post=667467"}],"curies":[{"name":"wp","href":"https:\/\/api.w.org\/{rel}","templated":true}]}}