{"id":667469,"date":"2026-09-04T17:22:12","date_gmt":"2026-09-04T17:22:12","guid":{"rendered":"https:\/\/www.europesays.com\/pl\/667469\/"},"modified":"2026-09-04T17:22:12","modified_gmt":"2026-09-04T17:22:12","slug":"oficjalnie-slask-wroclaw-wzmocnil-atak-napastnik-z-dobrymi-liczbami","status":"publish","type":"post","link":"https:\/\/www.europesays.com\/pl\/667469\/","title":{"rendered":"Oficjalnie: \u015al\u0105sk Wroc\u0142aw wzmocni\u0142 atak. Napastnik z dobrymi liczbami"},"content":{"rendered":"<p>Nie\u00a0ulega\u0142o w\u0105tpliwo\u015bci, \u017ce\u00a0jedn\u0105 z\u00a0najpilniejszych potrzeb transferowych \u015al\u0105ska Wroc\u0142aw na\u00a0finiszu letniego okienka jest wzmocnienie ataku. Ta\u00a0luka zosta\u0142a wype\u0142niona.<\/p>\n<p>Nowym napastnikiem WKS-u jest 27-letni Ieltsin Camoes. Zosta\u0142 on\u00a0wypo\u017cyczony z\u00a0Tromsoe z\u00a0opcj\u0105 wykupu.<\/p>\n<p>\u015al\u0105sk Wroc\u0142aw wzmocni\u0142 atak. Ciekawy napastnik z\u00a0ligi norweskiej<\/p>\n<p>Camoes do\u015b\u0107 d\u0142ugo przebija\u0142 si\u0119 w\u00a0zawodowym futbolu, ale\u00a0gdy\u00a0ju\u017c mu\u00a0si\u0119 to\u00a0uda\u0142o, przewa\u017cnie dawa\u0142 konkrety. Najpierw przez\u00a0dwa sezony w\u00a0drugiej lidze szwedzkiej zdoby\u0142 dla IK Brage 22 bramki w\u00a056 meczach. Do\u0142o\u017cy\u0142 jeszcze cztery asysty.<\/p>\n<p>Zaowocowa\u0142o to\u00a0przej\u015bciem do\u00a0Tromsoe w\u00a0lutym ubieg\u0142ego roku. W\u00a0sezonie 2025 norweskiej ekstraklasy rozegra\u0142 on\u00a025 mecz\u00f3w, w\u00a0kt\u00f3rych\u00a0strzeli\u0142 13 goli i\u00a0cztery wypracowa\u0142.\u00a0<\/p>\n<p dir=\"ltr\" lang=\"pl\">Ieltsin Camoes pi\u0142karzem \u015al\u0105ska Wroc\u0142aw! \ud83c\uddee\ud83c\uddf9<\/p>\n<p>Wzmacniamy si\u0142\u0119 ra\u017cenia! Na\u00a0zasadzie wypo\u017cyczenia z\u00a0Tromso IL do\u0142\u0105cza do\u00a0nas 27-letni Ieltsin Camoes! Umowa napastnika zawiera opcj\u0119 transferu definitywnego.<\/p>\n<p>Powodzenia i\u00a0strzelaj jak najwi\u0119cej! <a href=\"https:\/\/x.com\/hashtag\/Camoes2027?src=hash&amp;ref_src=twsrc%5Etfw\" target=\"_blank\" rel=\"noopener noreferrer nofollow\">#Camoes2027<\/a> \u26bd\ufe0f <a href=\"https:\/\/t.co\/U64hrAaJ0v\" target=\"_blank\" rel=\"noopener noreferrer nofollow\">pic.twitter.com\/U64hrAaJ0v<\/a><\/p>\n<p>\u2014\u00a0\u015al\u0105sk Wroc\u0142aw (@SlaskWroclawPl) <a href=\"https:\/\/x.com\/SlaskWroclawPl\/status\/2095909795169468826?ref_src=twsrc%5Etfw\" target=\"_blank\" rel=\"noopener noreferrer nofollow\">September 4, 2026<\/a><\/p>\n<p>W\u00a0styczniu reprezentant Republiki Zielonego Przyl\u0105dka odszed\u0142 na\u00a0wypo\u017cyczenie do\u00a0egipskiego Al\u00a0Ahly. Tam si\u0119 nie\u00a0odnalaz\u0142, dlatego niedawno wr\u00f3ci\u0142 do\u00a0Tromsoe i\u00a0zn\u00f3w by\u0142 przydatny. W\u00a0trwaj\u0105cym sezonie Eliteserien w\u00a0czterech spotkaniach zaliczy\u0142 dwa trafienia i\u00a0jedn\u0105 asyst\u0119. Jeszcze 30 sierpnia wszed\u0142 na\u00a0kwadrans z\u00a0Sarpsborgiem, dlatego powinien by\u0107 od\u00a0razu gotowy do\u00a0gry.<\/p>\n<p>\u00a0\u2013 Camoes to\u00a0zawodnik, kt\u00f3rego\u00a0obserwowali\u015bmy od\u00a0d\u0142u\u017cszego czasu i\u00a0byli\u015bmy nim zainteresowani. To\u00a0du\u017ce wzmocnienie, zatem cieszymy si\u0119, \u017ce\u00a0jest ju\u017c z\u00a0nami. To\u00a0skuteczny napastnik, kt\u00f3ry\u00a0opr\u00f3cz strzelania goli wyr\u00f3\u017cnia si\u0119 przede wszystkim uniwersalno\u015bci\u0105, zwinno\u015bci\u0105, umiej\u0119tno\u015bci\u0105 gry ty\u0142em do\u00a0bramki i\u00a0skuteczno\u015bci\u0105 w\u00a0pojedynkach. Wierz\u0119, \u017ce\u00a0znacz\u0105co wzmocni nasz\u0105 si\u0142\u0119 ra\u017cenia \u2013 komentuje dyrektor sportowy \u015al\u0105ska, Rafa\u0142 Grodzicki.<\/p>\n<p>Jak ju\u017c wcze\u015bniej pisali\u015bmy za\u00a0chorwackimi mediami, WKS dopina tak\u017ce transfer prawego obro\u0144cy\/wahad\u0142owego Jana Jurceca z\u00a0Krywbasu Krzywy R\u00f3g.<\/p>\n<p>fot.\u00a0Newspix<\/p>\n<p>                    <script async src=\"https:\/\/platform.twitter.com\/widgets.js\" charset=\"utf-8\"><\/script><\/p>\n","protected":false},"excerpt":{"rendered":"Nie\u00a0ulega\u0142o w\u0105tpliwo\u015bci, \u017ce\u00a0jedn\u0105 z\u00a0najpilniejszych potrzeb transferowych \u015al\u0105ska Wroc\u0142aw na\u00a0finiszu letniego okienka jest wzmocnienie ataku. Ta\u00a0luka zosta\u0142a wype\u0142niona. Nowym&hellip;\n","protected":false},"author":2,"featured_media":667470,"comment_status":"","ping_status":"","sticky":false,"template":"","format":"standard","meta":{"footnotes":"","_share_on_mastodon":"0"},"categories":[51607],"tags":[129620,42,38,40,39,41,697,1853],"class_list":["post-667469","post","type-post","status-publish","format-standard","has-post-thumbnail","category-wroclaw","tag-ieltsin-camoes","tag-pl","tag-poland","tag-polish","tag-polska","tag-polski","tag-slask-wroclaw","tag-wroclaw"],"share_on_mastodon":{"url":"https:\/\/pubeurope.com\/@pl\/117213930575161478","error":""},"_links":{"self":[{"href":"https:\/\/www.europesays.com\/pl\/wp-json\/wp\/v2\/posts\/667469","targetHints":{"allow":["GET"]}}],"collection":[{"href":"https:\/\/www.europesays.com\/pl\/wp-json\/wp\/v2\/posts"}],"about":[{"href":"https:\/\/www.europesays.com\/pl\/wp-json\/wp\/v2\/types\/post"}],"author":[{"embeddable":true,"href":"https:\/\/www.europesays.com\/pl\/wp-json\/wp\/v2\/users\/2"}],"replies":[{"embeddable":true,"href":"https:\/\/www.europesays.com\/pl\/wp-json\/wp\/v2\/comments?post=667469"}],"version-history":[{"count":0,"href":"https:\/\/www.europesays.com\/pl\/wp-json\/wp\/v2\/posts\/667469\/revisions"}],"wp:featuredmedia":[{"embeddable":true,"href":"https:\/\/www.europesays.com\/pl\/wp-json\/wp\/v2\/media\/667470"}],"wp:attachment":[{"href":"https:\/\/www.europesays.com\/pl\/wp-json\/wp\/v2\/media?parent=667469"}],"wp:term":[{"taxonomy":"category","embeddable":true,"href":"https:\/\/www.europesays.com\/pl\/wp-json\/wp\/v2\/categories?post=667469"},{"taxonomy":"post_tag","embeddable":true,"href":"https:\/\/www.europesays.com\/pl\/wp-json\/wp\/v2\/tags?post=667469"}],"curies":[{"name":"wp","href":"https:\/\/api.w.org\/{rel}","templated":true}]}}