{"id":667471,"date":"2026-09-04T17:23:32","date_gmt":"2026-09-04T17:23:32","guid":{"rendered":"https:\/\/www.europesays.com\/pl\/667471\/"},"modified":"2026-09-04T17:23:32","modified_gmt":"2026-09-04T17:23:32","slug":"kogo-ludzie-morawieckiego-popra-w-krakowie-nagly-zwrot-akcji","status":"publish","type":"post","link":"https:\/\/www.europesays.com\/pl\/667471\/","title":{"rendered":"Kogo ludzie Morawieckiego popr\u0105 w Krakowie? Nag\u0142y zwrot akcji!"},"content":{"rendered":"<p data-v-01d4021f=\"\">Rozw\u00f3j Plus wstrzymuje poparcie dla Micha\u0142a Drewnickiego \u2013 kandydata PiS na prezydenta Krakowa. Grupa polityk\u00f3w, kt\u00f3rzy wraz z by\u0142ym premierem Mateuszem Morawieckim odeszli z PiS, maj\u0105 nieoficjalnie przyznawa\u0107,  \u017ce mog\u0105 poprze\u0107 niezale\u017cnego kandydata \u0141ukasza Giba\u0142\u0119 \u2013 opisuje WP. <\/p>\n<p data-v-01d4021f=\"\">Krak\u00f3w niebawem wybierze nowego prezydenta, poniewa\u017c mieszka\u0144cy zdecydowali w referendum z 24 maja o odwo\u0142aniu Aleksandra Miszalskiego.\u00a0<\/p>\n<p data-v-01d4021f=\"\">Termin zbierania podpis\u00f3w pod kandydaturami min\u0105\u0142 3 wrze\u015bnia i wiemy ju\u017c, \u017ce Micha\u0142 Drewnicki, kandydat PiS, zmierzy si\u0119 m.in. z Monik\u0105 Pi\u0105tkowsk\u0105 (KO), Bartoszem Boche\u0144czakiem (Konfederacja) oraz niezale\u017cnym kandydatem \u0141ukaszem Giba\u0142\u0105 (uznawanym za faworyta). Do niedawna Drewnicki m\u00f3g\u0142 by\u0107 spokojny o poparcie nie tylko ze strony PiS, ale i stowarzyszenia by\u0142ego premiera Mateusza Morawieckiego. Teraz jednak Rozw\u00f3j Plus wstrzyma\u0142 poparcie dla tego kandydata \u2013 pisze Micha\u0142 Wr\u00f3blewski na \u0142amach WP.<\/p>\n<p>Morawiecki: &#8222;Zobaczymy&#8221;<\/p>\n<p data-v-01d4021f=\"\">Nie oznacza to jednak, \u017ce \u201eRozwojowcy\u201d na pewno nie popr\u0105 Micha\u0142a Drewnickiego.<\/p>\n<p data-v-01d4021f=\"\">\u0141ukasz Kmita, jako jeden z naszych lider\u00f3w w Krakowie i Ma\u0142opolsce, zaproponowa\u0142 podpisanie siedmiu bardzo wa\u017cnych postulat\u00f3w dla mieszka\u0144c\u00f3w Krakowa. Zobaczymy, kto si\u0119 do nich pozytywnie odniesie. Wtedy b\u0119dziemy podejmowali decyzje<\/p>\n<p data-v-01d4021f=\"\">&#8211; powiedzia\u0142 dziennikarzowi pytany o t\u0119 spraw\u0119 Morawiecki.<\/p>\n<p data-v-01d4021f=\"\">Zastrzeg\u0142 przy tym, \u017ce decyzji o poparciu dla konkretnego kandydata wci\u0105\u017c jeszcze nie ma, poniewa\u017c stowarzyszenie jest dopiero \u201eu progu negocjacji z kandydatami\u201d.<\/p>\n<p>Poparcie dla Giba\u0142y?<\/p>\n<p data-v-01d4021f=\"\">Do niedawna mo\u017cliwo\u015b\u0107 poparcia Micha\u0142a Drewnickiego deklarowa\u0142 pose\u0142 \u0141ukasz Kmita, jeden z parlamentarzyst\u00f3w, kt\u00f3rzy zdecydowali si\u0119 wsp\u00f3\u0142tworzy\u0107 z by\u0142ym premierem Rozw\u00f3j Plus.<\/p>\n<p data-v-01d4021f=\"\">Teraz pose\u0142 Kmita na antenie Radia Wnet wskazuje jednak, \u017ce to Giba\u0142a &#8211; rywal Drewnickiego &#8211; ma &#8222;ciekawy program&#8221; i przyznaje, \u017ce &#8222;trzyma za niego kciuki&#8221;. Twierdzi te\u017c, \u017ce Giba\u0142a mo\u017ce wygra\u0107 ju\u017c w pierwszej turze wybor\u00f3w<\/p>\n<p data-v-01d4021f=\"\">&#8211; czytamy.<\/p>\n<p data-v-01d4021f=\"\">Z kolei PiS tego rodzaju wypowiedzi i dzia\u0142ania ocenia krytycznie. M\u00f3wi si\u0119 o \u201ewolcie\u201d lub nawet \u201ewrogim ge\u015bcie\u201d.<\/p>\n<p data-v-01d4021f=\"\">Roz\u0142amowcy brn\u0105 w chaos, nie wiadomo, o co im chodzi. Mieli podejmowa\u0107 decyzje na klubie, nic nie zdecydowali. A wcze\u015bniej popierali Micha\u0142a. Teraz wol\u0105 Giba\u0142\u0119. Wyborcy to widz\u0105 i oceni\u0105<\/p>\n<p data-v-01d4021f=\"\">&#8211; przekonuje polityk PiS z Krakowa.<\/p>\n<p data-v-01d4021f=\"\">Parlamentarzysta z kierownictwa partii wprost ocenia, \u017ce \u201eMorawiecki wspiera ob\u00f3z Tuska\u201d.<\/p>\n<p data-v-01d4021f=\"\">jj\/\u017ar. wPolityce.pl, za: WP<\/p>\n","protected":false},"excerpt":{"rendered":"Rozw\u00f3j Plus wstrzymuje poparcie dla Micha\u0142a Drewnickiego \u2013 kandydata PiS na prezydenta Krakowa. Grupa polityk\u00f3w, kt\u00f3rzy wraz z&hellip;\n","protected":false},"author":2,"featured_media":667472,"comment_status":"","ping_status":"","sticky":false,"template":"","format":"standard","meta":{"footnotes":"","_share_on_mastodon":"0"},"categories":[51606],"tags":[121116,88380,1304,127822,13347,72917,42,38,40,907,99789,4362,39,2462,41,1005,380,423,231,127821,123474,3654],"class_list":["post-667471","post","type-post","status-publish","format-standard","has-post-thumbnail","category-krakow","tag-analizy-polityczne","tag-komentarze-polityczne","tag-krakow","tag-kulisy-polityki","tag-opozycja","tag-partie-polityczne","tag-pl","tag-poland","tag-polish","tag-polityka","tag-polityka-krajowa","tag-polityka-zagraniczna","tag-polska","tag-polska-polityka","tag-polski","tag-prezydent","tag-rzad","tag-sejm","tag-sondaze","tag-wiadomosci-polityczne","tag-wpolityce-pl","tag-wybory"],"share_on_mastodon":{"url":"https:\/\/pubeurope.com\/@pl\/117213934829004739","error":""},"_links":{"self":[{"href":"https:\/\/www.europesays.com\/pl\/wp-json\/wp\/v2\/posts\/667471","targetHints":{"allow":["GET"]}}],"collection":[{"href":"https:\/\/www.europesays.com\/pl\/wp-json\/wp\/v2\/posts"}],"about":[{"href":"https:\/\/www.europesays.com\/pl\/wp-json\/wp\/v2\/types\/post"}],"author":[{"embeddable":true,"href":"https:\/\/www.europesays.com\/pl\/wp-json\/wp\/v2\/users\/2"}],"replies":[{"embeddable":true,"href":"https:\/\/www.europesays.com\/pl\/wp-json\/wp\/v2\/comments?post=667471"}],"version-history":[{"count":0,"href":"https:\/\/www.europesays.com\/pl\/wp-json\/wp\/v2\/posts\/667471\/revisions"}],"wp:featuredmedia":[{"embeddable":true,"href":"https:\/\/www.europesays.com\/pl\/wp-json\/wp\/v2\/media\/667472"}],"wp:attachment":[{"href":"https:\/\/www.europesays.com\/pl\/wp-json\/wp\/v2\/media?parent=667471"}],"wp:term":[{"taxonomy":"category","embeddable":true,"href":"https:\/\/www.europesays.com\/pl\/wp-json\/wp\/v2\/categories?post=667471"},{"taxonomy":"post_tag","embeddable":true,"href":"https:\/\/www.europesays.com\/pl\/wp-json\/wp\/v2\/tags?post=667471"}],"curies":[{"name":"wp","href":"https:\/\/api.w.org\/{rel}","templated":true}]}}