{"id":667479,"date":"2026-09-04T17:27:15","date_gmt":"2026-09-04T17:27:15","guid":{"rendered":"https:\/\/www.europesays.com\/pl\/667479\/"},"modified":"2026-09-04T17:27:15","modified_gmt":"2026-09-04T17:27:15","slug":"awantura-na-pokladzie-samolotu-do-warszawy-policja-46-latek-zatrzymany","status":"publish","type":"post","link":"https:\/\/www.europesays.com\/pl\/667479\/","title":{"rendered":"Awantura na pok\u0142adzie samolotu do Warszawy. Policja: 46-latek zatrzymany"},"content":{"rendered":"<p>Awantura na pok\u0142adzie samolotu. Nagranie obieg\u0142o sie\u0107, 46-latek zatrzymany<\/p>\n<p class=\"font-primary mb-8 text-lg leading-[1.55] [&amp;_a]:text-[#23437D] [&amp;_a]:underline [&amp;_a]:font-bold\">Policjanci z Komisariatu Policji Portu Lotniczego Warszawa Ok\u0119cie zatrzymali 46-letniego m\u0119\u017cczyzn\u0119, kt\u00f3ry mia\u0142 zachowywa\u0107 si\u0119 agresywnie wobec innych pasa\u017cer\u00f3w podczas lotu do Warszawy. M\u0119\u017cczyzna by\u0142 wulgarny i wszcz\u0105\u0142 awantur\u0119 na pok\u0142adzie samolotu. Jego zachowanie mog\u0142o mie\u0107 r\u00f3wnie\u017c charakter zniewa\u017cenia na tle narodowo\u015bciowym.<\/p>\n<p class=\"font-primary mb-8 text-lg leading-[1.55] [&amp;_a]:text-[#23437D] [&amp;_a]:underline [&amp;_a]:font-bold\">Wed\u0142ug relacji towarzysz\u0105cej opublikowanemu nagraniu zacz\u0105\u0142 obra\u017ca\u0107 podr\u00f3\u017cuj\u0105c\u0105 samolotem Ukraink\u0119.<\/p>\n<p class=\"font-primary mb-8 text-lg leading-[1.55] [&amp;_a]:text-[#23437D] [&amp;_a]:underline [&amp;_a]:font-bold\">Do incydentu dosz\u0142o po wyl\u0105dowaniu samolotu, gdy pasa\u017cerowie zacz\u0119li opuszcza\u0107 pok\u0142ad. Jak relacjonuje jedna z Ukrainek, gdy z kole\u017cank\u0105 przechodzi\u0142a w stron\u0119 wyj\u015bcia, jedna z pasa\u017cerek zwr\u00f3ci\u0142a im uwag\u0119.\u00a0Wkr\u00f3tce do sytuacji mia\u0142 w\u0142\u0105czy\u0107 si\u0119 m\u0119\u017cczyzna, kt\u00f3ry zacz\u0105\u0142 kierowa\u0107 pod ich adresem wulgarne s\u0142owa. Inny pasa\u017cer pr\u00f3bowa\u0142 go uspokoi\u0107. Wed\u0142ug relacji m\u0119\u017cczyzna mia\u0142 zagrozi\u0107 mu pobiciem, a chwil\u0119 p\u00f3\u017aniej dosz\u0142o mi\u0119dzy nimi do b\u00f3jki.<\/p>\n<p class=\"font-primary mb-8 text-lg leading-[1.55] [&amp;_a]:text-[#23437D] [&amp;_a]:underline [&amp;_a]:font-bold\">Nagranie przedstawiaj\u0105ce incydent trafi\u0142o do jednego z serwis\u00f3w spo\u0142eczno\u015bciowych. Mimo \u017ce policja nie otrzyma\u0142a formalnego zawiadomienia o mo\u017cliwo\u015bci pope\u0142nienia przest\u0119pstwa, funkcjonariusze zdecydowali si\u0119 natychmiast zaj\u0105\u0107 spraw\u0105.<\/p>\n<p>Policjanci ustalili to\u017csamo\u015b\u0107 pasa\u017cera<\/p>\n<p class=\"font-primary mb-8 text-lg leading-[1.55] [&amp;_a]:text-[#23437D] [&amp;_a]:underline [&amp;_a]:font-bold\">Spraw\u0105 zaj\u0119li si\u0119 kryminalni z komisariatu dzia\u0142aj\u0105cego na warszawskim lotnisku.\u00a0Ustalono, kim jest agresywny pasa\u017cer, a nast\u0119pnie namierzono miejsce jego pobytu.\u00a046-latek zosta\u0142 zatrzymany w pi\u0105tek po godzinie 15 na terenie warszawskiego Targ\u00f3wka. O jego zatrzymaniu poinformowa\u0142a na X, Komenda Sto\u0142eczna Policji w Warszawie.<\/p>\n<p class=\"font-primary mb-8 text-lg leading-[1.55] [&amp;_a]:text-[#23437D] [&amp;_a]:underline [&amp;_a]:font-bold\">&#8211; Jak sprawnie dzia\u0142a <a href=\"https:\/\/x.com\/PolskaPolicja\" rel=\"nofollow\">@PolskaPolicja<\/a>, przekona\u0142 si\u0119 sam agresor. Wczoraj zd\u0105\u017cy\u0142 wyl\u0105dowa\u0107, a dzi\u015b jest ju\u017c w r\u0119kach policjant\u00f3w &#8211; napisa\u0142a na X,\u00a0Karolina Ga\u0142ecka,\u00a0rzeczniczka prasowa MSWiA.<\/p>\n<p>Redakcja poleca<\/p>\n","protected":false},"excerpt":{"rendered":"Awantura na pok\u0142adzie samolotu. Nagranie obieg\u0142o sie\u0107, 46-latek zatrzymany Policjanci z Komisariatu Policji Portu Lotniczego Warszawa Ok\u0119cie zatrzymali&hellip;\n","protected":false},"author":2,"featured_media":667480,"comment_status":"","ping_status":"","sticky":false,"template":"","format":"standard","meta":{"footnotes":"","_share_on_mastodon":"0"},"categories":[51605],"tags":[42,38,414,40,39,41,435],"class_list":["post-667479","post","type-post","status-publish","format-standard","has-post-thumbnail","category-warszawa","tag-pl","tag-poland","tag-policja","tag-polish","tag-polska","tag-polski","tag-warszawa"],"share_on_mastodon":{"url":"https:\/\/pubeurope.com\/@pl\/117213950505120897","error":""},"_links":{"self":[{"href":"https:\/\/www.europesays.com\/pl\/wp-json\/wp\/v2\/posts\/667479","targetHints":{"allow":["GET"]}}],"collection":[{"href":"https:\/\/www.europesays.com\/pl\/wp-json\/wp\/v2\/posts"}],"about":[{"href":"https:\/\/www.europesays.com\/pl\/wp-json\/wp\/v2\/types\/post"}],"author":[{"embeddable":true,"href":"https:\/\/www.europesays.com\/pl\/wp-json\/wp\/v2\/users\/2"}],"replies":[{"embeddable":true,"href":"https:\/\/www.europesays.com\/pl\/wp-json\/wp\/v2\/comments?post=667479"}],"version-history":[{"count":0,"href":"https:\/\/www.europesays.com\/pl\/wp-json\/wp\/v2\/posts\/667479\/revisions"}],"wp:featuredmedia":[{"embeddable":true,"href":"https:\/\/www.europesays.com\/pl\/wp-json\/wp\/v2\/media\/667480"}],"wp:attachment":[{"href":"https:\/\/www.europesays.com\/pl\/wp-json\/wp\/v2\/media?parent=667479"}],"wp:term":[{"taxonomy":"category","embeddable":true,"href":"https:\/\/www.europesays.com\/pl\/wp-json\/wp\/v2\/categories?post=667479"},{"taxonomy":"post_tag","embeddable":true,"href":"https:\/\/www.europesays.com\/pl\/wp-json\/wp\/v2\/tags?post=667479"}],"curies":[{"name":"wp","href":"https:\/\/api.w.org\/{rel}","templated":true}]}}