{"id":667497,"date":"2026-09-04T17:37:12","date_gmt":"2026-09-04T17:37:12","guid":{"rendered":"https:\/\/www.europesays.com\/pl\/667497\/"},"modified":"2026-09-04T17:37:12","modified_gmt":"2026-09-04T17:37:12","slug":"prezydent-nawrocki-spotkal-sie-z-szefem-msz-indii","status":"publish","type":"post","link":"https:\/\/www.europesays.com\/pl\/667497\/","title":{"rendered":"Prezydent Nawrocki spotka\u0142 si\u0119 z szefem MSZ Indii"},"content":{"rendered":"\n<p>&#13;<br \/>\nWed\u0142ug komunikatu KPRP, w\u00a0spotkaniu, kt\u00f3re odby\u0142o si\u0119 w\u00a0pi\u0105tek (4 wrze\u015bnia) w\u00a0Pa\u0142acu Prezydenckim, uczestniczy\u0142a r\u00f3wnie\u017c towarzysz\u0105ca indyjskiemu ministrowi delegacja. &#13;\n<\/p>\n<p>&#13;<br \/>\nPrezydent i\u00a0szef indyjskiej dyplomacji om\u00f3wili perspektywy wzmacniania relacji mi\u0119dzy Polsk\u0105 a\u00a0Indiami oraz\u00a0najwa\u017cniejsze zagadnienia dotycz\u0105ce sytuacji mi\u0119dzynarodowej. &#13;\n<\/p>\n<p>&#13;<br \/>\nJednym z\u00a0temat\u00f3w rozm\u00f3w by\u0142 udzia\u0142 Polski w\u00a0pracach grupy G20. Polska uczestniczy w\u00a0pracach tego formatu, skupiaj\u0105cego najwi\u0119ksze gospodarki \u015bwiata, jako pa\u0144stwo zaproszone do\u00a0udzia\u0142u w\u00a0okre\u015blonych dzia\u0142aniach. &#13;\n<\/p>\n<p>Wsp\u00f3\u0142praca polsko-indyjska <\/p>\n<p>&#13;<br \/>\nW styczniu 2026\u00a0r. wicepremier i\u00a0minister spraw zagranicznych Rados\u0142aw Sikorski z\u0142o\u017cy\u0142 wizyt\u0119 w\u00a0Indiach, gdzie rozmawia\u0142 z\u00a0Jaishankarem m.in. o\u00a0bezpiecze\u0144stwie w\u00a0Europie i\u00a0Indo-Pacyfiku, wojnie Rosji przeciwko Ukrainie, wsp\u00f3\u0142pracy gospodarczej, technologiach oraz\u00a0obronno\u015bci. &#13;\n<\/p>\n<p>&#13;<br \/>\nIndie s\u0105 dla\u00a0Polski wa\u017cnym partnerem m.in. w\u00a0zakresie handlu, inwestycji i\u00a0nowych technologii. Strona polska wskazuje tak\u017ce na\u00a0mo\u017cliwo\u015bci rozwoju wsp\u00f3\u0142pracy w\u00a0sektorze obronnym oraz\u00a0w\u00a0obszarze nowoczesnych \u0142a\u0144cuch\u00f3w dostaw. &#13;\n<\/p>\n<p>&#13;<br \/>\nWed\u0142ug danych G\u0142\u00f3wnego Urz\u0119du Statystycznego za\u00a0rok 2025, Polska mia\u0142a w\u00a0handlu z\u00a0Indiami deficyt blisko 3\u00a0mld euro. Import z\u00a0Indii by\u0142 ponad trzykrotnie wi\u0119kszy od\u00a0polskiego eksportu. &#13;\n<\/p>\n<p>&#13;<br \/>\n   Czytaj te\u017c:<br \/><a href=\"https:\/\/dorzeczy.pl\/swiat\/936487\/modi-zaapelowal-do-putina-o-zakonczenie-wojny-na-ukrainie.html\" rel=\"follow nofollow noopener\" data-schema=\"DORZECZY\" data-image=\"https:\/\/img.dorzeczy.pl\/_thumb\/2b\/71\/7d08afd07274b6a8a7f0de8ab5fe.jpeg\" target=\"_blank\">Modi zaapelowa\u0142 do\u00a0Putina o\u00a0zako\u0144czenie wojny na\u00a0Ukrainie<\/a>&#13;<\/p>\n","protected":false},"excerpt":{"rendered":"&#13; Wed\u0142ug komunikatu KPRP, w\u00a0spotkaniu, kt\u00f3re odby\u0142o si\u0119 w\u00a0pi\u0105tek (4 wrze\u015bnia) w\u00a0Pa\u0142acu Prezydenckim, uczestniczy\u0142a r\u00f3wnie\u017c towarzysz\u0105ca indyjskiemu ministrowi&hellip;\n","protected":false},"author":2,"featured_media":667498,"comment_status":"","ping_status":"","sticky":false,"template":"","format":"standard","meta":{"footnotes":"","_share_on_mastodon":"0"},"categories":[62712],"tags":[1347,98,1103,40683,690,49,1162,1315,1005,80],"class_list":["post-667497","post","type-post","status-publish","format-standard","has-post-thumbnail","category-karol-nawrocki","tag-damian-cygan","tag-dorzeczy","tag-indie","tag-jaishankar","tag-karol-nawrocki","tag-kraj","tag-msz","tag-nawrocki","tag-prezydent","tag-swiat"],"share_on_mastodon":{"url":"https:\/\/pubeurope.com\/@pl\/117213989807288551","error":""},"_links":{"self":[{"href":"https:\/\/www.europesays.com\/pl\/wp-json\/wp\/v2\/posts\/667497","targetHints":{"allow":["GET"]}}],"collection":[{"href":"https:\/\/www.europesays.com\/pl\/wp-json\/wp\/v2\/posts"}],"about":[{"href":"https:\/\/www.europesays.com\/pl\/wp-json\/wp\/v2\/types\/post"}],"author":[{"embeddable":true,"href":"https:\/\/www.europesays.com\/pl\/wp-json\/wp\/v2\/users\/2"}],"replies":[{"embeddable":true,"href":"https:\/\/www.europesays.com\/pl\/wp-json\/wp\/v2\/comments?post=667497"}],"version-history":[{"count":0,"href":"https:\/\/www.europesays.com\/pl\/wp-json\/wp\/v2\/posts\/667497\/revisions"}],"wp:featuredmedia":[{"embeddable":true,"href":"https:\/\/www.europesays.com\/pl\/wp-json\/wp\/v2\/media\/667498"}],"wp:attachment":[{"href":"https:\/\/www.europesays.com\/pl\/wp-json\/wp\/v2\/media?parent=667497"}],"wp:term":[{"taxonomy":"category","embeddable":true,"href":"https:\/\/www.europesays.com\/pl\/wp-json\/wp\/v2\/categories?post=667497"},{"taxonomy":"post_tag","embeddable":true,"href":"https:\/\/www.europesays.com\/pl\/wp-json\/wp\/v2\/tags?post=667497"}],"curies":[{"name":"wp","href":"https:\/\/api.w.org\/{rel}","templated":true}]}}